{"id":268,"date":"2012-07-27T12:23:00","date_gmt":"2012-07-27T12:23:00","guid":{"rendered":"http:\/\/blog.hotelpalmeral.com\/?p=268"},"modified":"2012-07-27T12:23:00","modified_gmt":"2012-07-27T12:23:00","slug":"tiempo-en-benidorm-viernes-27-de-julio","status":"publish","type":"post","link":"https:\/\/hotelpalmeral.com\/fr\/tiempo-en-benidorm-viernes-27-de-julio\/","title":{"rendered":"Tiempo en Benidorm viernes 27 de julio"},"content":{"rendered":"<p>Hoy seguirmos cuando un d\u00eda raro despu\u00e9s de que ayer a \u00faltima hora de la tarde lloviera (sorprendente para ser Benidorm y julio).<br \/>Hace un d\u00eda con mucho calor. El termometro marca 31\u00baC. Sin embargo parece que hace m\u00e1s calor. Hay como un efecto calima.<br \/>El cielo est\u00e1 como con una especie de niebla, pero sin una nube importante.<br \/>El mar m\u00e1s tranquilo que ayer. Bandera amarilla. A\u00fan debemos de ir con cuidado!<\/p>\n<p>Deaseamos a todos que disfrut\u00e9is del fin de semana!<br \/>Un saludo<\/p>\n<p>Hotel El Palmeral, <a href=\"https:\/\/hotelpalmeral.com\/fr\/\">Hotel en la Playa de Benidorm<\/a><br \/><a href=\"https:\/\/hotelpalmeral.com\/fr\/\">www.hotelpalmeral.com<\/a><br \/>Telf.: 965 850 176<\/p>\n<div><a href=\"http:\/\/4.bp.blogspot.com\/-mvd04AaWKGM\/UBKH1RBwIQI\/AAAAAAAABwo\/7OesROHR8oU\/s1600\/logo+xmas.png\" imageanchor=\"1\"><img loading=\"lazy\" decoding=\"async\" border=\"0\" height=\"75\" src=\"http:\/\/4.bp.blogspot.com\/-mvd04AaWKGM\/UBKH1RBwIQI\/AAAAAAAABwo\/7OesROHR8oU\/s200\/logo+xmas.png\" width=\"200\"><\/a><\/div>\n<p><\/p>\n<div><a href=\"http:\/\/3.bp.blogspot.com\/-wRTOEiTlzM8\/UBKHyczINFI\/AAAAAAAABwg\/moRJdpCds2M\/s1600\/hotel+playa+benidorm.jpg\" imageanchor=\"1\"><img loading=\"lazy\" decoding=\"async\" border=\"0\" height=\"240\" src=\"http:\/\/3.bp.blogspot.com\/-wRTOEiTlzM8\/UBKHyczINFI\/AAAAAAAABwg\/moRJdpCds2M\/s320\/hotel+playa+benidorm.jpg\" width=\"320\"><\/a><\/div>\n<p><\/p>","protected":false},"excerpt":{"rendered":"<p>Hoy seguirmos cuando un d\u00eda raro despu\u00e9s de que ayer a \u00faltima hora de la tarde lloviera (sorprendente para ser Benidorm y julio).Hace un d\u00eda con mucho calor. El termometro marca 31\u00baC. Sin embargo parece que hace m\u00e1s calor. Hay como un efecto calima.El cielo est\u00e1 como con una especie de niebla, pero sin una [&hellip;]<\/p>\n","protected":false},"author":1,"featured_media":0,"comment_status":"open","ping_status":"open","sticky":false,"template":"","format":"standard","meta":{"inline_featured_image":false,"footnotes":""},"categories":[29],"tags":[],"class_list":["post-268","post","type-post","status-publish","format-standard","hentry","category-tiempo-en-benidorm"],"yoast_head":"<!-- This site is optimized with the Yoast SEO plugin v27.4 - https:\/\/yoast.com\/product\/yoast-seo-wordpress\/ -->\r\n<title>Tiempo en Benidorm viernes 27 de julio - Hotel El Palmeral<\/title>\r\n<meta name=\"robots\" content=\"index, follow, max-snippet:-1, max-image-preview:large, max-video-preview:-1\" \/>\r\n<link rel=\"canonical\" href=\"https:\/\/hotelpalmeral.com\/fr\/tiempo-en-benidorm-viernes-27-de-julio\/\" \/>\r\n<meta property=\"og:locale\" content=\"fr_FR\" \/>\r\n<meta property=\"og:type\" content=\"article\" \/>\r\n<meta property=\"og:title\" content=\"Tiempo en Benidorm viernes 27 de julio - Hotel El Palmeral\" \/>\r\n<meta property=\"og:description\" content=\"Hoy seguirmos cuando un d\u00eda raro despu\u00e9s de que ayer a \u00faltima hora de la tarde lloviera (sorprendente para ser Benidorm y julio).Hace un d\u00eda con mucho calor. El termometro marca 31\u00baC. Sin embargo parece que hace m\u00e1s calor. Hay como un efecto calima.El cielo est\u00e1 como con una especie de niebla, pero sin una [&hellip;]\" \/>\r\n<meta property=\"og:url\" content=\"https:\/\/hotelpalmeral.com\/fr\/tiempo-en-benidorm-viernes-27-de-julio\/\" \/>\r\n<meta property=\"og:site_name\" content=\"Hotel El Palmeral\" \/>\r\n<meta property=\"article:publisher\" content=\"https:\/\/www.facebook.com\/HotelPalmeralBenidorm\" \/>\r\n<meta property=\"article:published_time\" content=\"2012-07-27T12:23:00+00:00\" \/>\r\n<meta property=\"og:image\" content=\"http:\/\/4.bp.blogspot.com\/-mvd04AaWKGM\/UBKH1RBwIQI\/AAAAAAAABwo\/7OesROHR8oU\/s200\/logo+xmas.png\" \/>\r\n<meta name=\"author\" content=\"admin_palmeral\" \/>\r\n<meta name=\"twitter:card\" content=\"summary_large_image\" \/>\r\n<meta name=\"twitter:creator\" content=\"@hotelelpalmeral\" \/>\r\n<meta name=\"twitter:site\" content=\"@hotelelpalmeral\" \/>\r\n<meta name=\"twitter:label1\" content=\"\u00c9crit par\" \/>\n\t<meta name=\"twitter:data1\" content=\"admin_palmeral\" \/>\n\t<meta name=\"twitter:label2\" content=\"Dur\u00e9e de lecture estim\u00e9e\" \/>\n\t<meta name=\"twitter:data2\" content=\"1 minute\" \/>\r\n<script type=\"application\/ld+json\" class=\"yoast-schema-graph\">{\"@context\":\"https:\\\/\\\/schema.org\",\"@graph\":[{\"@type\":\"Article\",\"@id\":\"https:\\\/\\\/hotelpalmeral.com\\\/tiempo-en-benidorm-viernes-27-de-julio\\\/#article\",\"isPartOf\":{\"@id\":\"https:\\\/\\\/hotelpalmeral.com\\\/tiempo-en-benidorm-viernes-27-de-julio\\\/\"},\"author\":{\"name\":\"admin_palmeral\",\"@id\":\"https:\\\/\\\/hotelpalmeral.com\\\/#\\\/schema\\\/person\\\/c8066d1b13fdf1bac6d45a1394738ca6\"},\"headline\":\"Tiempo en Benidorm viernes 27 de julio\",\"datePublished\":\"2012-07-27T12:23:00+00:00\",\"mainEntityOfPage\":{\"@id\":\"https:\\\/\\\/hotelpalmeral.com\\\/tiempo-en-benidorm-viernes-27-de-julio\\\/\"},\"wordCount\":110,\"commentCount\":0,\"publisher\":{\"@id\":\"https:\\\/\\\/hotelpalmeral.com\\\/#organization\"},\"image\":{\"@id\":\"https:\\\/\\\/hotelpalmeral.com\\\/tiempo-en-benidorm-viernes-27-de-julio\\\/#primaryimage\"},\"thumbnailUrl\":\"http:\\\/\\\/4.bp.blogspot.com\\\/-mvd04AaWKGM\\\/UBKH1RBwIQI\\\/AAAAAAAABwo\\\/7OesROHR8oU\\\/s200\\\/logo+xmas.png\",\"articleSection\":[\"Tiempo en Benidorm\"],\"inLanguage\":\"fr-FR\",\"potentialAction\":[{\"@type\":\"CommentAction\",\"name\":\"Comment\",\"target\":[\"https:\\\/\\\/hotelpalmeral.com\\\/tiempo-en-benidorm-viernes-27-de-julio\\\/#respond\"]}]},{\"@type\":\"WebPage\",\"@id\":\"https:\\\/\\\/hotelpalmeral.com\\\/tiempo-en-benidorm-viernes-27-de-julio\\\/\",\"url\":\"https:\\\/\\\/hotelpalmeral.com\\\/tiempo-en-benidorm-viernes-27-de-julio\\\/\",\"name\":\"Tiempo en Benidorm viernes 27 de julio - Hotel El Palmeral\",\"isPartOf\":{\"@id\":\"https:\\\/\\\/hotelpalmeral.com\\\/#website\"},\"primaryImageOfPage\":{\"@id\":\"https:\\\/\\\/hotelpalmeral.com\\\/tiempo-en-benidorm-viernes-27-de-julio\\\/#primaryimage\"},\"image\":{\"@id\":\"https:\\\/\\\/hotelpalmeral.com\\\/tiempo-en-benidorm-viernes-27-de-julio\\\/#primaryimage\"},\"thumbnailUrl\":\"http:\\\/\\\/4.bp.blogspot.com\\\/-mvd04AaWKGM\\\/UBKH1RBwIQI\\\/AAAAAAAABwo\\\/7OesROHR8oU\\\/s200\\\/logo+xmas.png\",\"datePublished\":\"2012-07-27T12:23:00+00:00\",\"breadcrumb\":{\"@id\":\"https:\\\/\\\/hotelpalmeral.com\\\/tiempo-en-benidorm-viernes-27-de-julio\\\/#breadcrumb\"},\"inLanguage\":\"fr-FR\",\"potentialAction\":[{\"@type\":\"ReadAction\",\"target\":[\"https:\\\/\\\/hotelpalmeral.com\\\/tiempo-en-benidorm-viernes-27-de-julio\\\/\"]}]},{\"@type\":\"ImageObject\",\"inLanguage\":\"fr-FR\",\"@id\":\"https:\\\/\\\/hotelpalmeral.com\\\/tiempo-en-benidorm-viernes-27-de-julio\\\/#primaryimage\",\"url\":\"http:\\\/\\\/4.bp.blogspot.com\\\/-mvd04AaWKGM\\\/UBKH1RBwIQI\\\/AAAAAAAABwo\\\/7OesROHR8oU\\\/s200\\\/logo+xmas.png\",\"contentUrl\":\"http:\\\/\\\/4.bp.blogspot.com\\\/-mvd04AaWKGM\\\/UBKH1RBwIQI\\\/AAAAAAAABwo\\\/7OesROHR8oU\\\/s200\\\/logo+xmas.png\"},{\"@type\":\"BreadcrumbList\",\"@id\":\"https:\\\/\\\/hotelpalmeral.com\\\/tiempo-en-benidorm-viernes-27-de-julio\\\/#breadcrumb\",\"itemListElement\":[{\"@type\":\"ListItem\",\"position\":1,\"name\":\"Portada\",\"item\":\"https:\\\/\\\/hotelpalmeral.com\\\/\"},{\"@type\":\"ListItem\",\"position\":2,\"name\":\"Tiempo en Benidorm viernes 27 de julio\"}]},{\"@type\":\"WebSite\",\"@id\":\"https:\\\/\\\/hotelpalmeral.com\\\/#website\",\"url\":\"https:\\\/\\\/hotelpalmeral.com\\\/\",\"name\":\"Hotel El Palmeral\",\"description\":\"Hotel en Benidorm\",\"publisher\":{\"@id\":\"https:\\\/\\\/hotelpalmeral.com\\\/#organization\"},\"potentialAction\":[{\"@type\":\"SearchAction\",\"target\":{\"@type\":\"EntryPoint\",\"urlTemplate\":\"https:\\\/\\\/hotelpalmeral.com\\\/?s={search_term_string}\"},\"query-input\":{\"@type\":\"PropertyValueSpecification\",\"valueRequired\":true,\"valueName\":\"search_term_string\"}}],\"inLanguage\":\"fr-FR\"},{\"@type\":\"Organization\",\"@id\":\"https:\\\/\\\/hotelpalmeral.com\\\/#organization\",\"name\":\"Hotel El Palmeral\",\"url\":\"https:\\\/\\\/hotelpalmeral.com\\\/\",\"logo\":{\"@type\":\"ImageObject\",\"inLanguage\":\"fr-FR\",\"@id\":\"https:\\\/\\\/hotelpalmeral.com\\\/#\\\/schema\\\/logo\\\/image\\\/\",\"url\":\"https:\\\/\\\/hotelpalmeral.com\\\/wp-content\\\/uploads\\\/2023\\\/03\\\/Logo-footer.png\",\"contentUrl\":\"https:\\\/\\\/hotelpalmeral.com\\\/wp-content\\\/uploads\\\/2023\\\/03\\\/Logo-footer.png\",\"width\":229,\"height\":265,\"caption\":\"Hotel El Palmeral\"},\"image\":{\"@id\":\"https:\\\/\\\/hotelpalmeral.com\\\/#\\\/schema\\\/logo\\\/image\\\/\"},\"sameAs\":[\"https:\\\/\\\/www.facebook.com\\\/HotelPalmeralBenidorm\",\"https:\\\/\\\/x.com\\\/hotelelpalmeral\",\"https:\\\/\\\/www.instagram.com\\\/hotelpalmeralbenidorm\\\/\"]},{\"@type\":\"Person\",\"@id\":\"https:\\\/\\\/hotelpalmeral.com\\\/#\\\/schema\\\/person\\\/c8066d1b13fdf1bac6d45a1394738ca6\",\"name\":\"admin_palmeral\",\"image\":{\"@type\":\"ImageObject\",\"inLanguage\":\"fr-FR\",\"@id\":\"https:\\\/\\\/secure.gravatar.com\\\/avatar\\\/6b12524dda5bc713fd067188ac2e02862b3e463150f6095efe68cfd0e19d3b11?s=96&d=mm&r=g\",\"url\":\"https:\\\/\\\/secure.gravatar.com\\\/avatar\\\/6b12524dda5bc713fd067188ac2e02862b3e463150f6095efe68cfd0e19d3b11?s=96&d=mm&r=g\",\"contentUrl\":\"https:\\\/\\\/secure.gravatar.com\\\/avatar\\\/6b12524dda5bc713fd067188ac2e02862b3e463150f6095efe68cfd0e19d3b11?s=96&d=mm&r=g\",\"caption\":\"admin_palmeral\"},\"sameAs\":[\"http:\\\/\\\/hotelpalmeral.com\"],\"url\":\"https:\\\/\\\/hotelpalmeral.com\\\/fr\\\/author\\\/admin_palmeral\\\/\"}]}<\/script>\r\n<!-- \/ Yoast SEO plugin. -->","yoast_head_json":{"title":"Tiempo en Benidorm viernes 27 de julio - Hotel El Palmeral","robots":{"index":"index","follow":"follow","max-snippet":"max-snippet:-1","max-image-preview":"max-image-preview:large","max-video-preview":"max-video-preview:-1"},"canonical":"https:\/\/hotelpalmeral.com\/fr\/tiempo-en-benidorm-viernes-27-de-julio\/","og_locale":"fr_FR","og_type":"article","og_title":"Tiempo en Benidorm viernes 27 de julio - Hotel El Palmeral","og_description":"Hoy seguirmos cuando un d\u00eda raro despu\u00e9s de que ayer a \u00faltima hora de la tarde lloviera (sorprendente para ser Benidorm y julio).Hace un d\u00eda con mucho calor. El termometro marca 31\u00baC. Sin embargo parece que hace m\u00e1s calor. Hay como un efecto calima.El cielo est\u00e1 como con una especie de niebla, pero sin una [&hellip;]","og_url":"https:\/\/hotelpalmeral.com\/fr\/tiempo-en-benidorm-viernes-27-de-julio\/","og_site_name":"Hotel El Palmeral","article_publisher":"https:\/\/www.facebook.com\/HotelPalmeralBenidorm","article_published_time":"2012-07-27T12:23:00+00:00","og_image":[{"url":"http:\/\/4.bp.blogspot.com\/-mvd04AaWKGM\/UBKH1RBwIQI\/AAAAAAAABwo\/7OesROHR8oU\/s200\/logo+xmas.png","type":"","width":"","height":""}],"author":"admin_palmeral","twitter_card":"summary_large_image","twitter_creator":"@hotelelpalmeral","twitter_site":"@hotelelpalmeral","twitter_misc":{"\u00c9crit par":"admin_palmeral","Dur\u00e9e de lecture estim\u00e9e":"1 minute"},"schema":{"@context":"https:\/\/schema.org","@graph":[{"@type":"Article","@id":"https:\/\/hotelpalmeral.com\/tiempo-en-benidorm-viernes-27-de-julio\/#article","isPartOf":{"@id":"https:\/\/hotelpalmeral.com\/tiempo-en-benidorm-viernes-27-de-julio\/"},"author":{"name":"admin_palmeral","@id":"https:\/\/hotelpalmeral.com\/#\/schema\/person\/c8066d1b13fdf1bac6d45a1394738ca6"},"headline":"Tiempo en Benidorm viernes 27 de julio","datePublished":"2012-07-27T12:23:00+00:00","mainEntityOfPage":{"@id":"https:\/\/hotelpalmeral.com\/tiempo-en-benidorm-viernes-27-de-julio\/"},"wordCount":110,"commentCount":0,"publisher":{"@id":"https:\/\/hotelpalmeral.com\/#organization"},"image":{"@id":"https:\/\/hotelpalmeral.com\/tiempo-en-benidorm-viernes-27-de-julio\/#primaryimage"},"thumbnailUrl":"http:\/\/4.bp.blogspot.com\/-mvd04AaWKGM\/UBKH1RBwIQI\/AAAAAAAABwo\/7OesROHR8oU\/s200\/logo+xmas.png","articleSection":["Tiempo en Benidorm"],"inLanguage":"fr-FR","potentialAction":[{"@type":"CommentAction","name":"Comment","target":["https:\/\/hotelpalmeral.com\/tiempo-en-benidorm-viernes-27-de-julio\/#respond"]}]},{"@type":"WebPage","@id":"https:\/\/hotelpalmeral.com\/tiempo-en-benidorm-viernes-27-de-julio\/","url":"https:\/\/hotelpalmeral.com\/tiempo-en-benidorm-viernes-27-de-julio\/","name":"Tiempo en Benidorm viernes 27 de julio - Hotel El Palmeral","isPartOf":{"@id":"https:\/\/hotelpalmeral.com\/#website"},"primaryImageOfPage":{"@id":"https:\/\/hotelpalmeral.com\/tiempo-en-benidorm-viernes-27-de-julio\/#primaryimage"},"image":{"@id":"https:\/\/hotelpalmeral.com\/tiempo-en-benidorm-viernes-27-de-julio\/#primaryimage"},"thumbnailUrl":"http:\/\/4.bp.blogspot.com\/-mvd04AaWKGM\/UBKH1RBwIQI\/AAAAAAAABwo\/7OesROHR8oU\/s200\/logo+xmas.png","datePublished":"2012-07-27T12:23:00+00:00","breadcrumb":{"@id":"https:\/\/hotelpalmeral.com\/tiempo-en-benidorm-viernes-27-de-julio\/#breadcrumb"},"inLanguage":"fr-FR","potentialAction":[{"@type":"ReadAction","target":["https:\/\/hotelpalmeral.com\/tiempo-en-benidorm-viernes-27-de-julio\/"]}]},{"@type":"ImageObject","inLanguage":"fr-FR","@id":"https:\/\/hotelpalmeral.com\/tiempo-en-benidorm-viernes-27-de-julio\/#primaryimage","url":"http:\/\/4.bp.blogspot.com\/-mvd04AaWKGM\/UBKH1RBwIQI\/AAAAAAAABwo\/7OesROHR8oU\/s200\/logo+xmas.png","contentUrl":"http:\/\/4.bp.blogspot.com\/-mvd04AaWKGM\/UBKH1RBwIQI\/AAAAAAAABwo\/7OesROHR8oU\/s200\/logo+xmas.png"},{"@type":"BreadcrumbList","@id":"https:\/\/hotelpalmeral.com\/tiempo-en-benidorm-viernes-27-de-julio\/#breadcrumb","itemListElement":[{"@type":"ListItem","position":1,"name":"Portada","item":"https:\/\/hotelpalmeral.com\/"},{"@type":"ListItem","position":2,"name":"Tiempo en Benidorm viernes 27 de julio"}]},{"@type":"WebSite","@id":"https:\/\/hotelpalmeral.com\/#website","url":"https:\/\/hotelpalmeral.com\/","name":"Hotel El Palmeral","description":"Hotel en Benidorm","publisher":{"@id":"https:\/\/hotelpalmeral.com\/#organization"},"potentialAction":[{"@type":"SearchAction","target":{"@type":"EntryPoint","urlTemplate":"https:\/\/hotelpalmeral.com\/?s={search_term_string}"},"query-input":{"@type":"PropertyValueSpecification","valueRequired":true,"valueName":"search_term_string"}}],"inLanguage":"fr-FR"},{"@type":"Organization","@id":"https:\/\/hotelpalmeral.com\/#organization","name":"Hotel El Palmeral","url":"https:\/\/hotelpalmeral.com\/","logo":{"@type":"ImageObject","inLanguage":"fr-FR","@id":"https:\/\/hotelpalmeral.com\/#\/schema\/logo\/image\/","url":"https:\/\/hotelpalmeral.com\/wp-content\/uploads\/2023\/03\/Logo-footer.png","contentUrl":"https:\/\/hotelpalmeral.com\/wp-content\/uploads\/2023\/03\/Logo-footer.png","width":229,"height":265,"caption":"Hotel El Palmeral"},"image":{"@id":"https:\/\/hotelpalmeral.com\/#\/schema\/logo\/image\/"},"sameAs":["https:\/\/www.facebook.com\/HotelPalmeralBenidorm","https:\/\/x.com\/hotelelpalmeral","https:\/\/www.instagram.com\/hotelpalmeralbenidorm\/"]},{"@type":"Person","@id":"https:\/\/hotelpalmeral.com\/#\/schema\/person\/c8066d1b13fdf1bac6d45a1394738ca6","name":"admin_palmeral","image":{"@type":"ImageObject","inLanguage":"fr-FR","@id":"https:\/\/secure.gravatar.com\/avatar\/6b12524dda5bc713fd067188ac2e02862b3e463150f6095efe68cfd0e19d3b11?s=96&d=mm&r=g","url":"https:\/\/secure.gravatar.com\/avatar\/6b12524dda5bc713fd067188ac2e02862b3e463150f6095efe68cfd0e19d3b11?s=96&d=mm&r=g","contentUrl":"https:\/\/secure.gravatar.com\/avatar\/6b12524dda5bc713fd067188ac2e02862b3e463150f6095efe68cfd0e19d3b11?s=96&d=mm&r=g","caption":"admin_palmeral"},"sameAs":["http:\/\/hotelpalmeral.com"],"url":"https:\/\/hotelpalmeral.com\/fr\/author\/admin_palmeral\/"}]}},"_links":{"self":[{"href":"https:\/\/hotelpalmeral.com\/fr\/wp-json\/wp\/v2\/posts\/268","targetHints":{"allow":["GET"]}}],"collection":[{"href":"https:\/\/hotelpalmeral.com\/fr\/wp-json\/wp\/v2\/posts"}],"about":[{"href":"https:\/\/hotelpalmeral.com\/fr\/wp-json\/wp\/v2\/types\/post"}],"author":[{"embeddable":true,"href":"https:\/\/hotelpalmeral.com\/fr\/wp-json\/wp\/v2\/users\/1"}],"replies":[{"embeddable":true,"href":"https:\/\/hotelpalmeral.com\/fr\/wp-json\/wp\/v2\/comments?post=268"}],"version-history":[{"count":0,"href":"https:\/\/hotelpalmeral.com\/fr\/wp-json\/wp\/v2\/posts\/268\/revisions"}],"wp:attachment":[{"href":"https:\/\/hotelpalmeral.com\/fr\/wp-json\/wp\/v2\/media?parent=268"}],"wp:term":[{"taxonomy":"category","embeddable":true,"href":"https:\/\/hotelpalmeral.com\/fr\/wp-json\/wp\/v2\/categories?post=268"},{"taxonomy":"post_tag","embeddable":true,"href":"https:\/\/hotelpalmeral.com\/fr\/wp-json\/wp\/v2\/tags?post=268"}],"curies":[{"name":"wp","href":"https:\/\/api.w.org\/{rel}","templated":true}]}}