{"id":1992,"date":"2015-09-04T14:30:57","date_gmt":"2015-09-04T14:30:57","guid":{"rendered":"http:\/\/blog.hotelpalmeral.com\/?p=1416"},"modified":"2015-09-04T14:30:57","modified_gmt":"2015-09-04T14:30:57","slug":"informacion-practica-sobre-el-iberia-festival-2015","status":"publish","type":"post","link":"https:\/\/hotelpalmeral.com\/fr\/informacion-practica-sobre-el-iberia-festival-2015\/","title":{"rendered":"Informaci\u00f3n pr\u00e1ctica sobre el Iberia Festival 2015"},"content":{"rendered":"<p>El pr\u00f3ximo d\u00eda 5 de septiembre se celebra en la Plaza de Toros de Benidorm \u00abEl Iberia FEstival\u00bb uno de los mejores festivales de Pop &#8211; Rock Nacional.<\/p>\n<p>Los artistas que participar\u00e1n este a\u00f1o son los siguientes:<\/p>\n<ul>\n<li>ROSARIO<\/li>\n<li>ROSENDO<\/li>\n<li>ILEGALES<\/li>\n<li><strong>KIKO VENENO.<\/strong><\/li>\n<li><strong>LA UNION.<\/strong><\/li>\n<li><strong>LOS TOREROS MUERTO.<\/strong><\/li>\n<li><strong>SINIESTRO TOTAL.<\/strong><\/li>\n<\/ul>\n<p>Los precios de la venta de entradas anticipada es de 40 euros si se compra antes del 5 de Agosto, 44 euros si se compra entre el 6 y el 19 de agosto y de 49 euros si se compran entre el 20 de agosto y el 4 de septiembre.<\/p>\n<p>Se pueden comprar las entradas a trav\u00e9s de el Corte Ingl\u00e9s o llamando al 902 400 222. Para m\u00e1s informaci\u00f3n sobre el festival en www.iberiafestival.com o llamando al 687 385 622.<\/p>\n<p>Os deseamos un buen fin de semana<\/p>\n<p>Hotel El Palmeral<\/p>\n<p>&nbsp;<\/p>","protected":false},"excerpt":{"rendered":"<p>El pr\u00f3ximo d\u00eda 5 de septiembre se celebra en la Plaza de Toros de Benidorm \u00abEl Iberia FEstival\u00bb uno de los mejores festivales de Pop &#8211; Rock Nacional. Los artistas que participar\u00e1n este a\u00f1o son los siguientes: ROSARIO ROSENDO ILEGALES KIKO VENENO. LA UNION. LOS TOREROS MUERTO. SINIESTRO TOTAL. Los precios de la venta de [&hellip;]<\/p>\n","protected":false},"author":1,"featured_media":0,"comment_status":"open","ping_status":"open","sticky":false,"template":"","format":"standard","meta":{"inline_featured_image":false,"footnotes":""},"categories":[16],"tags":[],"class_list":["post-1992","post","type-post","status-publish","format-standard","hentry","category-agenda-cultural-y-de-ocio-de-benidorm"],"yoast_head":"<!-- This site is optimized with the Yoast SEO plugin v27.4 - https:\/\/yoast.com\/product\/yoast-seo-wordpress\/ -->\r\n<title>Informaci\u00f3n pr\u00e1ctica sobre el Iberia Festival 2015 - Hotel El Palmeral<\/title>\r\n<meta name=\"robots\" content=\"index, follow, max-snippet:-1, max-image-preview:large, max-video-preview:-1\" \/>\r\n<link rel=\"canonical\" href=\"http:\/\/hotelpalmeral.com\/fr\/informacion-practica-sobre-el-iberia-festival-2015\/\" \/>\r\n<meta property=\"og:locale\" content=\"fr_FR\" \/>\r\n<meta property=\"og:type\" content=\"article\" \/>\r\n<meta property=\"og:title\" content=\"Informaci\u00f3n pr\u00e1ctica sobre el Iberia Festival 2015 - Hotel El Palmeral\" \/>\r\n<meta property=\"og:description\" content=\"El pr\u00f3ximo d\u00eda 5 de septiembre se celebra en la Plaza de Toros de Benidorm \u00abEl Iberia FEstival\u00bb uno de los mejores festivales de Pop &#8211; Rock Nacional. Los artistas que participar\u00e1n este a\u00f1o son los siguientes: ROSARIO ROSENDO ILEGALES KIKO VENENO. LA UNION. LOS TOREROS MUERTO. SINIESTRO TOTAL. Los precios de la venta de [&hellip;]\" \/>\r\n<meta property=\"og:url\" content=\"http:\/\/hotelpalmeral.com\/fr\/informacion-practica-sobre-el-iberia-festival-2015\/\" \/>\r\n<meta property=\"og:site_name\" content=\"Hotel El Palmeral\" \/>\r\n<meta property=\"article:publisher\" content=\"https:\/\/www.facebook.com\/HotelPalmeralBenidorm\" \/>\r\n<meta property=\"article:published_time\" content=\"2015-09-04T14:30:57+00:00\" \/>\r\n<meta name=\"author\" content=\"admin_palmeral\" \/>\r\n<meta name=\"twitter:card\" content=\"summary_large_image\" \/>\r\n<meta name=\"twitter:creator\" content=\"@hotelelpalmeral\" \/>\r\n<meta name=\"twitter:site\" content=\"@hotelelpalmeral\" \/>\r\n<meta name=\"twitter:label1\" content=\"\u00c9crit par\" \/>\n\t<meta name=\"twitter:data1\" content=\"admin_palmeral\" \/>\n\t<meta name=\"twitter:label2\" content=\"Dur\u00e9e de lecture estim\u00e9e\" \/>\n\t<meta name=\"twitter:data2\" content=\"1 minute\" \/>\r\n<script type=\"application\/ld+json\" class=\"yoast-schema-graph\">{\"@context\":\"https:\\\/\\\/schema.org\",\"@graph\":[{\"@type\":\"Article\",\"@id\":\"http:\\\/\\\/hotelpalmeral.com\\\/fr\\\/informacion-practica-sobre-el-iberia-festival-2015\\\/#article\",\"isPartOf\":{\"@id\":\"http:\\\/\\\/hotelpalmeral.com\\\/fr\\\/informacion-practica-sobre-el-iberia-festival-2015\\\/\"},\"author\":{\"name\":\"admin_palmeral\",\"@id\":\"https:\\\/\\\/hotelpalmeral.com\\\/#\\\/schema\\\/person\\\/c8066d1b13fdf1bac6d45a1394738ca6\"},\"headline\":\"Informaci\u00f3n pr\u00e1ctica sobre el Iberia Festival 2015\",\"datePublished\":\"2015-09-04T14:30:57+00:00\",\"mainEntityOfPage\":{\"@id\":\"http:\\\/\\\/hotelpalmeral.com\\\/fr\\\/informacion-practica-sobre-el-iberia-festival-2015\\\/\"},\"wordCount\":144,\"commentCount\":0,\"publisher\":{\"@id\":\"https:\\\/\\\/hotelpalmeral.com\\\/#organization\"},\"articleSection\":[\"Agenda cultural y de ocio de Benidorm\"],\"inLanguage\":\"fr-FR\",\"potentialAction\":[{\"@type\":\"CommentAction\",\"name\":\"Comment\",\"target\":[\"http:\\\/\\\/hotelpalmeral.com\\\/fr\\\/informacion-practica-sobre-el-iberia-festival-2015\\\/#respond\"]}]},{\"@type\":\"WebPage\",\"@id\":\"http:\\\/\\\/hotelpalmeral.com\\\/fr\\\/informacion-practica-sobre-el-iberia-festival-2015\\\/\",\"url\":\"http:\\\/\\\/hotelpalmeral.com\\\/fr\\\/informacion-practica-sobre-el-iberia-festival-2015\\\/\",\"name\":\"Informaci\u00f3n pr\u00e1ctica sobre el Iberia Festival 2015 - Hotel El Palmeral\",\"isPartOf\":{\"@id\":\"https:\\\/\\\/hotelpalmeral.com\\\/#website\"},\"datePublished\":\"2015-09-04T14:30:57+00:00\",\"breadcrumb\":{\"@id\":\"http:\\\/\\\/hotelpalmeral.com\\\/fr\\\/informacion-practica-sobre-el-iberia-festival-2015\\\/#breadcrumb\"},\"inLanguage\":\"fr-FR\",\"potentialAction\":[{\"@type\":\"ReadAction\",\"target\":[\"http:\\\/\\\/hotelpalmeral.com\\\/fr\\\/informacion-practica-sobre-el-iberia-festival-2015\\\/\"]}]},{\"@type\":\"BreadcrumbList\",\"@id\":\"http:\\\/\\\/hotelpalmeral.com\\\/fr\\\/informacion-practica-sobre-el-iberia-festival-2015\\\/#breadcrumb\",\"itemListElement\":[{\"@type\":\"ListItem\",\"position\":1,\"name\":\"Portada\",\"item\":\"https:\\\/\\\/hotelpalmeral.com\\\/\"},{\"@type\":\"ListItem\",\"position\":2,\"name\":\"Informaci\u00f3n pr\u00e1ctica sobre el Iberia Festival 2015\"}]},{\"@type\":\"WebSite\",\"@id\":\"https:\\\/\\\/hotelpalmeral.com\\\/#website\",\"url\":\"https:\\\/\\\/hotelpalmeral.com\\\/\",\"name\":\"Hotel El Palmeral\",\"description\":\"Hotel en Benidorm\",\"publisher\":{\"@id\":\"https:\\\/\\\/hotelpalmeral.com\\\/#organization\"},\"potentialAction\":[{\"@type\":\"SearchAction\",\"target\":{\"@type\":\"EntryPoint\",\"urlTemplate\":\"https:\\\/\\\/hotelpalmeral.com\\\/?s={search_term_string}\"},\"query-input\":{\"@type\":\"PropertyValueSpecification\",\"valueRequired\":true,\"valueName\":\"search_term_string\"}}],\"inLanguage\":\"fr-FR\"},{\"@type\":\"Organization\",\"@id\":\"https:\\\/\\\/hotelpalmeral.com\\\/#organization\",\"name\":\"Hotel El Palmeral\",\"url\":\"https:\\\/\\\/hotelpalmeral.com\\\/\",\"logo\":{\"@type\":\"ImageObject\",\"inLanguage\":\"fr-FR\",\"@id\":\"https:\\\/\\\/hotelpalmeral.com\\\/#\\\/schema\\\/logo\\\/image\\\/\",\"url\":\"https:\\\/\\\/hotelpalmeral.com\\\/wp-content\\\/uploads\\\/2023\\\/03\\\/Logo-footer.png\",\"contentUrl\":\"https:\\\/\\\/hotelpalmeral.com\\\/wp-content\\\/uploads\\\/2023\\\/03\\\/Logo-footer.png\",\"width\":229,\"height\":265,\"caption\":\"Hotel El Palmeral\"},\"image\":{\"@id\":\"https:\\\/\\\/hotelpalmeral.com\\\/#\\\/schema\\\/logo\\\/image\\\/\"},\"sameAs\":[\"https:\\\/\\\/www.facebook.com\\\/HotelPalmeralBenidorm\",\"https:\\\/\\\/x.com\\\/hotelelpalmeral\",\"https:\\\/\\\/www.instagram.com\\\/hotelpalmeralbenidorm\\\/\"]},{\"@type\":\"Person\",\"@id\":\"https:\\\/\\\/hotelpalmeral.com\\\/#\\\/schema\\\/person\\\/c8066d1b13fdf1bac6d45a1394738ca6\",\"name\":\"admin_palmeral\",\"image\":{\"@type\":\"ImageObject\",\"inLanguage\":\"fr-FR\",\"@id\":\"https:\\\/\\\/secure.gravatar.com\\\/avatar\\\/6b12524dda5bc713fd067188ac2e02862b3e463150f6095efe68cfd0e19d3b11?s=96&d=mm&r=g\",\"url\":\"https:\\\/\\\/secure.gravatar.com\\\/avatar\\\/6b12524dda5bc713fd067188ac2e02862b3e463150f6095efe68cfd0e19d3b11?s=96&d=mm&r=g\",\"contentUrl\":\"https:\\\/\\\/secure.gravatar.com\\\/avatar\\\/6b12524dda5bc713fd067188ac2e02862b3e463150f6095efe68cfd0e19d3b11?s=96&d=mm&r=g\",\"caption\":\"admin_palmeral\"},\"sameAs\":[\"http:\\\/\\\/hotelpalmeral.com\"],\"url\":\"https:\\\/\\\/hotelpalmeral.com\\\/fr\\\/author\\\/admin_palmeral\\\/\"}]}<\/script>\r\n<!-- \/ Yoast SEO plugin. -->","yoast_head_json":{"title":"Informaci\u00f3n pr\u00e1ctica sobre el Iberia Festival 2015 - Hotel El Palmeral","robots":{"index":"index","follow":"follow","max-snippet":"max-snippet:-1","max-image-preview":"max-image-preview:large","max-video-preview":"max-video-preview:-1"},"canonical":"http:\/\/hotelpalmeral.com\/fr\/informacion-practica-sobre-el-iberia-festival-2015\/","og_locale":"fr_FR","og_type":"article","og_title":"Informaci\u00f3n pr\u00e1ctica sobre el Iberia Festival 2015 - Hotel El Palmeral","og_description":"El pr\u00f3ximo d\u00eda 5 de septiembre se celebra en la Plaza de Toros de Benidorm \u00abEl Iberia FEstival\u00bb uno de los mejores festivales de Pop &#8211; Rock Nacional. Los artistas que participar\u00e1n este a\u00f1o son los siguientes: ROSARIO ROSENDO ILEGALES KIKO VENENO. LA UNION. LOS TOREROS MUERTO. SINIESTRO TOTAL. Los precios de la venta de [&hellip;]","og_url":"http:\/\/hotelpalmeral.com\/fr\/informacion-practica-sobre-el-iberia-festival-2015\/","og_site_name":"Hotel El Palmeral","article_publisher":"https:\/\/www.facebook.com\/HotelPalmeralBenidorm","article_published_time":"2015-09-04T14:30:57+00:00","author":"admin_palmeral","twitter_card":"summary_large_image","twitter_creator":"@hotelelpalmeral","twitter_site":"@hotelelpalmeral","twitter_misc":{"\u00c9crit par":"admin_palmeral","Dur\u00e9e de lecture estim\u00e9e":"1 minute"},"schema":{"@context":"https:\/\/schema.org","@graph":[{"@type":"Article","@id":"http:\/\/hotelpalmeral.com\/fr\/informacion-practica-sobre-el-iberia-festival-2015\/#article","isPartOf":{"@id":"http:\/\/hotelpalmeral.com\/fr\/informacion-practica-sobre-el-iberia-festival-2015\/"},"author":{"name":"admin_palmeral","@id":"https:\/\/hotelpalmeral.com\/#\/schema\/person\/c8066d1b13fdf1bac6d45a1394738ca6"},"headline":"Informaci\u00f3n pr\u00e1ctica sobre el Iberia Festival 2015","datePublished":"2015-09-04T14:30:57+00:00","mainEntityOfPage":{"@id":"http:\/\/hotelpalmeral.com\/fr\/informacion-practica-sobre-el-iberia-festival-2015\/"},"wordCount":144,"commentCount":0,"publisher":{"@id":"https:\/\/hotelpalmeral.com\/#organization"},"articleSection":["Agenda cultural y de ocio de Benidorm"],"inLanguage":"fr-FR","potentialAction":[{"@type":"CommentAction","name":"Comment","target":["http:\/\/hotelpalmeral.com\/fr\/informacion-practica-sobre-el-iberia-festival-2015\/#respond"]}]},{"@type":"WebPage","@id":"http:\/\/hotelpalmeral.com\/fr\/informacion-practica-sobre-el-iberia-festival-2015\/","url":"http:\/\/hotelpalmeral.com\/fr\/informacion-practica-sobre-el-iberia-festival-2015\/","name":"Informaci\u00f3n pr\u00e1ctica sobre el Iberia Festival 2015 - Hotel El Palmeral","isPartOf":{"@id":"https:\/\/hotelpalmeral.com\/#website"},"datePublished":"2015-09-04T14:30:57+00:00","breadcrumb":{"@id":"http:\/\/hotelpalmeral.com\/fr\/informacion-practica-sobre-el-iberia-festival-2015\/#breadcrumb"},"inLanguage":"fr-FR","potentialAction":[{"@type":"ReadAction","target":["http:\/\/hotelpalmeral.com\/fr\/informacion-practica-sobre-el-iberia-festival-2015\/"]}]},{"@type":"BreadcrumbList","@id":"http:\/\/hotelpalmeral.com\/fr\/informacion-practica-sobre-el-iberia-festival-2015\/#breadcrumb","itemListElement":[{"@type":"ListItem","position":1,"name":"Portada","item":"https:\/\/hotelpalmeral.com\/"},{"@type":"ListItem","position":2,"name":"Informaci\u00f3n pr\u00e1ctica sobre el Iberia Festival 2015"}]},{"@type":"WebSite","@id":"https:\/\/hotelpalmeral.com\/#website","url":"https:\/\/hotelpalmeral.com\/","name":"Hotel El Palmeral","description":"Hotel en Benidorm","publisher":{"@id":"https:\/\/hotelpalmeral.com\/#organization"},"potentialAction":[{"@type":"SearchAction","target":{"@type":"EntryPoint","urlTemplate":"https:\/\/hotelpalmeral.com\/?s={search_term_string}"},"query-input":{"@type":"PropertyValueSpecification","valueRequired":true,"valueName":"search_term_string"}}],"inLanguage":"fr-FR"},{"@type":"Organization","@id":"https:\/\/hotelpalmeral.com\/#organization","name":"Hotel El Palmeral","url":"https:\/\/hotelpalmeral.com\/","logo":{"@type":"ImageObject","inLanguage":"fr-FR","@id":"https:\/\/hotelpalmeral.com\/#\/schema\/logo\/image\/","url":"https:\/\/hotelpalmeral.com\/wp-content\/uploads\/2023\/03\/Logo-footer.png","contentUrl":"https:\/\/hotelpalmeral.com\/wp-content\/uploads\/2023\/03\/Logo-footer.png","width":229,"height":265,"caption":"Hotel El Palmeral"},"image":{"@id":"https:\/\/hotelpalmeral.com\/#\/schema\/logo\/image\/"},"sameAs":["https:\/\/www.facebook.com\/HotelPalmeralBenidorm","https:\/\/x.com\/hotelelpalmeral","https:\/\/www.instagram.com\/hotelpalmeralbenidorm\/"]},{"@type":"Person","@id":"https:\/\/hotelpalmeral.com\/#\/schema\/person\/c8066d1b13fdf1bac6d45a1394738ca6","name":"admin_palmeral","image":{"@type":"ImageObject","inLanguage":"fr-FR","@id":"https:\/\/secure.gravatar.com\/avatar\/6b12524dda5bc713fd067188ac2e02862b3e463150f6095efe68cfd0e19d3b11?s=96&d=mm&r=g","url":"https:\/\/secure.gravatar.com\/avatar\/6b12524dda5bc713fd067188ac2e02862b3e463150f6095efe68cfd0e19d3b11?s=96&d=mm&r=g","contentUrl":"https:\/\/secure.gravatar.com\/avatar\/6b12524dda5bc713fd067188ac2e02862b3e463150f6095efe68cfd0e19d3b11?s=96&d=mm&r=g","caption":"admin_palmeral"},"sameAs":["http:\/\/hotelpalmeral.com"],"url":"https:\/\/hotelpalmeral.com\/fr\/author\/admin_palmeral\/"}]}},"_links":{"self":[{"href":"https:\/\/hotelpalmeral.com\/fr\/wp-json\/wp\/v2\/posts\/1992","targetHints":{"allow":["GET"]}}],"collection":[{"href":"https:\/\/hotelpalmeral.com\/fr\/wp-json\/wp\/v2\/posts"}],"about":[{"href":"https:\/\/hotelpalmeral.com\/fr\/wp-json\/wp\/v2\/types\/post"}],"author":[{"embeddable":true,"href":"https:\/\/hotelpalmeral.com\/fr\/wp-json\/wp\/v2\/users\/1"}],"replies":[{"embeddable":true,"href":"https:\/\/hotelpalmeral.com\/fr\/wp-json\/wp\/v2\/comments?post=1992"}],"version-history":[{"count":0,"href":"https:\/\/hotelpalmeral.com\/fr\/wp-json\/wp\/v2\/posts\/1992\/revisions"}],"wp:attachment":[{"href":"https:\/\/hotelpalmeral.com\/fr\/wp-json\/wp\/v2\/media?parent=1992"}],"wp:term":[{"taxonomy":"category","embeddable":true,"href":"https:\/\/hotelpalmeral.com\/fr\/wp-json\/wp\/v2\/categories?post=1992"},{"taxonomy":"post_tag","embeddable":true,"href":"https:\/\/hotelpalmeral.com\/fr\/wp-json\/wp\/v2\/tags?post=1992"}],"curies":[{"name":"wp","href":"https:\/\/api.w.org\/{rel}","templated":true}]}}