{"id":1438,"date":"2011-08-13T12:37:00","date_gmt":"2011-08-13T12:37:00","guid":{"rendered":"http:\/\/blog.hotelpalmeral.com\/?p=567"},"modified":"2011-08-13T12:37:00","modified_gmt":"2011-08-13T12:37:00","slug":"desarrollo-de-las-jornadas-de-la-etapa-1a-de-la-vuelat-ciclista-en-benidorm","status":"publish","type":"post","link":"https:\/\/hotelpalmeral.com\/fr\/desarrollo-de-las-jornadas-de-la-etapa-1a-de-la-vuelat-ciclista-en-benidorm\/","title":{"rendered":"Desarrollo de las jornadas de la Etapa 1\u00aa de la vuelat ciclista en Benidorm"},"content":{"rendered":"<p>VIERNES 19 DE AGOSTO. DESFILE INAUGURAL<\/p>\n<p>Tendr\u00e1 lugar el DESFILE INAUGURAL de la Vuelta que desplazar\u00e1 a todos los equipos y a la oferta tur\u00edstica de Benidorm desde el Parque de Elche hasta el final de la Avda. de la Armada Espa\u00f1ola en su confluencia con la Avda. del Murtal.<\/p>\n<p>Este desfile inaugural dar\u00e1 comienzo a las 18:00 horas y su hora de finalizaci\u00f3n prevista ser\u00e1n las 20:30. Dos horas antes de iniciar el recorrido, a las 16:00, se cerrar\u00e1n los accesos de tr\u00e1fico al mismo, desde el Parque de Elche hasta la Avda. del Murtal. Durante el desfile, se permitir\u00e1 el acceso y cruce a la playa para peatones en los puntos se\u00f1alizados por la Polic\u00eda.<\/p>\n<p>S\u00c1BADO 20 DE AGOSTO. ETAPA 1 BENIDORM-BENIDORM. CONTRARRELOJ INDIVIDUAL POR EQUIPOS<\/p>\n<p>El s\u00e1bado 20 de agosto se celebrar\u00e1 la primera etapa que saldr\u00e1 desde una plataforma instalada en la PLAYA DE PONIENTE a la altura de la Avda. del Murtal.<\/p>\n<p>Est\u00e1 previsto que el primer equipo tome la salida en la plataforma de la Playa de Poniente a las 17 horas y que la llegada a meta del \u00faltimo equipo sea a las 19 horas. La meta estar\u00e1 situada en la Avda. del Mediterr\u00e1neo, antes de la Plaza Triangular, en el carril m\u00e1s pr\u00f3ximo a la playa.<\/p>\n<p>EL CORTE DE TR\u00c1FICO DE TODO EL RECORRIDO AS\u00cd COMO DE LAS CALLES ADYACENTES SE REALIZAR\u00c1 A LAS 14 HORAS. A partir de esa hora, s\u00f3lo se permitir\u00e1 el acceso peatonal a la zona de la carrera, y se establecer\u00e1n desv\u00edos alternativos en los puntos de acceso para el tr\u00e1fico rodado.<\/p>\n<p>Se estima que a las 20 horas pueda estar el tr\u00e1fico completamente restablecido, salvo la zona de meta.<\/p>\n<p>ZONA DE META: Esta zona son los dos carriles m\u00e1s pr\u00f3ximos al mar desde la Avda. de Europa hasta la Plaza Triangular. Esta zona permanecer\u00e1 cerrada al tr\u00e1fico desde las 8 de la ma\u00f1ana del viernes 19 de agosto hasta la finalizaci\u00f3n y desmontaje en la noche del s\u00e1bado 20 de agosto.<\/p>\n<p>El tr\u00e1nsito de peatones hacia y desde la playa ser\u00e1 posible durante toda la carrera en los puntos establecidos por la Polic\u00eda Local, que dar\u00e1n paso a los peatones entre los pasos de equipo y equipo. El circuito estar\u00e1 vallado en su totalidad (en la zona urbana de Benidorm) para evitar accidentes.<\/p>\n<p>Esperamos ser de ayuda con toda esta informaci\u00f3n.<br \/>Si ten\u00e9is m\u00e1s preguntas, hacednoslas e intentaremos resolverlas.<br \/>Un saludo<\/p>\n<p>Hotel El Palmeral, <a href=\"https:\/\/hotelpalmeral.com\/fr\/\">Hotel Benidorm<\/a><br \/><a href=\"https:\/\/hotelpalmeral.com\/fr\/\">www.hotelpalmeral.com<\/a><br \/>Telf.: 965 850 176<\/p>","protected":false},"excerpt":{"rendered":"<p>VIERNES 19 DE AGOSTO. DESFILE INAUGURAL Tendr\u00e1 lugar el DESFILE INAUGURAL de la Vuelta que desplazar\u00e1 a todos los equipos y a la oferta tur\u00edstica de Benidorm desde el Parque de Elche hasta el final de la Avda. de la Armada Espa\u00f1ola en su confluencia con la Avda. del Murtal. Este desfile inaugural dar\u00e1 comienzo [&hellip;]<\/p>\n","protected":false},"author":1,"featured_media":0,"comment_status":"open","ping_status":"open","sticky":false,"template":"","format":"standard","meta":{"inline_featured_image":false,"footnotes":""},"categories":[16],"tags":[],"class_list":["post-1438","post","type-post","status-publish","format-standard","hentry","category-agenda-cultural-y-de-ocio-de-benidorm"],"yoast_head":"<!-- This site is optimized with the Yoast SEO plugin v27.5 - https:\/\/yoast.com\/product\/yoast-seo-wordpress\/ -->\r\n<title>Desarrollo de las jornadas de la Etapa 1\u00aa de la vuelat ciclista en Benidorm - Hotel El Palmeral<\/title>\r\n<meta name=\"robots\" content=\"index, follow, max-snippet:-1, max-image-preview:large, max-video-preview:-1\" \/>\r\n<link rel=\"canonical\" href=\"http:\/\/hotelpalmeral.com\/fr\/desarrollo-de-las-jornadas-de-la-etapa-1a-de-la-vuelat-ciclista-en-benidorm\/\" \/>\r\n<meta property=\"og:locale\" content=\"fr_FR\" \/>\r\n<meta property=\"og:type\" content=\"article\" \/>\r\n<meta property=\"og:title\" content=\"Desarrollo de las jornadas de la Etapa 1\u00aa de la vuelat ciclista en Benidorm - Hotel El Palmeral\" \/>\r\n<meta property=\"og:description\" content=\"VIERNES 19 DE AGOSTO. DESFILE INAUGURAL Tendr\u00e1 lugar el DESFILE INAUGURAL de la Vuelta que desplazar\u00e1 a todos los equipos y a la oferta tur\u00edstica de Benidorm desde el Parque de Elche hasta el final de la Avda. de la Armada Espa\u00f1ola en su confluencia con la Avda. del Murtal. Este desfile inaugural dar\u00e1 comienzo [&hellip;]\" \/>\r\n<meta property=\"og:url\" content=\"http:\/\/hotelpalmeral.com\/fr\/desarrollo-de-las-jornadas-de-la-etapa-1a-de-la-vuelat-ciclista-en-benidorm\/\" \/>\r\n<meta property=\"og:site_name\" content=\"Hotel El Palmeral\" \/>\r\n<meta property=\"article:publisher\" content=\"https:\/\/www.facebook.com\/HotelPalmeralBenidorm\" \/>\r\n<meta property=\"article:published_time\" content=\"2011-08-13T12:37:00+00:00\" \/>\r\n<meta name=\"author\" content=\"admin_palmeral\" \/>\r\n<meta name=\"twitter:card\" content=\"summary_large_image\" \/>\r\n<meta name=\"twitter:creator\" content=\"@hotelelpalmeral\" \/>\r\n<meta name=\"twitter:site\" content=\"@hotelelpalmeral\" \/>\r\n<meta name=\"twitter:label1\" content=\"\u00c9crit par\" \/>\n\t<meta name=\"twitter:data1\" content=\"admin_palmeral\" \/>\n\t<meta name=\"twitter:label2\" content=\"Dur\u00e9e de lecture estim\u00e9e\" \/>\n\t<meta name=\"twitter:data2\" content=\"2 minutes\" \/>\r\n<script type=\"application\/ld+json\" class=\"yoast-schema-graph\">{\"@context\":\"https:\\\/\\\/schema.org\",\"@graph\":[{\"@type\":\"Article\",\"@id\":\"http:\\\/\\\/hotelpalmeral.com\\\/de\\\/desarrollo-de-las-jornadas-de-la-etapa-1a-de-la-vuelat-ciclista-en-benidorm\\\/#article\",\"isPartOf\":{\"@id\":\"http:\\\/\\\/hotelpalmeral.com\\\/de\\\/desarrollo-de-las-jornadas-de-la-etapa-1a-de-la-vuelat-ciclista-en-benidorm\\\/\"},\"author\":{\"name\":\"admin_palmeral\",\"@id\":\"https:\\\/\\\/hotelpalmeral.com\\\/#\\\/schema\\\/person\\\/c8066d1b13fdf1bac6d45a1394738ca6\"},\"headline\":\"Desarrollo de las jornadas de la Etapa 1\u00aa de la vuelat ciclista en Benidorm\",\"datePublished\":\"2011-08-13T12:37:00+00:00\",\"mainEntityOfPage\":{\"@id\":\"http:\\\/\\\/hotelpalmeral.com\\\/de\\\/desarrollo-de-las-jornadas-de-la-etapa-1a-de-la-vuelat-ciclista-en-benidorm\\\/\"},\"wordCount\":444,\"commentCount\":0,\"publisher\":{\"@id\":\"https:\\\/\\\/hotelpalmeral.com\\\/#organization\"},\"articleSection\":[\"Agenda cultural y de ocio de Benidorm\"],\"inLanguage\":\"fr-FR\",\"potentialAction\":[{\"@type\":\"CommentAction\",\"name\":\"Comment\",\"target\":[\"http:\\\/\\\/hotelpalmeral.com\\\/de\\\/desarrollo-de-las-jornadas-de-la-etapa-1a-de-la-vuelat-ciclista-en-benidorm\\\/#respond\"]}]},{\"@type\":\"WebPage\",\"@id\":\"http:\\\/\\\/hotelpalmeral.com\\\/de\\\/desarrollo-de-las-jornadas-de-la-etapa-1a-de-la-vuelat-ciclista-en-benidorm\\\/\",\"url\":\"http:\\\/\\\/hotelpalmeral.com\\\/de\\\/desarrollo-de-las-jornadas-de-la-etapa-1a-de-la-vuelat-ciclista-en-benidorm\\\/\",\"name\":\"Desarrollo de las jornadas de la Etapa 1\u00aa de la vuelat ciclista en Benidorm - Hotel El Palmeral\",\"isPartOf\":{\"@id\":\"https:\\\/\\\/hotelpalmeral.com\\\/#website\"},\"datePublished\":\"2011-08-13T12:37:00+00:00\",\"breadcrumb\":{\"@id\":\"http:\\\/\\\/hotelpalmeral.com\\\/de\\\/desarrollo-de-las-jornadas-de-la-etapa-1a-de-la-vuelat-ciclista-en-benidorm\\\/#breadcrumb\"},\"inLanguage\":\"fr-FR\",\"potentialAction\":[{\"@type\":\"ReadAction\",\"target\":[\"http:\\\/\\\/hotelpalmeral.com\\\/de\\\/desarrollo-de-las-jornadas-de-la-etapa-1a-de-la-vuelat-ciclista-en-benidorm\\\/\"]}]},{\"@type\":\"BreadcrumbList\",\"@id\":\"http:\\\/\\\/hotelpalmeral.com\\\/de\\\/desarrollo-de-las-jornadas-de-la-etapa-1a-de-la-vuelat-ciclista-en-benidorm\\\/#breadcrumb\",\"itemListElement\":[{\"@type\":\"ListItem\",\"position\":1,\"name\":\"Portada\",\"item\":\"https:\\\/\\\/hotelpalmeral.com\\\/\"},{\"@type\":\"ListItem\",\"position\":2,\"name\":\"Desarrollo de las jornadas de la Etapa 1\u00aa de la vuelat ciclista en Benidorm\"}]},{\"@type\":\"WebSite\",\"@id\":\"https:\\\/\\\/hotelpalmeral.com\\\/#website\",\"url\":\"https:\\\/\\\/hotelpalmeral.com\\\/\",\"name\":\"Hotel El Palmeral\",\"description\":\"Hotel en Benidorm\",\"publisher\":{\"@id\":\"https:\\\/\\\/hotelpalmeral.com\\\/#organization\"},\"potentialAction\":[{\"@type\":\"SearchAction\",\"target\":{\"@type\":\"EntryPoint\",\"urlTemplate\":\"https:\\\/\\\/hotelpalmeral.com\\\/?s={search_term_string}\"},\"query-input\":{\"@type\":\"PropertyValueSpecification\",\"valueRequired\":true,\"valueName\":\"search_term_string\"}}],\"inLanguage\":\"fr-FR\"},{\"@type\":\"Organization\",\"@id\":\"https:\\\/\\\/hotelpalmeral.com\\\/#organization\",\"name\":\"Hotel El Palmeral\",\"url\":\"https:\\\/\\\/hotelpalmeral.com\\\/\",\"logo\":{\"@type\":\"ImageObject\",\"inLanguage\":\"fr-FR\",\"@id\":\"https:\\\/\\\/hotelpalmeral.com\\\/#\\\/schema\\\/logo\\\/image\\\/\",\"url\":\"https:\\\/\\\/hotelpalmeral.com\\\/wp-content\\\/uploads\\\/2023\\\/03\\\/Logo-footer.png\",\"contentUrl\":\"https:\\\/\\\/hotelpalmeral.com\\\/wp-content\\\/uploads\\\/2023\\\/03\\\/Logo-footer.png\",\"width\":229,\"height\":265,\"caption\":\"Hotel El Palmeral\"},\"image\":{\"@id\":\"https:\\\/\\\/hotelpalmeral.com\\\/#\\\/schema\\\/logo\\\/image\\\/\"},\"sameAs\":[\"https:\\\/\\\/www.facebook.com\\\/HotelPalmeralBenidorm\",\"https:\\\/\\\/x.com\\\/hotelelpalmeral\",\"https:\\\/\\\/www.instagram.com\\\/hotelpalmeralbenidorm\\\/\"]},{\"@type\":\"Person\",\"@id\":\"https:\\\/\\\/hotelpalmeral.com\\\/#\\\/schema\\\/person\\\/c8066d1b13fdf1bac6d45a1394738ca6\",\"name\":\"admin_palmeral\",\"image\":{\"@type\":\"ImageObject\",\"inLanguage\":\"fr-FR\",\"@id\":\"https:\\\/\\\/secure.gravatar.com\\\/avatar\\\/6b12524dda5bc713fd067188ac2e02862b3e463150f6095efe68cfd0e19d3b11?s=96&d=mm&r=g\",\"url\":\"https:\\\/\\\/secure.gravatar.com\\\/avatar\\\/6b12524dda5bc713fd067188ac2e02862b3e463150f6095efe68cfd0e19d3b11?s=96&d=mm&r=g\",\"contentUrl\":\"https:\\\/\\\/secure.gravatar.com\\\/avatar\\\/6b12524dda5bc713fd067188ac2e02862b3e463150f6095efe68cfd0e19d3b11?s=96&d=mm&r=g\",\"caption\":\"admin_palmeral\"},\"sameAs\":[\"http:\\\/\\\/hotelpalmeral.com\"],\"url\":\"https:\\\/\\\/hotelpalmeral.com\\\/fr\\\/author\\\/admin_palmeral\\\/\"}]}<\/script>\r\n<!-- \/ Yoast SEO plugin. -->","yoast_head_json":{"title":"Desarrollo de las jornadas de la Etapa 1\u00aa de la vuelat ciclista en Benidorm - Hotel El Palmeral","robots":{"index":"index","follow":"follow","max-snippet":"max-snippet:-1","max-image-preview":"max-image-preview:large","max-video-preview":"max-video-preview:-1"},"canonical":"http:\/\/hotelpalmeral.com\/fr\/desarrollo-de-las-jornadas-de-la-etapa-1a-de-la-vuelat-ciclista-en-benidorm\/","og_locale":"fr_FR","og_type":"article","og_title":"Desarrollo de las jornadas de la Etapa 1\u00aa de la vuelat ciclista en Benidorm - Hotel El Palmeral","og_description":"VIERNES 19 DE AGOSTO. DESFILE INAUGURAL Tendr\u00e1 lugar el DESFILE INAUGURAL de la Vuelta que desplazar\u00e1 a todos los equipos y a la oferta tur\u00edstica de Benidorm desde el Parque de Elche hasta el final de la Avda. de la Armada Espa\u00f1ola en su confluencia con la Avda. del Murtal. Este desfile inaugural dar\u00e1 comienzo [&hellip;]","og_url":"http:\/\/hotelpalmeral.com\/fr\/desarrollo-de-las-jornadas-de-la-etapa-1a-de-la-vuelat-ciclista-en-benidorm\/","og_site_name":"Hotel El Palmeral","article_publisher":"https:\/\/www.facebook.com\/HotelPalmeralBenidorm","article_published_time":"2011-08-13T12:37:00+00:00","author":"admin_palmeral","twitter_card":"summary_large_image","twitter_creator":"@hotelelpalmeral","twitter_site":"@hotelelpalmeral","twitter_misc":{"\u00c9crit par":"admin_palmeral","Dur\u00e9e de lecture estim\u00e9e":"2 minutes"},"schema":{"@context":"https:\/\/schema.org","@graph":[{"@type":"Article","@id":"http:\/\/hotelpalmeral.com\/de\/desarrollo-de-las-jornadas-de-la-etapa-1a-de-la-vuelat-ciclista-en-benidorm\/#article","isPartOf":{"@id":"http:\/\/hotelpalmeral.com\/de\/desarrollo-de-las-jornadas-de-la-etapa-1a-de-la-vuelat-ciclista-en-benidorm\/"},"author":{"name":"admin_palmeral","@id":"https:\/\/hotelpalmeral.com\/#\/schema\/person\/c8066d1b13fdf1bac6d45a1394738ca6"},"headline":"Desarrollo de las jornadas de la Etapa 1\u00aa de la vuelat ciclista en Benidorm","datePublished":"2011-08-13T12:37:00+00:00","mainEntityOfPage":{"@id":"http:\/\/hotelpalmeral.com\/de\/desarrollo-de-las-jornadas-de-la-etapa-1a-de-la-vuelat-ciclista-en-benidorm\/"},"wordCount":444,"commentCount":0,"publisher":{"@id":"https:\/\/hotelpalmeral.com\/#organization"},"articleSection":["Agenda cultural y de ocio de Benidorm"],"inLanguage":"fr-FR","potentialAction":[{"@type":"CommentAction","name":"Comment","target":["http:\/\/hotelpalmeral.com\/de\/desarrollo-de-las-jornadas-de-la-etapa-1a-de-la-vuelat-ciclista-en-benidorm\/#respond"]}]},{"@type":"WebPage","@id":"http:\/\/hotelpalmeral.com\/de\/desarrollo-de-las-jornadas-de-la-etapa-1a-de-la-vuelat-ciclista-en-benidorm\/","url":"http:\/\/hotelpalmeral.com\/de\/desarrollo-de-las-jornadas-de-la-etapa-1a-de-la-vuelat-ciclista-en-benidorm\/","name":"Desarrollo de las jornadas de la Etapa 1\u00aa de la vuelat ciclista en Benidorm - Hotel El Palmeral","isPartOf":{"@id":"https:\/\/hotelpalmeral.com\/#website"},"datePublished":"2011-08-13T12:37:00+00:00","breadcrumb":{"@id":"http:\/\/hotelpalmeral.com\/de\/desarrollo-de-las-jornadas-de-la-etapa-1a-de-la-vuelat-ciclista-en-benidorm\/#breadcrumb"},"inLanguage":"fr-FR","potentialAction":[{"@type":"ReadAction","target":["http:\/\/hotelpalmeral.com\/de\/desarrollo-de-las-jornadas-de-la-etapa-1a-de-la-vuelat-ciclista-en-benidorm\/"]}]},{"@type":"BreadcrumbList","@id":"http:\/\/hotelpalmeral.com\/de\/desarrollo-de-las-jornadas-de-la-etapa-1a-de-la-vuelat-ciclista-en-benidorm\/#breadcrumb","itemListElement":[{"@type":"ListItem","position":1,"name":"Portada","item":"https:\/\/hotelpalmeral.com\/"},{"@type":"ListItem","position":2,"name":"Desarrollo de las jornadas de la Etapa 1\u00aa de la vuelat ciclista en Benidorm"}]},{"@type":"WebSite","@id":"https:\/\/hotelpalmeral.com\/#website","url":"https:\/\/hotelpalmeral.com\/","name":"Hotel El Palmeral","description":"Hotel en Benidorm","publisher":{"@id":"https:\/\/hotelpalmeral.com\/#organization"},"potentialAction":[{"@type":"SearchAction","target":{"@type":"EntryPoint","urlTemplate":"https:\/\/hotelpalmeral.com\/?s={search_term_string}"},"query-input":{"@type":"PropertyValueSpecification","valueRequired":true,"valueName":"search_term_string"}}],"inLanguage":"fr-FR"},{"@type":"Organization","@id":"https:\/\/hotelpalmeral.com\/#organization","name":"Hotel El Palmeral","url":"https:\/\/hotelpalmeral.com\/","logo":{"@type":"ImageObject","inLanguage":"fr-FR","@id":"https:\/\/hotelpalmeral.com\/#\/schema\/logo\/image\/","url":"https:\/\/hotelpalmeral.com\/wp-content\/uploads\/2023\/03\/Logo-footer.png","contentUrl":"https:\/\/hotelpalmeral.com\/wp-content\/uploads\/2023\/03\/Logo-footer.png","width":229,"height":265,"caption":"Hotel El Palmeral"},"image":{"@id":"https:\/\/hotelpalmeral.com\/#\/schema\/logo\/image\/"},"sameAs":["https:\/\/www.facebook.com\/HotelPalmeralBenidorm","https:\/\/x.com\/hotelelpalmeral","https:\/\/www.instagram.com\/hotelpalmeralbenidorm\/"]},{"@type":"Person","@id":"https:\/\/hotelpalmeral.com\/#\/schema\/person\/c8066d1b13fdf1bac6d45a1394738ca6","name":"admin_palmeral","image":{"@type":"ImageObject","inLanguage":"fr-FR","@id":"https:\/\/secure.gravatar.com\/avatar\/6b12524dda5bc713fd067188ac2e02862b3e463150f6095efe68cfd0e19d3b11?s=96&d=mm&r=g","url":"https:\/\/secure.gravatar.com\/avatar\/6b12524dda5bc713fd067188ac2e02862b3e463150f6095efe68cfd0e19d3b11?s=96&d=mm&r=g","contentUrl":"https:\/\/secure.gravatar.com\/avatar\/6b12524dda5bc713fd067188ac2e02862b3e463150f6095efe68cfd0e19d3b11?s=96&d=mm&r=g","caption":"admin_palmeral"},"sameAs":["http:\/\/hotelpalmeral.com"],"url":"https:\/\/hotelpalmeral.com\/fr\/author\/admin_palmeral\/"}]}},"_links":{"self":[{"href":"https:\/\/hotelpalmeral.com\/fr\/wp-json\/wp\/v2\/posts\/1438","targetHints":{"allow":["GET"]}}],"collection":[{"href":"https:\/\/hotelpalmeral.com\/fr\/wp-json\/wp\/v2\/posts"}],"about":[{"href":"https:\/\/hotelpalmeral.com\/fr\/wp-json\/wp\/v2\/types\/post"}],"author":[{"embeddable":true,"href":"https:\/\/hotelpalmeral.com\/fr\/wp-json\/wp\/v2\/users\/1"}],"replies":[{"embeddable":true,"href":"https:\/\/hotelpalmeral.com\/fr\/wp-json\/wp\/v2\/comments?post=1438"}],"version-history":[{"count":0,"href":"https:\/\/hotelpalmeral.com\/fr\/wp-json\/wp\/v2\/posts\/1438\/revisions"}],"wp:attachment":[{"href":"https:\/\/hotelpalmeral.com\/fr\/wp-json\/wp\/v2\/media?parent=1438"}],"wp:term":[{"taxonomy":"category","embeddable":true,"href":"https:\/\/hotelpalmeral.com\/fr\/wp-json\/wp\/v2\/categories?post=1438"},{"taxonomy":"post_tag","embeddable":true,"href":"https:\/\/hotelpalmeral.com\/fr\/wp-json\/wp\/v2\/tags?post=1438"}],"curies":[{"name":"wp","href":"https:\/\/api.w.org\/{rel}","templated":true}]}}