{"id":1404,"date":"2011-07-15T10:58:00","date_gmt":"2011-07-15T10:58:00","guid":{"rendered":"http:\/\/blog.hotelpalmeral.com\/?p=609"},"modified":"2011-07-15T10:58:00","modified_gmt":"2011-07-15T10:58:00","slug":"tiempo-en-bneidorm-hoy-viernes-15-de-julio","status":"publish","type":"post","link":"https:\/\/hotelpalmeral.com\/fr\/tiempo-en-bneidorm-hoy-viernes-15-de-julio\/","title":{"rendered":"Tiempo en Bneidorm hoy viernes 15 de julio"},"content":{"rendered":"<p>Qu\u00e9 tiempo hace en Benidorm hoy viernes 15 de julio?<br \/>Hoy hace un d\u00f1ia fant\u00e1stico.<br \/>El termometro marca 17 \u00baC\u00a0 pero yo creo que hace algo m\u00e1s. Aunque la brisa del mar hace muy agradable la temperatura. A\u00fan as\u00ed hace calor.<br \/>Esta madrugada llovi\u00f3 un poco por eso pod\u00e9is ver, en la foto,\u00a0 la arena mojada de la playa. Sin embargo, hoy hace un d\u00eda t\u00edpico de verano.<br \/>Un saludo<\/p>\n<p>Hotel El Palmeral, <a href=\"https:\/\/hotelpalmeral.com\/fr\/\">Hotel Benidorm<\/a><br \/><a href=\"https:\/\/hotelpalmeral.com\/fr\/\">www.hotelpalmeral.com<\/a><br \/>Telf.: 965 850 176<\/p>\n<div><a href=\"http:\/\/1.bp.blogspot.com\/-3yTpyUC3c7I\/TiAdGWHrmbI\/AAAAAAAAA7I\/KKtqjbIHRnE\/s1600\/hotel+playa+benidorm.jpg\" imageanchor=\"1\"><img loading=\"lazy\" decoding=\"async\" border=\"0\" height=\"480\" src=\"http:\/\/1.bp.blogspot.com\/-3yTpyUC3c7I\/TiAdGWHrmbI\/AAAAAAAAA7I\/KKtqjbIHRnE\/s640\/hotel+playa+benidorm.jpg\" width=\"640\"><\/a><\/div>","protected":false},"excerpt":{"rendered":"<p>Qu\u00e9 tiempo hace en Benidorm hoy viernes 15 de julio?Hoy hace un d\u00f1ia fant\u00e1stico.El termometro marca 17 \u00baC\u00a0 pero yo creo que hace algo m\u00e1s. Aunque la brisa del mar hace muy agradable la temperatura. A\u00fan as\u00ed hace calor.Esta madrugada llovi\u00f3 un poco por eso pod\u00e9is ver, en la foto,\u00a0 la arena mojada de la [&hellip;]<\/p>\n","protected":false},"author":1,"featured_media":0,"comment_status":"open","ping_status":"open","sticky":false,"template":"","format":"standard","meta":{"inline_featured_image":false,"footnotes":""},"categories":[29],"tags":[],"class_list":["post-1404","post","type-post","status-publish","format-standard","hentry","category-tiempo-en-benidorm"],"yoast_head":"<!-- This site is optimized with the Yoast SEO plugin v27.4 - https:\/\/yoast.com\/product\/yoast-seo-wordpress\/ -->\r\n<title>Tiempo en Bneidorm hoy viernes 15 de julio - Hotel El Palmeral<\/title>\r\n<meta name=\"robots\" content=\"index, follow, max-snippet:-1, max-image-preview:large, max-video-preview:-1\" \/>\r\n<link rel=\"canonical\" href=\"https:\/\/hotelpalmeral.com\/fr\/tiempo-en-bneidorm-hoy-viernes-15-de-julio\/\" \/>\r\n<meta property=\"og:locale\" content=\"fr_FR\" \/>\r\n<meta property=\"og:type\" content=\"article\" \/>\r\n<meta property=\"og:title\" content=\"Tiempo en Bneidorm hoy viernes 15 de julio - Hotel El Palmeral\" \/>\r\n<meta property=\"og:description\" content=\"Qu\u00e9 tiempo hace en Benidorm hoy viernes 15 de julio?Hoy hace un d\u00f1ia fant\u00e1stico.El termometro marca 17 \u00baC\u00a0 pero yo creo que hace algo m\u00e1s. Aunque la brisa del mar hace muy agradable la temperatura. A\u00fan as\u00ed hace calor.Esta madrugada llovi\u00f3 un poco por eso pod\u00e9is ver, en la foto,\u00a0 la arena mojada de la [&hellip;]\" \/>\r\n<meta property=\"og:url\" content=\"https:\/\/hotelpalmeral.com\/fr\/tiempo-en-bneidorm-hoy-viernes-15-de-julio\/\" \/>\r\n<meta property=\"og:site_name\" content=\"Hotel El Palmeral\" \/>\r\n<meta property=\"article:publisher\" content=\"https:\/\/www.facebook.com\/HotelPalmeralBenidorm\" \/>\r\n<meta property=\"article:published_time\" content=\"2011-07-15T10:58:00+00:00\" \/>\r\n<meta property=\"og:image\" content=\"http:\/\/1.bp.blogspot.com\/-3yTpyUC3c7I\/TiAdGWHrmbI\/AAAAAAAAA7I\/KKtqjbIHRnE\/s640\/hotel+playa+benidorm.jpg\" \/>\r\n<meta name=\"author\" content=\"admin_palmeral\" \/>\r\n<meta name=\"twitter:card\" content=\"summary_large_image\" \/>\r\n<meta name=\"twitter:creator\" content=\"@hotelelpalmeral\" \/>\r\n<meta name=\"twitter:site\" content=\"@hotelelpalmeral\" \/>\r\n<meta name=\"twitter:label1\" content=\"\u00c9crit par\" \/>\n\t<meta name=\"twitter:data1\" content=\"admin_palmeral\" \/>\r\n<script type=\"application\/ld+json\" class=\"yoast-schema-graph\">{\"@context\":\"https:\\\/\\\/schema.org\",\"@graph\":[{\"@type\":\"Article\",\"@id\":\"https:\\\/\\\/hotelpalmeral.com\\\/en\\\/tiempo-en-bneidorm-hoy-viernes-15-de-julio\\\/#article\",\"isPartOf\":{\"@id\":\"https:\\\/\\\/hotelpalmeral.com\\\/en\\\/tiempo-en-bneidorm-hoy-viernes-15-de-julio\\\/\"},\"author\":{\"name\":\"admin_palmeral\",\"@id\":\"https:\\\/\\\/hotelpalmeral.com\\\/#\\\/schema\\\/person\\\/c8066d1b13fdf1bac6d45a1394738ca6\"},\"headline\":\"Tiempo en Bneidorm hoy viernes 15 de julio\",\"datePublished\":\"2011-07-15T10:58:00+00:00\",\"mainEntityOfPage\":{\"@id\":\"https:\\\/\\\/hotelpalmeral.com\\\/en\\\/tiempo-en-bneidorm-hoy-viernes-15-de-julio\\\/\"},\"wordCount\":91,\"commentCount\":0,\"publisher\":{\"@id\":\"https:\\\/\\\/hotelpalmeral.com\\\/#organization\"},\"image\":{\"@id\":\"https:\\\/\\\/hotelpalmeral.com\\\/en\\\/tiempo-en-bneidorm-hoy-viernes-15-de-julio\\\/#primaryimage\"},\"thumbnailUrl\":\"http:\\\/\\\/1.bp.blogspot.com\\\/-3yTpyUC3c7I\\\/TiAdGWHrmbI\\\/AAAAAAAAA7I\\\/KKtqjbIHRnE\\\/s640\\\/hotel+playa+benidorm.jpg\",\"articleSection\":[\"Tiempo en Benidorm\"],\"inLanguage\":\"fr-FR\",\"potentialAction\":[{\"@type\":\"CommentAction\",\"name\":\"Comment\",\"target\":[\"https:\\\/\\\/hotelpalmeral.com\\\/en\\\/tiempo-en-bneidorm-hoy-viernes-15-de-julio\\\/#respond\"]}]},{\"@type\":\"WebPage\",\"@id\":\"https:\\\/\\\/hotelpalmeral.com\\\/en\\\/tiempo-en-bneidorm-hoy-viernes-15-de-julio\\\/\",\"url\":\"https:\\\/\\\/hotelpalmeral.com\\\/en\\\/tiempo-en-bneidorm-hoy-viernes-15-de-julio\\\/\",\"name\":\"Tiempo en Bneidorm hoy viernes 15 de julio - Hotel El Palmeral\",\"isPartOf\":{\"@id\":\"https:\\\/\\\/hotelpalmeral.com\\\/#website\"},\"primaryImageOfPage\":{\"@id\":\"https:\\\/\\\/hotelpalmeral.com\\\/en\\\/tiempo-en-bneidorm-hoy-viernes-15-de-julio\\\/#primaryimage\"},\"image\":{\"@id\":\"https:\\\/\\\/hotelpalmeral.com\\\/en\\\/tiempo-en-bneidorm-hoy-viernes-15-de-julio\\\/#primaryimage\"},\"thumbnailUrl\":\"http:\\\/\\\/1.bp.blogspot.com\\\/-3yTpyUC3c7I\\\/TiAdGWHrmbI\\\/AAAAAAAAA7I\\\/KKtqjbIHRnE\\\/s640\\\/hotel+playa+benidorm.jpg\",\"datePublished\":\"2011-07-15T10:58:00+00:00\",\"breadcrumb\":{\"@id\":\"https:\\\/\\\/hotelpalmeral.com\\\/en\\\/tiempo-en-bneidorm-hoy-viernes-15-de-julio\\\/#breadcrumb\"},\"inLanguage\":\"fr-FR\",\"potentialAction\":[{\"@type\":\"ReadAction\",\"target\":[\"https:\\\/\\\/hotelpalmeral.com\\\/en\\\/tiempo-en-bneidorm-hoy-viernes-15-de-julio\\\/\"]}]},{\"@type\":\"ImageObject\",\"inLanguage\":\"fr-FR\",\"@id\":\"https:\\\/\\\/hotelpalmeral.com\\\/en\\\/tiempo-en-bneidorm-hoy-viernes-15-de-julio\\\/#primaryimage\",\"url\":\"http:\\\/\\\/1.bp.blogspot.com\\\/-3yTpyUC3c7I\\\/TiAdGWHrmbI\\\/AAAAAAAAA7I\\\/KKtqjbIHRnE\\\/s640\\\/hotel+playa+benidorm.jpg\",\"contentUrl\":\"http:\\\/\\\/1.bp.blogspot.com\\\/-3yTpyUC3c7I\\\/TiAdGWHrmbI\\\/AAAAAAAAA7I\\\/KKtqjbIHRnE\\\/s640\\\/hotel+playa+benidorm.jpg\"},{\"@type\":\"BreadcrumbList\",\"@id\":\"https:\\\/\\\/hotelpalmeral.com\\\/en\\\/tiempo-en-bneidorm-hoy-viernes-15-de-julio\\\/#breadcrumb\",\"itemListElement\":[{\"@type\":\"ListItem\",\"position\":1,\"name\":\"Portada\",\"item\":\"https:\\\/\\\/hotelpalmeral.com\\\/\"},{\"@type\":\"ListItem\",\"position\":2,\"name\":\"Tiempo en Bneidorm hoy viernes 15 de julio\"}]},{\"@type\":\"WebSite\",\"@id\":\"https:\\\/\\\/hotelpalmeral.com\\\/#website\",\"url\":\"https:\\\/\\\/hotelpalmeral.com\\\/\",\"name\":\"Hotel El Palmeral\",\"description\":\"Hotel en Benidorm\",\"publisher\":{\"@id\":\"https:\\\/\\\/hotelpalmeral.com\\\/#organization\"},\"potentialAction\":[{\"@type\":\"SearchAction\",\"target\":{\"@type\":\"EntryPoint\",\"urlTemplate\":\"https:\\\/\\\/hotelpalmeral.com\\\/?s={search_term_string}\"},\"query-input\":{\"@type\":\"PropertyValueSpecification\",\"valueRequired\":true,\"valueName\":\"search_term_string\"}}],\"inLanguage\":\"fr-FR\"},{\"@type\":\"Organization\",\"@id\":\"https:\\\/\\\/hotelpalmeral.com\\\/#organization\",\"name\":\"Hotel El Palmeral\",\"url\":\"https:\\\/\\\/hotelpalmeral.com\\\/\",\"logo\":{\"@type\":\"ImageObject\",\"inLanguage\":\"fr-FR\",\"@id\":\"https:\\\/\\\/hotelpalmeral.com\\\/#\\\/schema\\\/logo\\\/image\\\/\",\"url\":\"https:\\\/\\\/hotelpalmeral.com\\\/wp-content\\\/uploads\\\/2023\\\/03\\\/Logo-footer.png\",\"contentUrl\":\"https:\\\/\\\/hotelpalmeral.com\\\/wp-content\\\/uploads\\\/2023\\\/03\\\/Logo-footer.png\",\"width\":229,\"height\":265,\"caption\":\"Hotel El Palmeral\"},\"image\":{\"@id\":\"https:\\\/\\\/hotelpalmeral.com\\\/#\\\/schema\\\/logo\\\/image\\\/\"},\"sameAs\":[\"https:\\\/\\\/www.facebook.com\\\/HotelPalmeralBenidorm\",\"https:\\\/\\\/x.com\\\/hotelelpalmeral\",\"https:\\\/\\\/www.instagram.com\\\/hotelpalmeralbenidorm\\\/\"]},{\"@type\":\"Person\",\"@id\":\"https:\\\/\\\/hotelpalmeral.com\\\/#\\\/schema\\\/person\\\/c8066d1b13fdf1bac6d45a1394738ca6\",\"name\":\"admin_palmeral\",\"image\":{\"@type\":\"ImageObject\",\"inLanguage\":\"fr-FR\",\"@id\":\"https:\\\/\\\/secure.gravatar.com\\\/avatar\\\/6b12524dda5bc713fd067188ac2e02862b3e463150f6095efe68cfd0e19d3b11?s=96&d=mm&r=g\",\"url\":\"https:\\\/\\\/secure.gravatar.com\\\/avatar\\\/6b12524dda5bc713fd067188ac2e02862b3e463150f6095efe68cfd0e19d3b11?s=96&d=mm&r=g\",\"contentUrl\":\"https:\\\/\\\/secure.gravatar.com\\\/avatar\\\/6b12524dda5bc713fd067188ac2e02862b3e463150f6095efe68cfd0e19d3b11?s=96&d=mm&r=g\",\"caption\":\"admin_palmeral\"},\"sameAs\":[\"http:\\\/\\\/hotelpalmeral.com\"],\"url\":\"https:\\\/\\\/hotelpalmeral.com\\\/fr\\\/author\\\/admin_palmeral\\\/\"}]}<\/script>\r\n<!-- \/ Yoast SEO plugin. -->","yoast_head_json":{"title":"Tiempo en Bneidorm hoy viernes 15 de julio - Hotel El Palmeral","robots":{"index":"index","follow":"follow","max-snippet":"max-snippet:-1","max-image-preview":"max-image-preview:large","max-video-preview":"max-video-preview:-1"},"canonical":"https:\/\/hotelpalmeral.com\/fr\/tiempo-en-bneidorm-hoy-viernes-15-de-julio\/","og_locale":"fr_FR","og_type":"article","og_title":"Tiempo en Bneidorm hoy viernes 15 de julio - Hotel El Palmeral","og_description":"Qu\u00e9 tiempo hace en Benidorm hoy viernes 15 de julio?Hoy hace un d\u00f1ia fant\u00e1stico.El termometro marca 17 \u00baC\u00a0 pero yo creo que hace algo m\u00e1s. Aunque la brisa del mar hace muy agradable la temperatura. A\u00fan as\u00ed hace calor.Esta madrugada llovi\u00f3 un poco por eso pod\u00e9is ver, en la foto,\u00a0 la arena mojada de la [&hellip;]","og_url":"https:\/\/hotelpalmeral.com\/fr\/tiempo-en-bneidorm-hoy-viernes-15-de-julio\/","og_site_name":"Hotel El Palmeral","article_publisher":"https:\/\/www.facebook.com\/HotelPalmeralBenidorm","article_published_time":"2011-07-15T10:58:00+00:00","og_image":[{"url":"http:\/\/1.bp.blogspot.com\/-3yTpyUC3c7I\/TiAdGWHrmbI\/AAAAAAAAA7I\/KKtqjbIHRnE\/s640\/hotel+playa+benidorm.jpg","type":"","width":"","height":""}],"author":"admin_palmeral","twitter_card":"summary_large_image","twitter_creator":"@hotelelpalmeral","twitter_site":"@hotelelpalmeral","twitter_misc":{"\u00c9crit par":"admin_palmeral"},"schema":{"@context":"https:\/\/schema.org","@graph":[{"@type":"Article","@id":"https:\/\/hotelpalmeral.com\/en\/tiempo-en-bneidorm-hoy-viernes-15-de-julio\/#article","isPartOf":{"@id":"https:\/\/hotelpalmeral.com\/en\/tiempo-en-bneidorm-hoy-viernes-15-de-julio\/"},"author":{"name":"admin_palmeral","@id":"https:\/\/hotelpalmeral.com\/#\/schema\/person\/c8066d1b13fdf1bac6d45a1394738ca6"},"headline":"Tiempo en Bneidorm hoy viernes 15 de julio","datePublished":"2011-07-15T10:58:00+00:00","mainEntityOfPage":{"@id":"https:\/\/hotelpalmeral.com\/en\/tiempo-en-bneidorm-hoy-viernes-15-de-julio\/"},"wordCount":91,"commentCount":0,"publisher":{"@id":"https:\/\/hotelpalmeral.com\/#organization"},"image":{"@id":"https:\/\/hotelpalmeral.com\/en\/tiempo-en-bneidorm-hoy-viernes-15-de-julio\/#primaryimage"},"thumbnailUrl":"http:\/\/1.bp.blogspot.com\/-3yTpyUC3c7I\/TiAdGWHrmbI\/AAAAAAAAA7I\/KKtqjbIHRnE\/s640\/hotel+playa+benidorm.jpg","articleSection":["Tiempo en Benidorm"],"inLanguage":"fr-FR","potentialAction":[{"@type":"CommentAction","name":"Comment","target":["https:\/\/hotelpalmeral.com\/en\/tiempo-en-bneidorm-hoy-viernes-15-de-julio\/#respond"]}]},{"@type":"WebPage","@id":"https:\/\/hotelpalmeral.com\/en\/tiempo-en-bneidorm-hoy-viernes-15-de-julio\/","url":"https:\/\/hotelpalmeral.com\/en\/tiempo-en-bneidorm-hoy-viernes-15-de-julio\/","name":"Tiempo en Bneidorm hoy viernes 15 de julio - Hotel El Palmeral","isPartOf":{"@id":"https:\/\/hotelpalmeral.com\/#website"},"primaryImageOfPage":{"@id":"https:\/\/hotelpalmeral.com\/en\/tiempo-en-bneidorm-hoy-viernes-15-de-julio\/#primaryimage"},"image":{"@id":"https:\/\/hotelpalmeral.com\/en\/tiempo-en-bneidorm-hoy-viernes-15-de-julio\/#primaryimage"},"thumbnailUrl":"http:\/\/1.bp.blogspot.com\/-3yTpyUC3c7I\/TiAdGWHrmbI\/AAAAAAAAA7I\/KKtqjbIHRnE\/s640\/hotel+playa+benidorm.jpg","datePublished":"2011-07-15T10:58:00+00:00","breadcrumb":{"@id":"https:\/\/hotelpalmeral.com\/en\/tiempo-en-bneidorm-hoy-viernes-15-de-julio\/#breadcrumb"},"inLanguage":"fr-FR","potentialAction":[{"@type":"ReadAction","target":["https:\/\/hotelpalmeral.com\/en\/tiempo-en-bneidorm-hoy-viernes-15-de-julio\/"]}]},{"@type":"ImageObject","inLanguage":"fr-FR","@id":"https:\/\/hotelpalmeral.com\/en\/tiempo-en-bneidorm-hoy-viernes-15-de-julio\/#primaryimage","url":"http:\/\/1.bp.blogspot.com\/-3yTpyUC3c7I\/TiAdGWHrmbI\/AAAAAAAAA7I\/KKtqjbIHRnE\/s640\/hotel+playa+benidorm.jpg","contentUrl":"http:\/\/1.bp.blogspot.com\/-3yTpyUC3c7I\/TiAdGWHrmbI\/AAAAAAAAA7I\/KKtqjbIHRnE\/s640\/hotel+playa+benidorm.jpg"},{"@type":"BreadcrumbList","@id":"https:\/\/hotelpalmeral.com\/en\/tiempo-en-bneidorm-hoy-viernes-15-de-julio\/#breadcrumb","itemListElement":[{"@type":"ListItem","position":1,"name":"Portada","item":"https:\/\/hotelpalmeral.com\/"},{"@type":"ListItem","position":2,"name":"Tiempo en Bneidorm hoy viernes 15 de julio"}]},{"@type":"WebSite","@id":"https:\/\/hotelpalmeral.com\/#website","url":"https:\/\/hotelpalmeral.com\/","name":"Hotel El Palmeral","description":"Hotel en Benidorm","publisher":{"@id":"https:\/\/hotelpalmeral.com\/#organization"},"potentialAction":[{"@type":"SearchAction","target":{"@type":"EntryPoint","urlTemplate":"https:\/\/hotelpalmeral.com\/?s={search_term_string}"},"query-input":{"@type":"PropertyValueSpecification","valueRequired":true,"valueName":"search_term_string"}}],"inLanguage":"fr-FR"},{"@type":"Organization","@id":"https:\/\/hotelpalmeral.com\/#organization","name":"Hotel El Palmeral","url":"https:\/\/hotelpalmeral.com\/","logo":{"@type":"ImageObject","inLanguage":"fr-FR","@id":"https:\/\/hotelpalmeral.com\/#\/schema\/logo\/image\/","url":"https:\/\/hotelpalmeral.com\/wp-content\/uploads\/2023\/03\/Logo-footer.png","contentUrl":"https:\/\/hotelpalmeral.com\/wp-content\/uploads\/2023\/03\/Logo-footer.png","width":229,"height":265,"caption":"Hotel El Palmeral"},"image":{"@id":"https:\/\/hotelpalmeral.com\/#\/schema\/logo\/image\/"},"sameAs":["https:\/\/www.facebook.com\/HotelPalmeralBenidorm","https:\/\/x.com\/hotelelpalmeral","https:\/\/www.instagram.com\/hotelpalmeralbenidorm\/"]},{"@type":"Person","@id":"https:\/\/hotelpalmeral.com\/#\/schema\/person\/c8066d1b13fdf1bac6d45a1394738ca6","name":"admin_palmeral","image":{"@type":"ImageObject","inLanguage":"fr-FR","@id":"https:\/\/secure.gravatar.com\/avatar\/6b12524dda5bc713fd067188ac2e02862b3e463150f6095efe68cfd0e19d3b11?s=96&d=mm&r=g","url":"https:\/\/secure.gravatar.com\/avatar\/6b12524dda5bc713fd067188ac2e02862b3e463150f6095efe68cfd0e19d3b11?s=96&d=mm&r=g","contentUrl":"https:\/\/secure.gravatar.com\/avatar\/6b12524dda5bc713fd067188ac2e02862b3e463150f6095efe68cfd0e19d3b11?s=96&d=mm&r=g","caption":"admin_palmeral"},"sameAs":["http:\/\/hotelpalmeral.com"],"url":"https:\/\/hotelpalmeral.com\/fr\/author\/admin_palmeral\/"}]}},"_links":{"self":[{"href":"https:\/\/hotelpalmeral.com\/fr\/wp-json\/wp\/v2\/posts\/1404","targetHints":{"allow":["GET"]}}],"collection":[{"href":"https:\/\/hotelpalmeral.com\/fr\/wp-json\/wp\/v2\/posts"}],"about":[{"href":"https:\/\/hotelpalmeral.com\/fr\/wp-json\/wp\/v2\/types\/post"}],"author":[{"embeddable":true,"href":"https:\/\/hotelpalmeral.com\/fr\/wp-json\/wp\/v2\/users\/1"}],"replies":[{"embeddable":true,"href":"https:\/\/hotelpalmeral.com\/fr\/wp-json\/wp\/v2\/comments?post=1404"}],"version-history":[{"count":0,"href":"https:\/\/hotelpalmeral.com\/fr\/wp-json\/wp\/v2\/posts\/1404\/revisions"}],"wp:attachment":[{"href":"https:\/\/hotelpalmeral.com\/fr\/wp-json\/wp\/v2\/media?parent=1404"}],"wp:term":[{"taxonomy":"category","embeddable":true,"href":"https:\/\/hotelpalmeral.com\/fr\/wp-json\/wp\/v2\/categories?post=1404"},{"taxonomy":"post_tag","embeddable":true,"href":"https:\/\/hotelpalmeral.com\/fr\/wp-json\/wp\/v2\/tags?post=1404"}],"curies":[{"name":"wp","href":"https:\/\/api.w.org\/{rel}","templated":true}]}}