{"id":1392,"date":"2011-07-22T09:49:00","date_gmt":"2011-07-22T09:49:00","guid":{"rendered":"http:\/\/blog.hotelpalmeral.com\/?p=596"},"modified":"2011-07-22T09:49:00","modified_gmt":"2011-07-22T09:49:00","slug":"tiempo-en-benidomr-hoy-viernes-22-de-julio","status":"publish","type":"post","link":"https:\/\/hotelpalmeral.com\/fr\/tiempo-en-benidomr-hoy-viernes-22-de-julio\/","title":{"rendered":"Tiempo en Benidomr hoy viernes 22 de julio"},"content":{"rendered":"<p>Os hablamos del tiempo que hace hoy viernes 22 de julio en Benidorm.<br \/>Pues hoy ha salido un d\u00eda nada normla para ser el mes de julio.<br \/>El d\u00eda est\u00e1 nublado. El sol va y viene formando claroscuros y no pega nada fuerte.<br \/>La temperatura es de 26\u00baC. Han descendido bastantes grados cosa que se agradece sobre todo para aquellos que quieres hacer actividades de ocio al aire libre.<br \/>Hay bandera roja en la playa, asi que cuidado.<br \/>Os pasamos una foto tomada a las 9:30h de la ma\u00f1ana para que lo pod\u00e1is ver vosotros mismos (en cualquier caso ha mejorado bastante en estas 2 d\u00edas).<br \/>Un saludo<\/p>\n<p>Hotel El Palmeral, <a href=\"https:\/\/hotelpalmeral.com\/fr\/\">Hotel Benidorm<\/a><br \/><a href=\"https:\/\/hotelpalmeral.com\/fr\/\">www.hotelpalmeral.com<\/a><br \/>Telf.:965 850 176<\/p>\n<div><a href=\"http:\/\/4.bp.blogspot.com\/-iC5j8PnbEgw\/TilHY-a9EuI\/AAAAAAAAA74\/IzqFSRnbMQA\/s1600\/playa+benidorm.jpg\" imageanchor=\"1\"><img loading=\"lazy\" decoding=\"async\" border=\"0\" height=\"300\" src=\"http:\/\/4.bp.blogspot.com\/-iC5j8PnbEgw\/TilHY-a9EuI\/AAAAAAAAA74\/IzqFSRnbMQA\/s400\/playa+benidorm.jpg\" width=\"400\"><\/a><\/div>","protected":false},"excerpt":{"rendered":"<p>Os hablamos del tiempo que hace hoy viernes 22 de julio en Benidorm.Pues hoy ha salido un d\u00eda nada normla para ser el mes de julio.El d\u00eda est\u00e1 nublado. El sol va y viene formando claroscuros y no pega nada fuerte.La temperatura es de 26\u00baC. Han descendido bastantes grados cosa que se agradece sobre todo [&hellip;]<\/p>\n","protected":false},"author":1,"featured_media":0,"comment_status":"open","ping_status":"open","sticky":false,"template":"","format":"standard","meta":{"inline_featured_image":false,"footnotes":""},"categories":[29],"tags":[],"class_list":["post-1392","post","type-post","status-publish","format-standard","hentry","category-tiempo-en-benidorm"],"yoast_head":"<!-- This site is optimized with the Yoast SEO plugin v27.4 - https:\/\/yoast.com\/product\/yoast-seo-wordpress\/ -->\r\n<title>Tiempo en Benidomr hoy viernes 22 de julio - Hotel El Palmeral<\/title>\r\n<meta name=\"robots\" content=\"index, follow, max-snippet:-1, max-image-preview:large, max-video-preview:-1\" \/>\r\n<link rel=\"canonical\" href=\"http:\/\/hotelpalmeral.com\/fr\/tiempo-en-benidomr-hoy-viernes-22-de-julio\/\" \/>\r\n<meta property=\"og:locale\" content=\"fr_FR\" \/>\r\n<meta property=\"og:type\" content=\"article\" \/>\r\n<meta property=\"og:title\" content=\"Tiempo en Benidomr hoy viernes 22 de julio - Hotel El Palmeral\" \/>\r\n<meta property=\"og:description\" content=\"Os hablamos del tiempo que hace hoy viernes 22 de julio en Benidorm.Pues hoy ha salido un d\u00eda nada normla para ser el mes de julio.El d\u00eda est\u00e1 nublado. El sol va y viene formando claroscuros y no pega nada fuerte.La temperatura es de 26\u00baC. Han descendido bastantes grados cosa que se agradece sobre todo [&hellip;]\" \/>\r\n<meta property=\"og:url\" content=\"http:\/\/hotelpalmeral.com\/fr\/tiempo-en-benidomr-hoy-viernes-22-de-julio\/\" \/>\r\n<meta property=\"og:site_name\" content=\"Hotel El Palmeral\" \/>\r\n<meta property=\"article:publisher\" content=\"https:\/\/www.facebook.com\/HotelPalmeralBenidorm\" \/>\r\n<meta property=\"article:published_time\" content=\"2011-07-22T09:49:00+00:00\" \/>\r\n<meta property=\"og:image\" content=\"http:\/\/4.bp.blogspot.com\/-iC5j8PnbEgw\/TilHY-a9EuI\/AAAAAAAAA74\/IzqFSRnbMQA\/s400\/playa+benidorm.jpg\" \/>\r\n<meta name=\"author\" content=\"admin_palmeral\" \/>\r\n<meta name=\"twitter:card\" content=\"summary_large_image\" \/>\r\n<meta name=\"twitter:creator\" content=\"@hotelelpalmeral\" \/>\r\n<meta name=\"twitter:site\" content=\"@hotelelpalmeral\" \/>\r\n<meta name=\"twitter:label1\" content=\"\u00c9crit par\" \/>\n\t<meta name=\"twitter:data1\" content=\"admin_palmeral\" \/>\n\t<meta name=\"twitter:label2\" content=\"Dur\u00e9e de lecture estim\u00e9e\" \/>\n\t<meta name=\"twitter:data2\" content=\"1 minute\" \/>\r\n<script type=\"application\/ld+json\" class=\"yoast-schema-graph\">{\"@context\":\"https:\\\/\\\/schema.org\",\"@graph\":[{\"@type\":\"Article\",\"@id\":\"http:\\\/\\\/hotelpalmeral.com\\\/fr\\\/tiempo-en-benidomr-hoy-viernes-22-de-julio\\\/#article\",\"isPartOf\":{\"@id\":\"http:\\\/\\\/hotelpalmeral.com\\\/fr\\\/tiempo-en-benidomr-hoy-viernes-22-de-julio\\\/\"},\"author\":{\"name\":\"admin_palmeral\",\"@id\":\"https:\\\/\\\/hotelpalmeral.com\\\/#\\\/schema\\\/person\\\/c8066d1b13fdf1bac6d45a1394738ca6\"},\"headline\":\"Tiempo en Benidomr hoy viernes 22 de julio\",\"datePublished\":\"2011-07-22T09:49:00+00:00\",\"mainEntityOfPage\":{\"@id\":\"http:\\\/\\\/hotelpalmeral.com\\\/fr\\\/tiempo-en-benidomr-hoy-viernes-22-de-julio\\\/\"},\"wordCount\":127,\"commentCount\":0,\"publisher\":{\"@id\":\"https:\\\/\\\/hotelpalmeral.com\\\/#organization\"},\"image\":{\"@id\":\"http:\\\/\\\/hotelpalmeral.com\\\/fr\\\/tiempo-en-benidomr-hoy-viernes-22-de-julio\\\/#primaryimage\"},\"thumbnailUrl\":\"http:\\\/\\\/4.bp.blogspot.com\\\/-iC5j8PnbEgw\\\/TilHY-a9EuI\\\/AAAAAAAAA74\\\/IzqFSRnbMQA\\\/s400\\\/playa+benidorm.jpg\",\"articleSection\":[\"Tiempo en Benidorm\"],\"inLanguage\":\"fr-FR\",\"potentialAction\":[{\"@type\":\"CommentAction\",\"name\":\"Comment\",\"target\":[\"http:\\\/\\\/hotelpalmeral.com\\\/fr\\\/tiempo-en-benidomr-hoy-viernes-22-de-julio\\\/#respond\"]}]},{\"@type\":\"WebPage\",\"@id\":\"http:\\\/\\\/hotelpalmeral.com\\\/fr\\\/tiempo-en-benidomr-hoy-viernes-22-de-julio\\\/\",\"url\":\"http:\\\/\\\/hotelpalmeral.com\\\/fr\\\/tiempo-en-benidomr-hoy-viernes-22-de-julio\\\/\",\"name\":\"Tiempo en Benidomr hoy viernes 22 de julio - Hotel El Palmeral\",\"isPartOf\":{\"@id\":\"https:\\\/\\\/hotelpalmeral.com\\\/#website\"},\"primaryImageOfPage\":{\"@id\":\"http:\\\/\\\/hotelpalmeral.com\\\/fr\\\/tiempo-en-benidomr-hoy-viernes-22-de-julio\\\/#primaryimage\"},\"image\":{\"@id\":\"http:\\\/\\\/hotelpalmeral.com\\\/fr\\\/tiempo-en-benidomr-hoy-viernes-22-de-julio\\\/#primaryimage\"},\"thumbnailUrl\":\"http:\\\/\\\/4.bp.blogspot.com\\\/-iC5j8PnbEgw\\\/TilHY-a9EuI\\\/AAAAAAAAA74\\\/IzqFSRnbMQA\\\/s400\\\/playa+benidorm.jpg\",\"datePublished\":\"2011-07-22T09:49:00+00:00\",\"breadcrumb\":{\"@id\":\"http:\\\/\\\/hotelpalmeral.com\\\/fr\\\/tiempo-en-benidomr-hoy-viernes-22-de-julio\\\/#breadcrumb\"},\"inLanguage\":\"fr-FR\",\"potentialAction\":[{\"@type\":\"ReadAction\",\"target\":[\"http:\\\/\\\/hotelpalmeral.com\\\/fr\\\/tiempo-en-benidomr-hoy-viernes-22-de-julio\\\/\"]}]},{\"@type\":\"ImageObject\",\"inLanguage\":\"fr-FR\",\"@id\":\"http:\\\/\\\/hotelpalmeral.com\\\/fr\\\/tiempo-en-benidomr-hoy-viernes-22-de-julio\\\/#primaryimage\",\"url\":\"http:\\\/\\\/4.bp.blogspot.com\\\/-iC5j8PnbEgw\\\/TilHY-a9EuI\\\/AAAAAAAAA74\\\/IzqFSRnbMQA\\\/s400\\\/playa+benidorm.jpg\",\"contentUrl\":\"http:\\\/\\\/4.bp.blogspot.com\\\/-iC5j8PnbEgw\\\/TilHY-a9EuI\\\/AAAAAAAAA74\\\/IzqFSRnbMQA\\\/s400\\\/playa+benidorm.jpg\"},{\"@type\":\"BreadcrumbList\",\"@id\":\"http:\\\/\\\/hotelpalmeral.com\\\/fr\\\/tiempo-en-benidomr-hoy-viernes-22-de-julio\\\/#breadcrumb\",\"itemListElement\":[{\"@type\":\"ListItem\",\"position\":1,\"name\":\"Portada\",\"item\":\"https:\\\/\\\/hotelpalmeral.com\\\/\"},{\"@type\":\"ListItem\",\"position\":2,\"name\":\"Tiempo en Benidomr hoy viernes 22 de julio\"}]},{\"@type\":\"WebSite\",\"@id\":\"https:\\\/\\\/hotelpalmeral.com\\\/#website\",\"url\":\"https:\\\/\\\/hotelpalmeral.com\\\/\",\"name\":\"Hotel El Palmeral\",\"description\":\"Hotel en Benidorm\",\"publisher\":{\"@id\":\"https:\\\/\\\/hotelpalmeral.com\\\/#organization\"},\"potentialAction\":[{\"@type\":\"SearchAction\",\"target\":{\"@type\":\"EntryPoint\",\"urlTemplate\":\"https:\\\/\\\/hotelpalmeral.com\\\/?s={search_term_string}\"},\"query-input\":{\"@type\":\"PropertyValueSpecification\",\"valueRequired\":true,\"valueName\":\"search_term_string\"}}],\"inLanguage\":\"fr-FR\"},{\"@type\":\"Organization\",\"@id\":\"https:\\\/\\\/hotelpalmeral.com\\\/#organization\",\"name\":\"Hotel El Palmeral\",\"url\":\"https:\\\/\\\/hotelpalmeral.com\\\/\",\"logo\":{\"@type\":\"ImageObject\",\"inLanguage\":\"fr-FR\",\"@id\":\"https:\\\/\\\/hotelpalmeral.com\\\/#\\\/schema\\\/logo\\\/image\\\/\",\"url\":\"https:\\\/\\\/hotelpalmeral.com\\\/wp-content\\\/uploads\\\/2023\\\/03\\\/Logo-footer.png\",\"contentUrl\":\"https:\\\/\\\/hotelpalmeral.com\\\/wp-content\\\/uploads\\\/2023\\\/03\\\/Logo-footer.png\",\"width\":229,\"height\":265,\"caption\":\"Hotel El Palmeral\"},\"image\":{\"@id\":\"https:\\\/\\\/hotelpalmeral.com\\\/#\\\/schema\\\/logo\\\/image\\\/\"},\"sameAs\":[\"https:\\\/\\\/www.facebook.com\\\/HotelPalmeralBenidorm\",\"https:\\\/\\\/x.com\\\/hotelelpalmeral\",\"https:\\\/\\\/www.instagram.com\\\/hotelpalmeralbenidorm\\\/\"]},{\"@type\":\"Person\",\"@id\":\"https:\\\/\\\/hotelpalmeral.com\\\/#\\\/schema\\\/person\\\/c8066d1b13fdf1bac6d45a1394738ca6\",\"name\":\"admin_palmeral\",\"image\":{\"@type\":\"ImageObject\",\"inLanguage\":\"fr-FR\",\"@id\":\"https:\\\/\\\/secure.gravatar.com\\\/avatar\\\/6b12524dda5bc713fd067188ac2e02862b3e463150f6095efe68cfd0e19d3b11?s=96&d=mm&r=g\",\"url\":\"https:\\\/\\\/secure.gravatar.com\\\/avatar\\\/6b12524dda5bc713fd067188ac2e02862b3e463150f6095efe68cfd0e19d3b11?s=96&d=mm&r=g\",\"contentUrl\":\"https:\\\/\\\/secure.gravatar.com\\\/avatar\\\/6b12524dda5bc713fd067188ac2e02862b3e463150f6095efe68cfd0e19d3b11?s=96&d=mm&r=g\",\"caption\":\"admin_palmeral\"},\"sameAs\":[\"http:\\\/\\\/hotelpalmeral.com\"],\"url\":\"https:\\\/\\\/hotelpalmeral.com\\\/fr\\\/author\\\/admin_palmeral\\\/\"}]}<\/script>\r\n<!-- \/ Yoast SEO plugin. -->","yoast_head_json":{"title":"Tiempo en Benidomr hoy viernes 22 de julio - Hotel El Palmeral","robots":{"index":"index","follow":"follow","max-snippet":"max-snippet:-1","max-image-preview":"max-image-preview:large","max-video-preview":"max-video-preview:-1"},"canonical":"http:\/\/hotelpalmeral.com\/fr\/tiempo-en-benidomr-hoy-viernes-22-de-julio\/","og_locale":"fr_FR","og_type":"article","og_title":"Tiempo en Benidomr hoy viernes 22 de julio - Hotel El Palmeral","og_description":"Os hablamos del tiempo que hace hoy viernes 22 de julio en Benidorm.Pues hoy ha salido un d\u00eda nada normla para ser el mes de julio.El d\u00eda est\u00e1 nublado. El sol va y viene formando claroscuros y no pega nada fuerte.La temperatura es de 26\u00baC. Han descendido bastantes grados cosa que se agradece sobre todo [&hellip;]","og_url":"http:\/\/hotelpalmeral.com\/fr\/tiempo-en-benidomr-hoy-viernes-22-de-julio\/","og_site_name":"Hotel El Palmeral","article_publisher":"https:\/\/www.facebook.com\/HotelPalmeralBenidorm","article_published_time":"2011-07-22T09:49:00+00:00","og_image":[{"url":"http:\/\/4.bp.blogspot.com\/-iC5j8PnbEgw\/TilHY-a9EuI\/AAAAAAAAA74\/IzqFSRnbMQA\/s400\/playa+benidorm.jpg","type":"","width":"","height":""}],"author":"admin_palmeral","twitter_card":"summary_large_image","twitter_creator":"@hotelelpalmeral","twitter_site":"@hotelelpalmeral","twitter_misc":{"\u00c9crit par":"admin_palmeral","Dur\u00e9e de lecture estim\u00e9e":"1 minute"},"schema":{"@context":"https:\/\/schema.org","@graph":[{"@type":"Article","@id":"http:\/\/hotelpalmeral.com\/fr\/tiempo-en-benidomr-hoy-viernes-22-de-julio\/#article","isPartOf":{"@id":"http:\/\/hotelpalmeral.com\/fr\/tiempo-en-benidomr-hoy-viernes-22-de-julio\/"},"author":{"name":"admin_palmeral","@id":"https:\/\/hotelpalmeral.com\/#\/schema\/person\/c8066d1b13fdf1bac6d45a1394738ca6"},"headline":"Tiempo en Benidomr hoy viernes 22 de julio","datePublished":"2011-07-22T09:49:00+00:00","mainEntityOfPage":{"@id":"http:\/\/hotelpalmeral.com\/fr\/tiempo-en-benidomr-hoy-viernes-22-de-julio\/"},"wordCount":127,"commentCount":0,"publisher":{"@id":"https:\/\/hotelpalmeral.com\/#organization"},"image":{"@id":"http:\/\/hotelpalmeral.com\/fr\/tiempo-en-benidomr-hoy-viernes-22-de-julio\/#primaryimage"},"thumbnailUrl":"http:\/\/4.bp.blogspot.com\/-iC5j8PnbEgw\/TilHY-a9EuI\/AAAAAAAAA74\/IzqFSRnbMQA\/s400\/playa+benidorm.jpg","articleSection":["Tiempo en Benidorm"],"inLanguage":"fr-FR","potentialAction":[{"@type":"CommentAction","name":"Comment","target":["http:\/\/hotelpalmeral.com\/fr\/tiempo-en-benidomr-hoy-viernes-22-de-julio\/#respond"]}]},{"@type":"WebPage","@id":"http:\/\/hotelpalmeral.com\/fr\/tiempo-en-benidomr-hoy-viernes-22-de-julio\/","url":"http:\/\/hotelpalmeral.com\/fr\/tiempo-en-benidomr-hoy-viernes-22-de-julio\/","name":"Tiempo en Benidomr hoy viernes 22 de julio - Hotel El Palmeral","isPartOf":{"@id":"https:\/\/hotelpalmeral.com\/#website"},"primaryImageOfPage":{"@id":"http:\/\/hotelpalmeral.com\/fr\/tiempo-en-benidomr-hoy-viernes-22-de-julio\/#primaryimage"},"image":{"@id":"http:\/\/hotelpalmeral.com\/fr\/tiempo-en-benidomr-hoy-viernes-22-de-julio\/#primaryimage"},"thumbnailUrl":"http:\/\/4.bp.blogspot.com\/-iC5j8PnbEgw\/TilHY-a9EuI\/AAAAAAAAA74\/IzqFSRnbMQA\/s400\/playa+benidorm.jpg","datePublished":"2011-07-22T09:49:00+00:00","breadcrumb":{"@id":"http:\/\/hotelpalmeral.com\/fr\/tiempo-en-benidomr-hoy-viernes-22-de-julio\/#breadcrumb"},"inLanguage":"fr-FR","potentialAction":[{"@type":"ReadAction","target":["http:\/\/hotelpalmeral.com\/fr\/tiempo-en-benidomr-hoy-viernes-22-de-julio\/"]}]},{"@type":"ImageObject","inLanguage":"fr-FR","@id":"http:\/\/hotelpalmeral.com\/fr\/tiempo-en-benidomr-hoy-viernes-22-de-julio\/#primaryimage","url":"http:\/\/4.bp.blogspot.com\/-iC5j8PnbEgw\/TilHY-a9EuI\/AAAAAAAAA74\/IzqFSRnbMQA\/s400\/playa+benidorm.jpg","contentUrl":"http:\/\/4.bp.blogspot.com\/-iC5j8PnbEgw\/TilHY-a9EuI\/AAAAAAAAA74\/IzqFSRnbMQA\/s400\/playa+benidorm.jpg"},{"@type":"BreadcrumbList","@id":"http:\/\/hotelpalmeral.com\/fr\/tiempo-en-benidomr-hoy-viernes-22-de-julio\/#breadcrumb","itemListElement":[{"@type":"ListItem","position":1,"name":"Portada","item":"https:\/\/hotelpalmeral.com\/"},{"@type":"ListItem","position":2,"name":"Tiempo en Benidomr hoy viernes 22 de julio"}]},{"@type":"WebSite","@id":"https:\/\/hotelpalmeral.com\/#website","url":"https:\/\/hotelpalmeral.com\/","name":"Hotel El Palmeral","description":"Hotel en Benidorm","publisher":{"@id":"https:\/\/hotelpalmeral.com\/#organization"},"potentialAction":[{"@type":"SearchAction","target":{"@type":"EntryPoint","urlTemplate":"https:\/\/hotelpalmeral.com\/?s={search_term_string}"},"query-input":{"@type":"PropertyValueSpecification","valueRequired":true,"valueName":"search_term_string"}}],"inLanguage":"fr-FR"},{"@type":"Organization","@id":"https:\/\/hotelpalmeral.com\/#organization","name":"Hotel El Palmeral","url":"https:\/\/hotelpalmeral.com\/","logo":{"@type":"ImageObject","inLanguage":"fr-FR","@id":"https:\/\/hotelpalmeral.com\/#\/schema\/logo\/image\/","url":"https:\/\/hotelpalmeral.com\/wp-content\/uploads\/2023\/03\/Logo-footer.png","contentUrl":"https:\/\/hotelpalmeral.com\/wp-content\/uploads\/2023\/03\/Logo-footer.png","width":229,"height":265,"caption":"Hotel El Palmeral"},"image":{"@id":"https:\/\/hotelpalmeral.com\/#\/schema\/logo\/image\/"},"sameAs":["https:\/\/www.facebook.com\/HotelPalmeralBenidorm","https:\/\/x.com\/hotelelpalmeral","https:\/\/www.instagram.com\/hotelpalmeralbenidorm\/"]},{"@type":"Person","@id":"https:\/\/hotelpalmeral.com\/#\/schema\/person\/c8066d1b13fdf1bac6d45a1394738ca6","name":"admin_palmeral","image":{"@type":"ImageObject","inLanguage":"fr-FR","@id":"https:\/\/secure.gravatar.com\/avatar\/6b12524dda5bc713fd067188ac2e02862b3e463150f6095efe68cfd0e19d3b11?s=96&d=mm&r=g","url":"https:\/\/secure.gravatar.com\/avatar\/6b12524dda5bc713fd067188ac2e02862b3e463150f6095efe68cfd0e19d3b11?s=96&d=mm&r=g","contentUrl":"https:\/\/secure.gravatar.com\/avatar\/6b12524dda5bc713fd067188ac2e02862b3e463150f6095efe68cfd0e19d3b11?s=96&d=mm&r=g","caption":"admin_palmeral"},"sameAs":["http:\/\/hotelpalmeral.com"],"url":"https:\/\/hotelpalmeral.com\/fr\/author\/admin_palmeral\/"}]}},"_links":{"self":[{"href":"https:\/\/hotelpalmeral.com\/fr\/wp-json\/wp\/v2\/posts\/1392","targetHints":{"allow":["GET"]}}],"collection":[{"href":"https:\/\/hotelpalmeral.com\/fr\/wp-json\/wp\/v2\/posts"}],"about":[{"href":"https:\/\/hotelpalmeral.com\/fr\/wp-json\/wp\/v2\/types\/post"}],"author":[{"embeddable":true,"href":"https:\/\/hotelpalmeral.com\/fr\/wp-json\/wp\/v2\/users\/1"}],"replies":[{"embeddable":true,"href":"https:\/\/hotelpalmeral.com\/fr\/wp-json\/wp\/v2\/comments?post=1392"}],"version-history":[{"count":0,"href":"https:\/\/hotelpalmeral.com\/fr\/wp-json\/wp\/v2\/posts\/1392\/revisions"}],"wp:attachment":[{"href":"https:\/\/hotelpalmeral.com\/fr\/wp-json\/wp\/v2\/media?parent=1392"}],"wp:term":[{"taxonomy":"category","embeddable":true,"href":"https:\/\/hotelpalmeral.com\/fr\/wp-json\/wp\/v2\/categories?post=1392"},{"taxonomy":"post_tag","embeddable":true,"href":"https:\/\/hotelpalmeral.com\/fr\/wp-json\/wp\/v2\/tags?post=1392"}],"curies":[{"name":"wp","href":"https:\/\/api.w.org\/{rel}","templated":true}]}}