{"id":1364,"date":"2011-06-14T15:06:00","date_gmt":"2011-06-14T15:06:00","guid":{"rendered":"http:\/\/blog.hotelpalmeral.com\/?p=648"},"modified":"2011-06-14T15:06:00","modified_gmt":"2011-06-14T15:06:00","slug":"tiempo-en-benidorm-hoy-martes-14-de-junio","status":"publish","type":"post","link":"https:\/\/hotelpalmeral.com\/fr\/tiempo-en-benidorm-hoy-martes-14-de-junio\/","title":{"rendered":"Tiempo en Benidorm hoy martes 14 de junio"},"content":{"rendered":"<p>Buenas tardes a todos desde Benidorm,<br \/>Muchos est\u00e1is pensando en pasar algunos pr\u00f3ximos d\u00edas en Benidorm y para ello es fundamental saber qu\u00e9 tiempo tenemos. Esa es uno de los objetivos de este blog.<br \/>Qu\u00e9 tiempo hace hoy en Benidorm? Pues hoy martes 14 de junio hace muchoooooo calor, peor mucho.<br \/>El sol est\u00e1 radiante.<br \/>La playa est\u00e1 fant\u00e1stica.<br \/>Lo \u00fanico que hace algo de viento, sobre todo en la playa, y resta algo de bochorno.<br \/>Os pasamos una foto de la playa de Benidorm tomada a las 17h.<br \/>Un saludo<\/p>\n<p>Hotel El Palmeral, <a href=\"https:\/\/hotelpalmeral.com\/fr\/\">Hotel Benidorm<\/a><br \/><a href=\"https:\/\/hotelpalmeral.com\/fr\/\">www.hotelpalmeral.com<\/a><br \/>Telf.: 965 850 176<\/p>\n<div><a href=\"http:\/\/2.bp.blogspot.com\/-WG5ZgP5Ck4o\/Tfd44xChFyI\/AAAAAAAAA5A\/g2-i9PtOKxA\/s1600\/14062011.jpg\" imageanchor=\"1\"><img loading=\"lazy\" decoding=\"async\" border=\"0\" height=\"240\" src=\"http:\/\/2.bp.blogspot.com\/-WG5ZgP5Ck4o\/Tfd44xChFyI\/AAAAAAAAA5A\/g2-i9PtOKxA\/s320\/14062011.jpg\" width=\"320\"><\/a><\/div>","protected":false},"excerpt":{"rendered":"<p>Buenas tardes a todos desde Benidorm,Muchos est\u00e1is pensando en pasar algunos pr\u00f3ximos d\u00edas en Benidorm y para ello es fundamental saber qu\u00e9 tiempo tenemos. Esa es uno de los objetivos de este blog.Qu\u00e9 tiempo hace hoy en Benidorm? Pues hoy martes 14 de junio hace muchoooooo calor, peor mucho.El sol est\u00e1 radiante.La playa est\u00e1 fant\u00e1stica.Lo [&hellip;]<\/p>\n","protected":false},"author":1,"featured_media":0,"comment_status":"open","ping_status":"open","sticky":false,"template":"","format":"standard","meta":{"inline_featured_image":false,"footnotes":""},"categories":[29],"tags":[],"class_list":["post-1364","post","type-post","status-publish","format-standard","hentry","category-tiempo-en-benidorm"],"yoast_head":"<!-- This site is optimized with the Yoast SEO plugin v27.4 - https:\/\/yoast.com\/product\/yoast-seo-wordpress\/ -->\r\n<title>Tiempo en Benidorm hoy martes 14 de junio - Hotel El Palmeral<\/title>\r\n<meta name=\"robots\" content=\"index, follow, max-snippet:-1, max-image-preview:large, max-video-preview:-1\" \/>\r\n<link rel=\"canonical\" href=\"https:\/\/hotelpalmeral.com\/fr\/tiempo-en-benidorm-hoy-martes-14-de-junio\/\" \/>\r\n<meta property=\"og:locale\" content=\"fr_FR\" \/>\r\n<meta property=\"og:type\" content=\"article\" \/>\r\n<meta property=\"og:title\" content=\"Tiempo en Benidorm hoy martes 14 de junio - Hotel El Palmeral\" \/>\r\n<meta property=\"og:description\" content=\"Buenas tardes a todos desde Benidorm,Muchos est\u00e1is pensando en pasar algunos pr\u00f3ximos d\u00edas en Benidorm y para ello es fundamental saber qu\u00e9 tiempo tenemos. Esa es uno de los objetivos de este blog.Qu\u00e9 tiempo hace hoy en Benidorm? Pues hoy martes 14 de junio hace muchoooooo calor, peor mucho.El sol est\u00e1 radiante.La playa est\u00e1 fant\u00e1stica.Lo [&hellip;]\" \/>\r\n<meta property=\"og:url\" content=\"https:\/\/hotelpalmeral.com\/fr\/tiempo-en-benidorm-hoy-martes-14-de-junio\/\" \/>\r\n<meta property=\"og:site_name\" content=\"Hotel El Palmeral\" \/>\r\n<meta property=\"article:publisher\" content=\"https:\/\/www.facebook.com\/HotelPalmeralBenidorm\" \/>\r\n<meta property=\"article:published_time\" content=\"2011-06-14T15:06:00+00:00\" \/>\r\n<meta property=\"og:image\" content=\"http:\/\/2.bp.blogspot.com\/-WG5ZgP5Ck4o\/Tfd44xChFyI\/AAAAAAAAA5A\/g2-i9PtOKxA\/s320\/14062011.jpg\" \/>\r\n<meta name=\"author\" content=\"admin_palmeral\" \/>\r\n<meta name=\"twitter:card\" content=\"summary_large_image\" \/>\r\n<meta name=\"twitter:creator\" content=\"@hotelelpalmeral\" \/>\r\n<meta name=\"twitter:site\" content=\"@hotelelpalmeral\" \/>\r\n<meta name=\"twitter:label1\" content=\"\u00c9crit par\" \/>\n\t<meta name=\"twitter:data1\" content=\"admin_palmeral\" \/>\n\t<meta name=\"twitter:label2\" content=\"Dur\u00e9e de lecture estim\u00e9e\" \/>\n\t<meta name=\"twitter:data2\" content=\"1 minute\" \/>\r\n<script type=\"application\/ld+json\" class=\"yoast-schema-graph\">{\"@context\":\"https:\\\/\\\/schema.org\",\"@graph\":[{\"@type\":\"Article\",\"@id\":\"https:\\\/\\\/hotelpalmeral.com\\\/de\\\/tiempo-en-benidorm-hoy-martes-14-de-junio\\\/#article\",\"isPartOf\":{\"@id\":\"https:\\\/\\\/hotelpalmeral.com\\\/de\\\/tiempo-en-benidorm-hoy-martes-14-de-junio\\\/\"},\"author\":{\"name\":\"admin_palmeral\",\"@id\":\"https:\\\/\\\/hotelpalmeral.com\\\/#\\\/schema\\\/person\\\/c8066d1b13fdf1bac6d45a1394738ca6\"},\"headline\":\"Tiempo en Benidorm hoy martes 14 de junio\",\"datePublished\":\"2011-06-14T15:06:00+00:00\",\"mainEntityOfPage\":{\"@id\":\"https:\\\/\\\/hotelpalmeral.com\\\/de\\\/tiempo-en-benidorm-hoy-martes-14-de-junio\\\/\"},\"wordCount\":110,\"commentCount\":0,\"publisher\":{\"@id\":\"https:\\\/\\\/hotelpalmeral.com\\\/#organization\"},\"image\":{\"@id\":\"https:\\\/\\\/hotelpalmeral.com\\\/de\\\/tiempo-en-benidorm-hoy-martes-14-de-junio\\\/#primaryimage\"},\"thumbnailUrl\":\"http:\\\/\\\/2.bp.blogspot.com\\\/-WG5ZgP5Ck4o\\\/Tfd44xChFyI\\\/AAAAAAAAA5A\\\/g2-i9PtOKxA\\\/s320\\\/14062011.jpg\",\"articleSection\":[\"Tiempo en Benidorm\"],\"inLanguage\":\"fr-FR\",\"potentialAction\":[{\"@type\":\"CommentAction\",\"name\":\"Comment\",\"target\":[\"https:\\\/\\\/hotelpalmeral.com\\\/de\\\/tiempo-en-benidorm-hoy-martes-14-de-junio\\\/#respond\"]}]},{\"@type\":\"WebPage\",\"@id\":\"https:\\\/\\\/hotelpalmeral.com\\\/de\\\/tiempo-en-benidorm-hoy-martes-14-de-junio\\\/\",\"url\":\"https:\\\/\\\/hotelpalmeral.com\\\/de\\\/tiempo-en-benidorm-hoy-martes-14-de-junio\\\/\",\"name\":\"Tiempo en Benidorm hoy martes 14 de junio - Hotel El Palmeral\",\"isPartOf\":{\"@id\":\"https:\\\/\\\/hotelpalmeral.com\\\/#website\"},\"primaryImageOfPage\":{\"@id\":\"https:\\\/\\\/hotelpalmeral.com\\\/de\\\/tiempo-en-benidorm-hoy-martes-14-de-junio\\\/#primaryimage\"},\"image\":{\"@id\":\"https:\\\/\\\/hotelpalmeral.com\\\/de\\\/tiempo-en-benidorm-hoy-martes-14-de-junio\\\/#primaryimage\"},\"thumbnailUrl\":\"http:\\\/\\\/2.bp.blogspot.com\\\/-WG5ZgP5Ck4o\\\/Tfd44xChFyI\\\/AAAAAAAAA5A\\\/g2-i9PtOKxA\\\/s320\\\/14062011.jpg\",\"datePublished\":\"2011-06-14T15:06:00+00:00\",\"breadcrumb\":{\"@id\":\"https:\\\/\\\/hotelpalmeral.com\\\/de\\\/tiempo-en-benidorm-hoy-martes-14-de-junio\\\/#breadcrumb\"},\"inLanguage\":\"fr-FR\",\"potentialAction\":[{\"@type\":\"ReadAction\",\"target\":[\"https:\\\/\\\/hotelpalmeral.com\\\/de\\\/tiempo-en-benidorm-hoy-martes-14-de-junio\\\/\"]}]},{\"@type\":\"ImageObject\",\"inLanguage\":\"fr-FR\",\"@id\":\"https:\\\/\\\/hotelpalmeral.com\\\/de\\\/tiempo-en-benidorm-hoy-martes-14-de-junio\\\/#primaryimage\",\"url\":\"http:\\\/\\\/2.bp.blogspot.com\\\/-WG5ZgP5Ck4o\\\/Tfd44xChFyI\\\/AAAAAAAAA5A\\\/g2-i9PtOKxA\\\/s320\\\/14062011.jpg\",\"contentUrl\":\"http:\\\/\\\/2.bp.blogspot.com\\\/-WG5ZgP5Ck4o\\\/Tfd44xChFyI\\\/AAAAAAAAA5A\\\/g2-i9PtOKxA\\\/s320\\\/14062011.jpg\"},{\"@type\":\"BreadcrumbList\",\"@id\":\"https:\\\/\\\/hotelpalmeral.com\\\/de\\\/tiempo-en-benidorm-hoy-martes-14-de-junio\\\/#breadcrumb\",\"itemListElement\":[{\"@type\":\"ListItem\",\"position\":1,\"name\":\"Portada\",\"item\":\"https:\\\/\\\/hotelpalmeral.com\\\/\"},{\"@type\":\"ListItem\",\"position\":2,\"name\":\"Tiempo en Benidorm hoy martes 14 de junio\"}]},{\"@type\":\"WebSite\",\"@id\":\"https:\\\/\\\/hotelpalmeral.com\\\/#website\",\"url\":\"https:\\\/\\\/hotelpalmeral.com\\\/\",\"name\":\"Hotel El Palmeral\",\"description\":\"Hotel en Benidorm\",\"publisher\":{\"@id\":\"https:\\\/\\\/hotelpalmeral.com\\\/#organization\"},\"potentialAction\":[{\"@type\":\"SearchAction\",\"target\":{\"@type\":\"EntryPoint\",\"urlTemplate\":\"https:\\\/\\\/hotelpalmeral.com\\\/?s={search_term_string}\"},\"query-input\":{\"@type\":\"PropertyValueSpecification\",\"valueRequired\":true,\"valueName\":\"search_term_string\"}}],\"inLanguage\":\"fr-FR\"},{\"@type\":\"Organization\",\"@id\":\"https:\\\/\\\/hotelpalmeral.com\\\/#organization\",\"name\":\"Hotel El Palmeral\",\"url\":\"https:\\\/\\\/hotelpalmeral.com\\\/\",\"logo\":{\"@type\":\"ImageObject\",\"inLanguage\":\"fr-FR\",\"@id\":\"https:\\\/\\\/hotelpalmeral.com\\\/#\\\/schema\\\/logo\\\/image\\\/\",\"url\":\"https:\\\/\\\/hotelpalmeral.com\\\/wp-content\\\/uploads\\\/2023\\\/03\\\/Logo-footer.png\",\"contentUrl\":\"https:\\\/\\\/hotelpalmeral.com\\\/wp-content\\\/uploads\\\/2023\\\/03\\\/Logo-footer.png\",\"width\":229,\"height\":265,\"caption\":\"Hotel El Palmeral\"},\"image\":{\"@id\":\"https:\\\/\\\/hotelpalmeral.com\\\/#\\\/schema\\\/logo\\\/image\\\/\"},\"sameAs\":[\"https:\\\/\\\/www.facebook.com\\\/HotelPalmeralBenidorm\",\"https:\\\/\\\/x.com\\\/hotelelpalmeral\",\"https:\\\/\\\/www.instagram.com\\\/hotelpalmeralbenidorm\\\/\"]},{\"@type\":\"Person\",\"@id\":\"https:\\\/\\\/hotelpalmeral.com\\\/#\\\/schema\\\/person\\\/c8066d1b13fdf1bac6d45a1394738ca6\",\"name\":\"admin_palmeral\",\"image\":{\"@type\":\"ImageObject\",\"inLanguage\":\"fr-FR\",\"@id\":\"https:\\\/\\\/secure.gravatar.com\\\/avatar\\\/6b12524dda5bc713fd067188ac2e02862b3e463150f6095efe68cfd0e19d3b11?s=96&d=mm&r=g\",\"url\":\"https:\\\/\\\/secure.gravatar.com\\\/avatar\\\/6b12524dda5bc713fd067188ac2e02862b3e463150f6095efe68cfd0e19d3b11?s=96&d=mm&r=g\",\"contentUrl\":\"https:\\\/\\\/secure.gravatar.com\\\/avatar\\\/6b12524dda5bc713fd067188ac2e02862b3e463150f6095efe68cfd0e19d3b11?s=96&d=mm&r=g\",\"caption\":\"admin_palmeral\"},\"sameAs\":[\"http:\\\/\\\/hotelpalmeral.com\"],\"url\":\"https:\\\/\\\/hotelpalmeral.com\\\/fr\\\/author\\\/admin_palmeral\\\/\"}]}<\/script>\r\n<!-- \/ Yoast SEO plugin. -->","yoast_head_json":{"title":"Tiempo en Benidorm hoy martes 14 de junio - Hotel El Palmeral","robots":{"index":"index","follow":"follow","max-snippet":"max-snippet:-1","max-image-preview":"max-image-preview:large","max-video-preview":"max-video-preview:-1"},"canonical":"https:\/\/hotelpalmeral.com\/fr\/tiempo-en-benidorm-hoy-martes-14-de-junio\/","og_locale":"fr_FR","og_type":"article","og_title":"Tiempo en Benidorm hoy martes 14 de junio - Hotel El Palmeral","og_description":"Buenas tardes a todos desde Benidorm,Muchos est\u00e1is pensando en pasar algunos pr\u00f3ximos d\u00edas en Benidorm y para ello es fundamental saber qu\u00e9 tiempo tenemos. Esa es uno de los objetivos de este blog.Qu\u00e9 tiempo hace hoy en Benidorm? Pues hoy martes 14 de junio hace muchoooooo calor, peor mucho.El sol est\u00e1 radiante.La playa est\u00e1 fant\u00e1stica.Lo [&hellip;]","og_url":"https:\/\/hotelpalmeral.com\/fr\/tiempo-en-benidorm-hoy-martes-14-de-junio\/","og_site_name":"Hotel El Palmeral","article_publisher":"https:\/\/www.facebook.com\/HotelPalmeralBenidorm","article_published_time":"2011-06-14T15:06:00+00:00","og_image":[{"url":"http:\/\/2.bp.blogspot.com\/-WG5ZgP5Ck4o\/Tfd44xChFyI\/AAAAAAAAA5A\/g2-i9PtOKxA\/s320\/14062011.jpg","type":"","width":"","height":""}],"author":"admin_palmeral","twitter_card":"summary_large_image","twitter_creator":"@hotelelpalmeral","twitter_site":"@hotelelpalmeral","twitter_misc":{"\u00c9crit par":"admin_palmeral","Dur\u00e9e de lecture estim\u00e9e":"1 minute"},"schema":{"@context":"https:\/\/schema.org","@graph":[{"@type":"Article","@id":"https:\/\/hotelpalmeral.com\/de\/tiempo-en-benidorm-hoy-martes-14-de-junio\/#article","isPartOf":{"@id":"https:\/\/hotelpalmeral.com\/de\/tiempo-en-benidorm-hoy-martes-14-de-junio\/"},"author":{"name":"admin_palmeral","@id":"https:\/\/hotelpalmeral.com\/#\/schema\/person\/c8066d1b13fdf1bac6d45a1394738ca6"},"headline":"Tiempo en Benidorm hoy martes 14 de junio","datePublished":"2011-06-14T15:06:00+00:00","mainEntityOfPage":{"@id":"https:\/\/hotelpalmeral.com\/de\/tiempo-en-benidorm-hoy-martes-14-de-junio\/"},"wordCount":110,"commentCount":0,"publisher":{"@id":"https:\/\/hotelpalmeral.com\/#organization"},"image":{"@id":"https:\/\/hotelpalmeral.com\/de\/tiempo-en-benidorm-hoy-martes-14-de-junio\/#primaryimage"},"thumbnailUrl":"http:\/\/2.bp.blogspot.com\/-WG5ZgP5Ck4o\/Tfd44xChFyI\/AAAAAAAAA5A\/g2-i9PtOKxA\/s320\/14062011.jpg","articleSection":["Tiempo en Benidorm"],"inLanguage":"fr-FR","potentialAction":[{"@type":"CommentAction","name":"Comment","target":["https:\/\/hotelpalmeral.com\/de\/tiempo-en-benidorm-hoy-martes-14-de-junio\/#respond"]}]},{"@type":"WebPage","@id":"https:\/\/hotelpalmeral.com\/de\/tiempo-en-benidorm-hoy-martes-14-de-junio\/","url":"https:\/\/hotelpalmeral.com\/de\/tiempo-en-benidorm-hoy-martes-14-de-junio\/","name":"Tiempo en Benidorm hoy martes 14 de junio - Hotel El Palmeral","isPartOf":{"@id":"https:\/\/hotelpalmeral.com\/#website"},"primaryImageOfPage":{"@id":"https:\/\/hotelpalmeral.com\/de\/tiempo-en-benidorm-hoy-martes-14-de-junio\/#primaryimage"},"image":{"@id":"https:\/\/hotelpalmeral.com\/de\/tiempo-en-benidorm-hoy-martes-14-de-junio\/#primaryimage"},"thumbnailUrl":"http:\/\/2.bp.blogspot.com\/-WG5ZgP5Ck4o\/Tfd44xChFyI\/AAAAAAAAA5A\/g2-i9PtOKxA\/s320\/14062011.jpg","datePublished":"2011-06-14T15:06:00+00:00","breadcrumb":{"@id":"https:\/\/hotelpalmeral.com\/de\/tiempo-en-benidorm-hoy-martes-14-de-junio\/#breadcrumb"},"inLanguage":"fr-FR","potentialAction":[{"@type":"ReadAction","target":["https:\/\/hotelpalmeral.com\/de\/tiempo-en-benidorm-hoy-martes-14-de-junio\/"]}]},{"@type":"ImageObject","inLanguage":"fr-FR","@id":"https:\/\/hotelpalmeral.com\/de\/tiempo-en-benidorm-hoy-martes-14-de-junio\/#primaryimage","url":"http:\/\/2.bp.blogspot.com\/-WG5ZgP5Ck4o\/Tfd44xChFyI\/AAAAAAAAA5A\/g2-i9PtOKxA\/s320\/14062011.jpg","contentUrl":"http:\/\/2.bp.blogspot.com\/-WG5ZgP5Ck4o\/Tfd44xChFyI\/AAAAAAAAA5A\/g2-i9PtOKxA\/s320\/14062011.jpg"},{"@type":"BreadcrumbList","@id":"https:\/\/hotelpalmeral.com\/de\/tiempo-en-benidorm-hoy-martes-14-de-junio\/#breadcrumb","itemListElement":[{"@type":"ListItem","position":1,"name":"Portada","item":"https:\/\/hotelpalmeral.com\/"},{"@type":"ListItem","position":2,"name":"Tiempo en Benidorm hoy martes 14 de junio"}]},{"@type":"WebSite","@id":"https:\/\/hotelpalmeral.com\/#website","url":"https:\/\/hotelpalmeral.com\/","name":"Hotel El Palmeral","description":"Hotel en Benidorm","publisher":{"@id":"https:\/\/hotelpalmeral.com\/#organization"},"potentialAction":[{"@type":"SearchAction","target":{"@type":"EntryPoint","urlTemplate":"https:\/\/hotelpalmeral.com\/?s={search_term_string}"},"query-input":{"@type":"PropertyValueSpecification","valueRequired":true,"valueName":"search_term_string"}}],"inLanguage":"fr-FR"},{"@type":"Organization","@id":"https:\/\/hotelpalmeral.com\/#organization","name":"Hotel El Palmeral","url":"https:\/\/hotelpalmeral.com\/","logo":{"@type":"ImageObject","inLanguage":"fr-FR","@id":"https:\/\/hotelpalmeral.com\/#\/schema\/logo\/image\/","url":"https:\/\/hotelpalmeral.com\/wp-content\/uploads\/2023\/03\/Logo-footer.png","contentUrl":"https:\/\/hotelpalmeral.com\/wp-content\/uploads\/2023\/03\/Logo-footer.png","width":229,"height":265,"caption":"Hotel El Palmeral"},"image":{"@id":"https:\/\/hotelpalmeral.com\/#\/schema\/logo\/image\/"},"sameAs":["https:\/\/www.facebook.com\/HotelPalmeralBenidorm","https:\/\/x.com\/hotelelpalmeral","https:\/\/www.instagram.com\/hotelpalmeralbenidorm\/"]},{"@type":"Person","@id":"https:\/\/hotelpalmeral.com\/#\/schema\/person\/c8066d1b13fdf1bac6d45a1394738ca6","name":"admin_palmeral","image":{"@type":"ImageObject","inLanguage":"fr-FR","@id":"https:\/\/secure.gravatar.com\/avatar\/6b12524dda5bc713fd067188ac2e02862b3e463150f6095efe68cfd0e19d3b11?s=96&d=mm&r=g","url":"https:\/\/secure.gravatar.com\/avatar\/6b12524dda5bc713fd067188ac2e02862b3e463150f6095efe68cfd0e19d3b11?s=96&d=mm&r=g","contentUrl":"https:\/\/secure.gravatar.com\/avatar\/6b12524dda5bc713fd067188ac2e02862b3e463150f6095efe68cfd0e19d3b11?s=96&d=mm&r=g","caption":"admin_palmeral"},"sameAs":["http:\/\/hotelpalmeral.com"],"url":"https:\/\/hotelpalmeral.com\/fr\/author\/admin_palmeral\/"}]}},"_links":{"self":[{"href":"https:\/\/hotelpalmeral.com\/fr\/wp-json\/wp\/v2\/posts\/1364","targetHints":{"allow":["GET"]}}],"collection":[{"href":"https:\/\/hotelpalmeral.com\/fr\/wp-json\/wp\/v2\/posts"}],"about":[{"href":"https:\/\/hotelpalmeral.com\/fr\/wp-json\/wp\/v2\/types\/post"}],"author":[{"embeddable":true,"href":"https:\/\/hotelpalmeral.com\/fr\/wp-json\/wp\/v2\/users\/1"}],"replies":[{"embeddable":true,"href":"https:\/\/hotelpalmeral.com\/fr\/wp-json\/wp\/v2\/comments?post=1364"}],"version-history":[{"count":0,"href":"https:\/\/hotelpalmeral.com\/fr\/wp-json\/wp\/v2\/posts\/1364\/revisions"}],"wp:attachment":[{"href":"https:\/\/hotelpalmeral.com\/fr\/wp-json\/wp\/v2\/media?parent=1364"}],"wp:term":[{"taxonomy":"category","embeddable":true,"href":"https:\/\/hotelpalmeral.com\/fr\/wp-json\/wp\/v2\/categories?post=1364"},{"taxonomy":"post_tag","embeddable":true,"href":"https:\/\/hotelpalmeral.com\/fr\/wp-json\/wp\/v2\/tags?post=1364"}],"curies":[{"name":"wp","href":"https:\/\/api.w.org\/{rel}","templated":true}]}}