{"id":1358,"date":"2011-06-20T11:34:00","date_gmt":"2011-06-20T11:34:00","guid":{"rendered":"http:\/\/blog.hotelpalmeral.com\/?p=640"},"modified":"2011-06-20T11:34:00","modified_gmt":"2011-06-20T11:34:00","slug":"tiempo-en-benidorm-hoy-21-junio-2011","status":"publish","type":"post","link":"https:\/\/hotelpalmeral.com\/fr\/tiempo-en-benidorm-hoy-21-junio-2011\/","title":{"rendered":"Tiempo en Benidorm hoy 21 junio 2011"},"content":{"rendered":"<p>Hola desde Benidorm,<br \/>Estamos aqu\u00ed para hablaros del tiempo de Benidorm hoy lunes 20 de junio.<br \/>Hoy hace un muy buen d\u00eda.<br \/>El sol brilla.<br \/>La temperatura es elevada pero como hace un poco de brisa se est\u00e1 muy bien en la playa.<br \/>Os pasamos una foto de la playa de Benidorm tomada a\u00a0 las 13h, a ver si os anim\u00e1is a daros un chapuz\u00f3n.<br \/>Un saludo<\/p>\n<p>Hotel El Palmeral, <a href=\"https:\/\/hotelpalmeral.com\/fr\/\">Hotel Benidorm<\/a><br \/><a href=\"https:\/\/hotelpalmeral.com\/fr\/\">www.hotelpalmeral.com<\/a><\/p>\n<div><a href=\"http:\/\/2.bp.blogspot.com\/-vUdNI4daatI\/Tf8wQ3Qgc5I\/AAAAAAAAA5Q\/vj7ewjVMbbw\/s1600\/playa+benidorm.jpg\" imageanchor=\"1\"><img loading=\"lazy\" decoding=\"async\" border=\"0\" height=\"320\" src=\"http:\/\/2.bp.blogspot.com\/-vUdNI4daatI\/Tf8wQ3Qgc5I\/AAAAAAAAA5Q\/vj7ewjVMbbw\/s320\/playa+benidorm.jpg\" width=\"240\"><\/a><\/div>\n<p>Telf.: 96 585 01 76<\/p>","protected":false},"excerpt":{"rendered":"<p>Hola desde Benidorm,Estamos aqu\u00ed para hablaros del tiempo de Benidorm hoy lunes 20 de junio.Hoy hace un muy buen d\u00eda.El sol brilla.La temperatura es elevada pero como hace un poco de brisa se est\u00e1 muy bien en la playa.Os pasamos una foto de la playa de Benidorm tomada a\u00a0 las 13h, a ver si os [&hellip;]<\/p>\n","protected":false},"author":1,"featured_media":0,"comment_status":"open","ping_status":"open","sticky":false,"template":"","format":"standard","meta":{"inline_featured_image":false,"footnotes":""},"categories":[29],"tags":[],"class_list":["post-1358","post","type-post","status-publish","format-standard","hentry","category-tiempo-en-benidorm"],"yoast_head":"<!-- This site is optimized with the Yoast SEO plugin v27.4 - https:\/\/yoast.com\/product\/yoast-seo-wordpress\/ -->\r\n<title>Tiempo en Benidorm hoy 21 junio 2011 - Hotel El Palmeral<\/title>\r\n<meta name=\"robots\" content=\"index, follow, max-snippet:-1, max-image-preview:large, max-video-preview:-1\" \/>\r\n<link rel=\"canonical\" href=\"https:\/\/hotelpalmeral.com\/fr\/tiempo-en-benidorm-hoy-21-junio-2011\/\" \/>\r\n<meta property=\"og:locale\" content=\"fr_FR\" \/>\r\n<meta property=\"og:type\" content=\"article\" \/>\r\n<meta property=\"og:title\" content=\"Tiempo en Benidorm hoy 21 junio 2011 - Hotel El Palmeral\" \/>\r\n<meta property=\"og:description\" content=\"Hola desde Benidorm,Estamos aqu\u00ed para hablaros del tiempo de Benidorm hoy lunes 20 de junio.Hoy hace un muy buen d\u00eda.El sol brilla.La temperatura es elevada pero como hace un poco de brisa se est\u00e1 muy bien en la playa.Os pasamos una foto de la playa de Benidorm tomada a\u00a0 las 13h, a ver si os [&hellip;]\" \/>\r\n<meta property=\"og:url\" content=\"https:\/\/hotelpalmeral.com\/fr\/tiempo-en-benidorm-hoy-21-junio-2011\/\" \/>\r\n<meta property=\"og:site_name\" content=\"Hotel El Palmeral\" \/>\r\n<meta property=\"article:publisher\" content=\"https:\/\/www.facebook.com\/HotelPalmeralBenidorm\" \/>\r\n<meta property=\"article:published_time\" content=\"2011-06-20T11:34:00+00:00\" \/>\r\n<meta property=\"og:image\" content=\"http:\/\/2.bp.blogspot.com\/-vUdNI4daatI\/Tf8wQ3Qgc5I\/AAAAAAAAA5Q\/vj7ewjVMbbw\/s320\/playa+benidorm.jpg\" \/>\r\n<meta name=\"author\" content=\"admin_palmeral\" \/>\r\n<meta name=\"twitter:card\" content=\"summary_large_image\" \/>\r\n<meta name=\"twitter:creator\" content=\"@hotelelpalmeral\" \/>\r\n<meta name=\"twitter:site\" content=\"@hotelelpalmeral\" \/>\r\n<meta name=\"twitter:label1\" content=\"\u00c9crit par\" \/>\n\t<meta name=\"twitter:data1\" content=\"admin_palmeral\" \/>\r\n<script type=\"application\/ld+json\" class=\"yoast-schema-graph\">{\"@context\":\"https:\\\/\\\/schema.org\",\"@graph\":[{\"@type\":\"Article\",\"@id\":\"https:\\\/\\\/hotelpalmeral.com\\\/tiempo-en-benidorm-hoy-21-junio-2011\\\/#article\",\"isPartOf\":{\"@id\":\"https:\\\/\\\/hotelpalmeral.com\\\/tiempo-en-benidorm-hoy-21-junio-2011\\\/\"},\"author\":{\"name\":\"admin_palmeral\",\"@id\":\"https:\\\/\\\/hotelpalmeral.com\\\/#\\\/schema\\\/person\\\/c8066d1b13fdf1bac6d45a1394738ca6\"},\"headline\":\"Tiempo en Benidorm hoy 21 junio 2011\",\"datePublished\":\"2011-06-20T11:34:00+00:00\",\"mainEntityOfPage\":{\"@id\":\"https:\\\/\\\/hotelpalmeral.com\\\/tiempo-en-benidorm-hoy-21-junio-2011\\\/\"},\"wordCount\":83,\"commentCount\":0,\"publisher\":{\"@id\":\"https:\\\/\\\/hotelpalmeral.com\\\/#organization\"},\"image\":{\"@id\":\"https:\\\/\\\/hotelpalmeral.com\\\/tiempo-en-benidorm-hoy-21-junio-2011\\\/#primaryimage\"},\"thumbnailUrl\":\"http:\\\/\\\/2.bp.blogspot.com\\\/-vUdNI4daatI\\\/Tf8wQ3Qgc5I\\\/AAAAAAAAA5Q\\\/vj7ewjVMbbw\\\/s320\\\/playa+benidorm.jpg\",\"articleSection\":[\"Tiempo en Benidorm\"],\"inLanguage\":\"fr-FR\",\"potentialAction\":[{\"@type\":\"CommentAction\",\"name\":\"Comment\",\"target\":[\"https:\\\/\\\/hotelpalmeral.com\\\/tiempo-en-benidorm-hoy-21-junio-2011\\\/#respond\"]}]},{\"@type\":\"WebPage\",\"@id\":\"https:\\\/\\\/hotelpalmeral.com\\\/tiempo-en-benidorm-hoy-21-junio-2011\\\/\",\"url\":\"https:\\\/\\\/hotelpalmeral.com\\\/tiempo-en-benidorm-hoy-21-junio-2011\\\/\",\"name\":\"Tiempo en Benidorm hoy 21 junio 2011 - Hotel El Palmeral\",\"isPartOf\":{\"@id\":\"https:\\\/\\\/hotelpalmeral.com\\\/#website\"},\"primaryImageOfPage\":{\"@id\":\"https:\\\/\\\/hotelpalmeral.com\\\/tiempo-en-benidorm-hoy-21-junio-2011\\\/#primaryimage\"},\"image\":{\"@id\":\"https:\\\/\\\/hotelpalmeral.com\\\/tiempo-en-benidorm-hoy-21-junio-2011\\\/#primaryimage\"},\"thumbnailUrl\":\"http:\\\/\\\/2.bp.blogspot.com\\\/-vUdNI4daatI\\\/Tf8wQ3Qgc5I\\\/AAAAAAAAA5Q\\\/vj7ewjVMbbw\\\/s320\\\/playa+benidorm.jpg\",\"datePublished\":\"2011-06-20T11:34:00+00:00\",\"breadcrumb\":{\"@id\":\"https:\\\/\\\/hotelpalmeral.com\\\/tiempo-en-benidorm-hoy-21-junio-2011\\\/#breadcrumb\"},\"inLanguage\":\"fr-FR\",\"potentialAction\":[{\"@type\":\"ReadAction\",\"target\":[\"https:\\\/\\\/hotelpalmeral.com\\\/tiempo-en-benidorm-hoy-21-junio-2011\\\/\"]}]},{\"@type\":\"ImageObject\",\"inLanguage\":\"fr-FR\",\"@id\":\"https:\\\/\\\/hotelpalmeral.com\\\/tiempo-en-benidorm-hoy-21-junio-2011\\\/#primaryimage\",\"url\":\"http:\\\/\\\/2.bp.blogspot.com\\\/-vUdNI4daatI\\\/Tf8wQ3Qgc5I\\\/AAAAAAAAA5Q\\\/vj7ewjVMbbw\\\/s320\\\/playa+benidorm.jpg\",\"contentUrl\":\"http:\\\/\\\/2.bp.blogspot.com\\\/-vUdNI4daatI\\\/Tf8wQ3Qgc5I\\\/AAAAAAAAA5Q\\\/vj7ewjVMbbw\\\/s320\\\/playa+benidorm.jpg\"},{\"@type\":\"BreadcrumbList\",\"@id\":\"https:\\\/\\\/hotelpalmeral.com\\\/tiempo-en-benidorm-hoy-21-junio-2011\\\/#breadcrumb\",\"itemListElement\":[{\"@type\":\"ListItem\",\"position\":1,\"name\":\"Portada\",\"item\":\"https:\\\/\\\/hotelpalmeral.com\\\/\"},{\"@type\":\"ListItem\",\"position\":2,\"name\":\"Tiempo en Benidorm hoy 21 junio 2011\"}]},{\"@type\":\"WebSite\",\"@id\":\"https:\\\/\\\/hotelpalmeral.com\\\/#website\",\"url\":\"https:\\\/\\\/hotelpalmeral.com\\\/\",\"name\":\"Hotel El Palmeral\",\"description\":\"Hotel en Benidorm\",\"publisher\":{\"@id\":\"https:\\\/\\\/hotelpalmeral.com\\\/#organization\"},\"potentialAction\":[{\"@type\":\"SearchAction\",\"target\":{\"@type\":\"EntryPoint\",\"urlTemplate\":\"https:\\\/\\\/hotelpalmeral.com\\\/?s={search_term_string}\"},\"query-input\":{\"@type\":\"PropertyValueSpecification\",\"valueRequired\":true,\"valueName\":\"search_term_string\"}}],\"inLanguage\":\"fr-FR\"},{\"@type\":\"Organization\",\"@id\":\"https:\\\/\\\/hotelpalmeral.com\\\/#organization\",\"name\":\"Hotel El Palmeral\",\"url\":\"https:\\\/\\\/hotelpalmeral.com\\\/\",\"logo\":{\"@type\":\"ImageObject\",\"inLanguage\":\"fr-FR\",\"@id\":\"https:\\\/\\\/hotelpalmeral.com\\\/#\\\/schema\\\/logo\\\/image\\\/\",\"url\":\"https:\\\/\\\/hotelpalmeral.com\\\/wp-content\\\/uploads\\\/2023\\\/03\\\/Logo-footer.png\",\"contentUrl\":\"https:\\\/\\\/hotelpalmeral.com\\\/wp-content\\\/uploads\\\/2023\\\/03\\\/Logo-footer.png\",\"width\":229,\"height\":265,\"caption\":\"Hotel El Palmeral\"},\"image\":{\"@id\":\"https:\\\/\\\/hotelpalmeral.com\\\/#\\\/schema\\\/logo\\\/image\\\/\"},\"sameAs\":[\"https:\\\/\\\/www.facebook.com\\\/HotelPalmeralBenidorm\",\"https:\\\/\\\/x.com\\\/hotelelpalmeral\",\"https:\\\/\\\/www.instagram.com\\\/hotelpalmeralbenidorm\\\/\"]},{\"@type\":\"Person\",\"@id\":\"https:\\\/\\\/hotelpalmeral.com\\\/#\\\/schema\\\/person\\\/c8066d1b13fdf1bac6d45a1394738ca6\",\"name\":\"admin_palmeral\",\"image\":{\"@type\":\"ImageObject\",\"inLanguage\":\"fr-FR\",\"@id\":\"https:\\\/\\\/secure.gravatar.com\\\/avatar\\\/6b12524dda5bc713fd067188ac2e02862b3e463150f6095efe68cfd0e19d3b11?s=96&d=mm&r=g\",\"url\":\"https:\\\/\\\/secure.gravatar.com\\\/avatar\\\/6b12524dda5bc713fd067188ac2e02862b3e463150f6095efe68cfd0e19d3b11?s=96&d=mm&r=g\",\"contentUrl\":\"https:\\\/\\\/secure.gravatar.com\\\/avatar\\\/6b12524dda5bc713fd067188ac2e02862b3e463150f6095efe68cfd0e19d3b11?s=96&d=mm&r=g\",\"caption\":\"admin_palmeral\"},\"sameAs\":[\"http:\\\/\\\/hotelpalmeral.com\"],\"url\":\"https:\\\/\\\/hotelpalmeral.com\\\/fr\\\/author\\\/admin_palmeral\\\/\"}]}<\/script>\r\n<!-- \/ Yoast SEO plugin. -->","yoast_head_json":{"title":"Tiempo en Benidorm hoy 21 junio 2011 - Hotel El Palmeral","robots":{"index":"index","follow":"follow","max-snippet":"max-snippet:-1","max-image-preview":"max-image-preview:large","max-video-preview":"max-video-preview:-1"},"canonical":"https:\/\/hotelpalmeral.com\/fr\/tiempo-en-benidorm-hoy-21-junio-2011\/","og_locale":"fr_FR","og_type":"article","og_title":"Tiempo en Benidorm hoy 21 junio 2011 - Hotel El Palmeral","og_description":"Hola desde Benidorm,Estamos aqu\u00ed para hablaros del tiempo de Benidorm hoy lunes 20 de junio.Hoy hace un muy buen d\u00eda.El sol brilla.La temperatura es elevada pero como hace un poco de brisa se est\u00e1 muy bien en la playa.Os pasamos una foto de la playa de Benidorm tomada a\u00a0 las 13h, a ver si os [&hellip;]","og_url":"https:\/\/hotelpalmeral.com\/fr\/tiempo-en-benidorm-hoy-21-junio-2011\/","og_site_name":"Hotel El Palmeral","article_publisher":"https:\/\/www.facebook.com\/HotelPalmeralBenidorm","article_published_time":"2011-06-20T11:34:00+00:00","og_image":[{"url":"http:\/\/2.bp.blogspot.com\/-vUdNI4daatI\/Tf8wQ3Qgc5I\/AAAAAAAAA5Q\/vj7ewjVMbbw\/s320\/playa+benidorm.jpg","type":"","width":"","height":""}],"author":"admin_palmeral","twitter_card":"summary_large_image","twitter_creator":"@hotelelpalmeral","twitter_site":"@hotelelpalmeral","twitter_misc":{"\u00c9crit par":"admin_palmeral"},"schema":{"@context":"https:\/\/schema.org","@graph":[{"@type":"Article","@id":"https:\/\/hotelpalmeral.com\/tiempo-en-benidorm-hoy-21-junio-2011\/#article","isPartOf":{"@id":"https:\/\/hotelpalmeral.com\/tiempo-en-benidorm-hoy-21-junio-2011\/"},"author":{"name":"admin_palmeral","@id":"https:\/\/hotelpalmeral.com\/#\/schema\/person\/c8066d1b13fdf1bac6d45a1394738ca6"},"headline":"Tiempo en Benidorm hoy 21 junio 2011","datePublished":"2011-06-20T11:34:00+00:00","mainEntityOfPage":{"@id":"https:\/\/hotelpalmeral.com\/tiempo-en-benidorm-hoy-21-junio-2011\/"},"wordCount":83,"commentCount":0,"publisher":{"@id":"https:\/\/hotelpalmeral.com\/#organization"},"image":{"@id":"https:\/\/hotelpalmeral.com\/tiempo-en-benidorm-hoy-21-junio-2011\/#primaryimage"},"thumbnailUrl":"http:\/\/2.bp.blogspot.com\/-vUdNI4daatI\/Tf8wQ3Qgc5I\/AAAAAAAAA5Q\/vj7ewjVMbbw\/s320\/playa+benidorm.jpg","articleSection":["Tiempo en Benidorm"],"inLanguage":"fr-FR","potentialAction":[{"@type":"CommentAction","name":"Comment","target":["https:\/\/hotelpalmeral.com\/tiempo-en-benidorm-hoy-21-junio-2011\/#respond"]}]},{"@type":"WebPage","@id":"https:\/\/hotelpalmeral.com\/tiempo-en-benidorm-hoy-21-junio-2011\/","url":"https:\/\/hotelpalmeral.com\/tiempo-en-benidorm-hoy-21-junio-2011\/","name":"Tiempo en Benidorm hoy 21 junio 2011 - Hotel El Palmeral","isPartOf":{"@id":"https:\/\/hotelpalmeral.com\/#website"},"primaryImageOfPage":{"@id":"https:\/\/hotelpalmeral.com\/tiempo-en-benidorm-hoy-21-junio-2011\/#primaryimage"},"image":{"@id":"https:\/\/hotelpalmeral.com\/tiempo-en-benidorm-hoy-21-junio-2011\/#primaryimage"},"thumbnailUrl":"http:\/\/2.bp.blogspot.com\/-vUdNI4daatI\/Tf8wQ3Qgc5I\/AAAAAAAAA5Q\/vj7ewjVMbbw\/s320\/playa+benidorm.jpg","datePublished":"2011-06-20T11:34:00+00:00","breadcrumb":{"@id":"https:\/\/hotelpalmeral.com\/tiempo-en-benidorm-hoy-21-junio-2011\/#breadcrumb"},"inLanguage":"fr-FR","potentialAction":[{"@type":"ReadAction","target":["https:\/\/hotelpalmeral.com\/tiempo-en-benidorm-hoy-21-junio-2011\/"]}]},{"@type":"ImageObject","inLanguage":"fr-FR","@id":"https:\/\/hotelpalmeral.com\/tiempo-en-benidorm-hoy-21-junio-2011\/#primaryimage","url":"http:\/\/2.bp.blogspot.com\/-vUdNI4daatI\/Tf8wQ3Qgc5I\/AAAAAAAAA5Q\/vj7ewjVMbbw\/s320\/playa+benidorm.jpg","contentUrl":"http:\/\/2.bp.blogspot.com\/-vUdNI4daatI\/Tf8wQ3Qgc5I\/AAAAAAAAA5Q\/vj7ewjVMbbw\/s320\/playa+benidorm.jpg"},{"@type":"BreadcrumbList","@id":"https:\/\/hotelpalmeral.com\/tiempo-en-benidorm-hoy-21-junio-2011\/#breadcrumb","itemListElement":[{"@type":"ListItem","position":1,"name":"Portada","item":"https:\/\/hotelpalmeral.com\/"},{"@type":"ListItem","position":2,"name":"Tiempo en Benidorm hoy 21 junio 2011"}]},{"@type":"WebSite","@id":"https:\/\/hotelpalmeral.com\/#website","url":"https:\/\/hotelpalmeral.com\/","name":"Hotel El Palmeral","description":"Hotel en Benidorm","publisher":{"@id":"https:\/\/hotelpalmeral.com\/#organization"},"potentialAction":[{"@type":"SearchAction","target":{"@type":"EntryPoint","urlTemplate":"https:\/\/hotelpalmeral.com\/?s={search_term_string}"},"query-input":{"@type":"PropertyValueSpecification","valueRequired":true,"valueName":"search_term_string"}}],"inLanguage":"fr-FR"},{"@type":"Organization","@id":"https:\/\/hotelpalmeral.com\/#organization","name":"Hotel El Palmeral","url":"https:\/\/hotelpalmeral.com\/","logo":{"@type":"ImageObject","inLanguage":"fr-FR","@id":"https:\/\/hotelpalmeral.com\/#\/schema\/logo\/image\/","url":"https:\/\/hotelpalmeral.com\/wp-content\/uploads\/2023\/03\/Logo-footer.png","contentUrl":"https:\/\/hotelpalmeral.com\/wp-content\/uploads\/2023\/03\/Logo-footer.png","width":229,"height":265,"caption":"Hotel El Palmeral"},"image":{"@id":"https:\/\/hotelpalmeral.com\/#\/schema\/logo\/image\/"},"sameAs":["https:\/\/www.facebook.com\/HotelPalmeralBenidorm","https:\/\/x.com\/hotelelpalmeral","https:\/\/www.instagram.com\/hotelpalmeralbenidorm\/"]},{"@type":"Person","@id":"https:\/\/hotelpalmeral.com\/#\/schema\/person\/c8066d1b13fdf1bac6d45a1394738ca6","name":"admin_palmeral","image":{"@type":"ImageObject","inLanguage":"fr-FR","@id":"https:\/\/secure.gravatar.com\/avatar\/6b12524dda5bc713fd067188ac2e02862b3e463150f6095efe68cfd0e19d3b11?s=96&d=mm&r=g","url":"https:\/\/secure.gravatar.com\/avatar\/6b12524dda5bc713fd067188ac2e02862b3e463150f6095efe68cfd0e19d3b11?s=96&d=mm&r=g","contentUrl":"https:\/\/secure.gravatar.com\/avatar\/6b12524dda5bc713fd067188ac2e02862b3e463150f6095efe68cfd0e19d3b11?s=96&d=mm&r=g","caption":"admin_palmeral"},"sameAs":["http:\/\/hotelpalmeral.com"],"url":"https:\/\/hotelpalmeral.com\/fr\/author\/admin_palmeral\/"}]}},"_links":{"self":[{"href":"https:\/\/hotelpalmeral.com\/fr\/wp-json\/wp\/v2\/posts\/1358","targetHints":{"allow":["GET"]}}],"collection":[{"href":"https:\/\/hotelpalmeral.com\/fr\/wp-json\/wp\/v2\/posts"}],"about":[{"href":"https:\/\/hotelpalmeral.com\/fr\/wp-json\/wp\/v2\/types\/post"}],"author":[{"embeddable":true,"href":"https:\/\/hotelpalmeral.com\/fr\/wp-json\/wp\/v2\/users\/1"}],"replies":[{"embeddable":true,"href":"https:\/\/hotelpalmeral.com\/fr\/wp-json\/wp\/v2\/comments?post=1358"}],"version-history":[{"count":0,"href":"https:\/\/hotelpalmeral.com\/fr\/wp-json\/wp\/v2\/posts\/1358\/revisions"}],"wp:attachment":[{"href":"https:\/\/hotelpalmeral.com\/fr\/wp-json\/wp\/v2\/media?parent=1358"}],"wp:term":[{"taxonomy":"category","embeddable":true,"href":"https:\/\/hotelpalmeral.com\/fr\/wp-json\/wp\/v2\/categories?post=1358"},{"taxonomy":"post_tag","embeddable":true,"href":"https:\/\/hotelpalmeral.com\/fr\/wp-json\/wp\/v2\/tags?post=1358"}],"curies":[{"name":"wp","href":"https:\/\/api.w.org\/{rel}","templated":true}]}}