{"id":1336,"date":"2011-05-07T11:30:00","date_gmt":"2011-05-07T11:30:00","guid":{"rendered":"http:\/\/blog.hotelpalmeral.com\/?p=694"},"modified":"2011-05-07T11:30:00","modified_gmt":"2011-05-07T11:30:00","slug":"agenda-del-mercado-medieval-en-benidorm-para-el-domingo-8-mayo","status":"publish","type":"post","link":"https:\/\/hotelpalmeral.com\/fr\/agenda-del-mercado-medieval-en-benidorm-para-el-domingo-8-mayo\/","title":{"rendered":"Agenda del mercado medieval en Benidorm para el domingo 8 mayo"},"content":{"rendered":"<p>Os pasamos el programa para ma\u00f1ana  domingo 8 de mayo 2011 del <a href=\"http:\/\/hotelelpalmeralbenidorm.blogspot.com\/2011\/05\/mercado-medieval-mayo-benidorm.html\">mercado medieval de Benidorm<\/a>. Es un buen plan tambi\u00e9n para ir con ni\u00f1os. Recordad que est\u00e1 en la plaza del Ayuntamiento de Benidorm.<\/p>\n<p>11\u00b400 h.: APERTURA DEL MERCADO.<br \/>12\u00b400 h.: CLAROSCURO. Espect\u00e1culo Familiar. Bernab\u00e9, m\u00e1s conocido como el Claroscuro, es un ser habilidoso y escurridizo que sin saber de qu\u00e9 manera, nos habr\u00e1 envuelto en un estado de contagiosa alegr\u00eda. <br \/>12\u00b430 h.: TIRO CON ARCO.<br \/>13\u00b400 h.: HORA DE LOS TALLERES.<br \/>13\u00b400 h.: EXPOSICI\u00d3N Y EXHIBICI\u00d3N DE CETRER\u00cdA.<br \/>13\u00b430 h.: AL-\u00c1NDALUS ETERNO. Danza Oriental. A cargo de Aned El Kamar. Espect\u00e1culo de danza andalus\u00ed, que nos traslada a la \u00e9poca del antiguo Al-\u00c1ndalus y nos envuelve en su magia, colores y aromas&#8230;.<br \/>17\u00b400 h.: HORA DE LOS TALLERES.<br \/>17\u00b430 h.: EL VAGAMUNDO Y EL HADA. Espect\u00e1culo Infantil. Milkaras y Karuma recorrer\u00e1n el mercado, en busca de grandes sorpresas m\u00e1gicas encargadas por el gran Alkana. Para ello, necesitar\u00e1n la ayuda inestimable de todos los ni\u00f1os.<br \/>18\u00b400 h.: TIRO CON ARCO.<br \/>18\u00b400 h.: EL SACO M\u00c1GICO. Teatro infantil. Desde lo profundo del bosque aparecen estos dos simp\u00e1ticos seres, que viajan por el mundo tras las pistas de un anciano Vagamundo, pero necesitar\u00e1n la ayuda de los ni\u00f1os para cumplir todas sus instrucciones&#8230; Malaka, Karuna y un gran Saco M\u00e1gico har\u00e1n las delicias de los ni\u00f1os.<br \/>18\u00b400 h.: EXPOSICI\u00d3N Y EXHIBICI\u00d3N DE CETRER\u00cdA.<br \/>20\u00b400 h.: EL HABILIDOSO BENGAL\u00cd. Un Buf\u00f3n de la Corte nos introducir\u00e1 en el mundo del fakirismo de una manera desenfadada y apta para todos los p\u00fablicos.<br \/>20\u00b430 h.: TRIBALIA. Espect\u00e1culo de Danza Trival. En el se fusionan los movimientos de luchas \u00e9tnicas con otros elementos, como la danza con fuego.<br \/>21\u00b400 h.: CIERRE DEL MERCADO.<\/p>\n<p>Un saludo,<br \/>Hotel el Palmeral, <a href=\"https:\/\/hotelpalmeral.com\/fr\/\">Hotel Benidorm<\/a><br \/><a href=\"https:\/\/hotelpalmeral.com\/fr\/\">www.hotelpalmeral.com<\/a><br \/>Telf.: 965 850 176<\/p>","protected":false},"excerpt":{"rendered":"<p>Os pasamos el programa para ma\u00f1ana domingo 8 de mayo 2011 del mercado medieval de Benidorm. Es un buen plan tambi\u00e9n para ir con ni\u00f1os. Recordad que est\u00e1 en la plaza del Ayuntamiento de Benidorm. 11\u00b400 h.: APERTURA DEL MERCADO.12\u00b400 h.: CLAROSCURO. Espect\u00e1culo Familiar. Bernab\u00e9, m\u00e1s conocido como el Claroscuro, es un ser habilidoso y [&hellip;]<\/p>\n","protected":false},"author":1,"featured_media":0,"comment_status":"open","ping_status":"open","sticky":false,"template":"","format":"standard","meta":{"inline_featured_image":false,"footnotes":""},"categories":[27,16],"tags":[],"class_list":["post-1336","post","type-post","status-publish","format-standard","hentry","category-actividades-con-ninos-en-benidorm","category-agenda-cultural-y-de-ocio-de-benidorm"],"yoast_head":"<!-- This site is optimized with the Yoast SEO plugin v27.5 - https:\/\/yoast.com\/product\/yoast-seo-wordpress\/ -->\r\n<title>Agenda del mercado medieval en Benidorm para el domingo 8 mayo - Hotel El Palmeral<\/title>\r\n<meta name=\"robots\" content=\"index, follow, max-snippet:-1, max-image-preview:large, max-video-preview:-1\" \/>\r\n<link rel=\"canonical\" href=\"https:\/\/hotelpalmeral.com\/fr\/agenda-del-mercado-medieval-en-benidorm-para-el-domingo-8-mayo\/\" \/>\r\n<meta property=\"og:locale\" content=\"fr_FR\" \/>\r\n<meta property=\"og:type\" content=\"article\" \/>\r\n<meta property=\"og:title\" content=\"Agenda del mercado medieval en Benidorm para el domingo 8 mayo - Hotel El Palmeral\" \/>\r\n<meta property=\"og:description\" content=\"Os pasamos el programa para ma\u00f1ana domingo 8 de mayo 2011 del mercado medieval de Benidorm. Es un buen plan tambi\u00e9n para ir con ni\u00f1os. Recordad que est\u00e1 en la plaza del Ayuntamiento de Benidorm. 11\u00b400 h.: APERTURA DEL MERCADO.12\u00b400 h.: CLAROSCURO. Espect\u00e1culo Familiar. Bernab\u00e9, m\u00e1s conocido como el Claroscuro, es un ser habilidoso y [&hellip;]\" \/>\r\n<meta property=\"og:url\" content=\"https:\/\/hotelpalmeral.com\/fr\/agenda-del-mercado-medieval-en-benidorm-para-el-domingo-8-mayo\/\" \/>\r\n<meta property=\"og:site_name\" content=\"Hotel El Palmeral\" \/>\r\n<meta property=\"article:publisher\" content=\"https:\/\/www.facebook.com\/HotelPalmeralBenidorm\" \/>\r\n<meta property=\"article:published_time\" content=\"2011-05-07T11:30:00+00:00\" \/>\r\n<meta name=\"author\" content=\"admin_palmeral\" \/>\r\n<meta name=\"twitter:card\" content=\"summary_large_image\" \/>\r\n<meta name=\"twitter:creator\" content=\"@hotelelpalmeral\" \/>\r\n<meta name=\"twitter:site\" content=\"@hotelelpalmeral\" \/>\r\n<meta name=\"twitter:label1\" content=\"\u00c9crit par\" \/>\n\t<meta name=\"twitter:data1\" content=\"admin_palmeral\" \/>\n\t<meta name=\"twitter:label2\" content=\"Dur\u00e9e de lecture estim\u00e9e\" \/>\n\t<meta name=\"twitter:data2\" content=\"2 minutes\" \/>\r\n<script type=\"application\/ld+json\" class=\"yoast-schema-graph\">{\"@context\":\"https:\\\/\\\/schema.org\",\"@graph\":[{\"@type\":\"Article\",\"@id\":\"https:\\\/\\\/hotelpalmeral.com\\\/agenda-del-mercado-medieval-en-benidorm-para-el-domingo-8-mayo\\\/#article\",\"isPartOf\":{\"@id\":\"https:\\\/\\\/hotelpalmeral.com\\\/agenda-del-mercado-medieval-en-benidorm-para-el-domingo-8-mayo\\\/\"},\"author\":{\"name\":\"admin_palmeral\",\"@id\":\"https:\\\/\\\/hotelpalmeral.com\\\/#\\\/schema\\\/person\\\/c8066d1b13fdf1bac6d45a1394738ca6\"},\"headline\":\"Agenda del mercado medieval en Benidorm para el domingo 8 mayo\",\"datePublished\":\"2011-05-07T11:30:00+00:00\",\"mainEntityOfPage\":{\"@id\":\"https:\\\/\\\/hotelpalmeral.com\\\/agenda-del-mercado-medieval-en-benidorm-para-el-domingo-8-mayo\\\/\"},\"wordCount\":323,\"commentCount\":0,\"publisher\":{\"@id\":\"https:\\\/\\\/hotelpalmeral.com\\\/#organization\"},\"articleSection\":[\"actividades con ni\u00f1os en Benidorm\",\"Agenda cultural y de ocio de Benidorm\"],\"inLanguage\":\"fr-FR\",\"potentialAction\":[{\"@type\":\"CommentAction\",\"name\":\"Comment\",\"target\":[\"https:\\\/\\\/hotelpalmeral.com\\\/agenda-del-mercado-medieval-en-benidorm-para-el-domingo-8-mayo\\\/#respond\"]}]},{\"@type\":\"WebPage\",\"@id\":\"https:\\\/\\\/hotelpalmeral.com\\\/agenda-del-mercado-medieval-en-benidorm-para-el-domingo-8-mayo\\\/\",\"url\":\"https:\\\/\\\/hotelpalmeral.com\\\/agenda-del-mercado-medieval-en-benidorm-para-el-domingo-8-mayo\\\/\",\"name\":\"Agenda del mercado medieval en Benidorm para el domingo 8 mayo - Hotel El Palmeral\",\"isPartOf\":{\"@id\":\"https:\\\/\\\/hotelpalmeral.com\\\/#website\"},\"datePublished\":\"2011-05-07T11:30:00+00:00\",\"breadcrumb\":{\"@id\":\"https:\\\/\\\/hotelpalmeral.com\\\/agenda-del-mercado-medieval-en-benidorm-para-el-domingo-8-mayo\\\/#breadcrumb\"},\"inLanguage\":\"fr-FR\",\"potentialAction\":[{\"@type\":\"ReadAction\",\"target\":[\"https:\\\/\\\/hotelpalmeral.com\\\/agenda-del-mercado-medieval-en-benidorm-para-el-domingo-8-mayo\\\/\"]}]},{\"@type\":\"BreadcrumbList\",\"@id\":\"https:\\\/\\\/hotelpalmeral.com\\\/agenda-del-mercado-medieval-en-benidorm-para-el-domingo-8-mayo\\\/#breadcrumb\",\"itemListElement\":[{\"@type\":\"ListItem\",\"position\":1,\"name\":\"Portada\",\"item\":\"https:\\\/\\\/hotelpalmeral.com\\\/\"},{\"@type\":\"ListItem\",\"position\":2,\"name\":\"Agenda del mercado medieval en Benidorm para el domingo 8 mayo\"}]},{\"@type\":\"WebSite\",\"@id\":\"https:\\\/\\\/hotelpalmeral.com\\\/#website\",\"url\":\"https:\\\/\\\/hotelpalmeral.com\\\/\",\"name\":\"Hotel El Palmeral\",\"description\":\"Hotel en Benidorm\",\"publisher\":{\"@id\":\"https:\\\/\\\/hotelpalmeral.com\\\/#organization\"},\"potentialAction\":[{\"@type\":\"SearchAction\",\"target\":{\"@type\":\"EntryPoint\",\"urlTemplate\":\"https:\\\/\\\/hotelpalmeral.com\\\/?s={search_term_string}\"},\"query-input\":{\"@type\":\"PropertyValueSpecification\",\"valueRequired\":true,\"valueName\":\"search_term_string\"}}],\"inLanguage\":\"fr-FR\"},{\"@type\":\"Organization\",\"@id\":\"https:\\\/\\\/hotelpalmeral.com\\\/#organization\",\"name\":\"Hotel El Palmeral\",\"url\":\"https:\\\/\\\/hotelpalmeral.com\\\/\",\"logo\":{\"@type\":\"ImageObject\",\"inLanguage\":\"fr-FR\",\"@id\":\"https:\\\/\\\/hotelpalmeral.com\\\/#\\\/schema\\\/logo\\\/image\\\/\",\"url\":\"https:\\\/\\\/hotelpalmeral.com\\\/wp-content\\\/uploads\\\/2023\\\/03\\\/Logo-footer.png\",\"contentUrl\":\"https:\\\/\\\/hotelpalmeral.com\\\/wp-content\\\/uploads\\\/2023\\\/03\\\/Logo-footer.png\",\"width\":229,\"height\":265,\"caption\":\"Hotel El Palmeral\"},\"image\":{\"@id\":\"https:\\\/\\\/hotelpalmeral.com\\\/#\\\/schema\\\/logo\\\/image\\\/\"},\"sameAs\":[\"https:\\\/\\\/www.facebook.com\\\/HotelPalmeralBenidorm\",\"https:\\\/\\\/x.com\\\/hotelelpalmeral\",\"https:\\\/\\\/www.instagram.com\\\/hotelpalmeralbenidorm\\\/\"]},{\"@type\":\"Person\",\"@id\":\"https:\\\/\\\/hotelpalmeral.com\\\/#\\\/schema\\\/person\\\/c8066d1b13fdf1bac6d45a1394738ca6\",\"name\":\"admin_palmeral\",\"image\":{\"@type\":\"ImageObject\",\"inLanguage\":\"fr-FR\",\"@id\":\"https:\\\/\\\/secure.gravatar.com\\\/avatar\\\/6b12524dda5bc713fd067188ac2e02862b3e463150f6095efe68cfd0e19d3b11?s=96&d=mm&r=g\",\"url\":\"https:\\\/\\\/secure.gravatar.com\\\/avatar\\\/6b12524dda5bc713fd067188ac2e02862b3e463150f6095efe68cfd0e19d3b11?s=96&d=mm&r=g\",\"contentUrl\":\"https:\\\/\\\/secure.gravatar.com\\\/avatar\\\/6b12524dda5bc713fd067188ac2e02862b3e463150f6095efe68cfd0e19d3b11?s=96&d=mm&r=g\",\"caption\":\"admin_palmeral\"},\"sameAs\":[\"http:\\\/\\\/hotelpalmeral.com\"],\"url\":\"https:\\\/\\\/hotelpalmeral.com\\\/fr\\\/author\\\/admin_palmeral\\\/\"}]}<\/script>\r\n<!-- \/ Yoast SEO plugin. -->","yoast_head_json":{"title":"Agenda del mercado medieval en Benidorm para el domingo 8 mayo - Hotel El Palmeral","robots":{"index":"index","follow":"follow","max-snippet":"max-snippet:-1","max-image-preview":"max-image-preview:large","max-video-preview":"max-video-preview:-1"},"canonical":"https:\/\/hotelpalmeral.com\/fr\/agenda-del-mercado-medieval-en-benidorm-para-el-domingo-8-mayo\/","og_locale":"fr_FR","og_type":"article","og_title":"Agenda del mercado medieval en Benidorm para el domingo 8 mayo - Hotel El Palmeral","og_description":"Os pasamos el programa para ma\u00f1ana domingo 8 de mayo 2011 del mercado medieval de Benidorm. Es un buen plan tambi\u00e9n para ir con ni\u00f1os. Recordad que est\u00e1 en la plaza del Ayuntamiento de Benidorm. 11\u00b400 h.: APERTURA DEL MERCADO.12\u00b400 h.: CLAROSCURO. Espect\u00e1culo Familiar. Bernab\u00e9, m\u00e1s conocido como el Claroscuro, es un ser habilidoso y [&hellip;]","og_url":"https:\/\/hotelpalmeral.com\/fr\/agenda-del-mercado-medieval-en-benidorm-para-el-domingo-8-mayo\/","og_site_name":"Hotel El Palmeral","article_publisher":"https:\/\/www.facebook.com\/HotelPalmeralBenidorm","article_published_time":"2011-05-07T11:30:00+00:00","author":"admin_palmeral","twitter_card":"summary_large_image","twitter_creator":"@hotelelpalmeral","twitter_site":"@hotelelpalmeral","twitter_misc":{"\u00c9crit par":"admin_palmeral","Dur\u00e9e de lecture estim\u00e9e":"2 minutes"},"schema":{"@context":"https:\/\/schema.org","@graph":[{"@type":"Article","@id":"https:\/\/hotelpalmeral.com\/agenda-del-mercado-medieval-en-benidorm-para-el-domingo-8-mayo\/#article","isPartOf":{"@id":"https:\/\/hotelpalmeral.com\/agenda-del-mercado-medieval-en-benidorm-para-el-domingo-8-mayo\/"},"author":{"name":"admin_palmeral","@id":"https:\/\/hotelpalmeral.com\/#\/schema\/person\/c8066d1b13fdf1bac6d45a1394738ca6"},"headline":"Agenda del mercado medieval en Benidorm para el domingo 8 mayo","datePublished":"2011-05-07T11:30:00+00:00","mainEntityOfPage":{"@id":"https:\/\/hotelpalmeral.com\/agenda-del-mercado-medieval-en-benidorm-para-el-domingo-8-mayo\/"},"wordCount":323,"commentCount":0,"publisher":{"@id":"https:\/\/hotelpalmeral.com\/#organization"},"articleSection":["actividades con ni\u00f1os en Benidorm","Agenda cultural y de ocio de Benidorm"],"inLanguage":"fr-FR","potentialAction":[{"@type":"CommentAction","name":"Comment","target":["https:\/\/hotelpalmeral.com\/agenda-del-mercado-medieval-en-benidorm-para-el-domingo-8-mayo\/#respond"]}]},{"@type":"WebPage","@id":"https:\/\/hotelpalmeral.com\/agenda-del-mercado-medieval-en-benidorm-para-el-domingo-8-mayo\/","url":"https:\/\/hotelpalmeral.com\/agenda-del-mercado-medieval-en-benidorm-para-el-domingo-8-mayo\/","name":"Agenda del mercado medieval en Benidorm para el domingo 8 mayo - Hotel El Palmeral","isPartOf":{"@id":"https:\/\/hotelpalmeral.com\/#website"},"datePublished":"2011-05-07T11:30:00+00:00","breadcrumb":{"@id":"https:\/\/hotelpalmeral.com\/agenda-del-mercado-medieval-en-benidorm-para-el-domingo-8-mayo\/#breadcrumb"},"inLanguage":"fr-FR","potentialAction":[{"@type":"ReadAction","target":["https:\/\/hotelpalmeral.com\/agenda-del-mercado-medieval-en-benidorm-para-el-domingo-8-mayo\/"]}]},{"@type":"BreadcrumbList","@id":"https:\/\/hotelpalmeral.com\/agenda-del-mercado-medieval-en-benidorm-para-el-domingo-8-mayo\/#breadcrumb","itemListElement":[{"@type":"ListItem","position":1,"name":"Portada","item":"https:\/\/hotelpalmeral.com\/"},{"@type":"ListItem","position":2,"name":"Agenda del mercado medieval en Benidorm para el domingo 8 mayo"}]},{"@type":"WebSite","@id":"https:\/\/hotelpalmeral.com\/#website","url":"https:\/\/hotelpalmeral.com\/","name":"Hotel El Palmeral","description":"Hotel en Benidorm","publisher":{"@id":"https:\/\/hotelpalmeral.com\/#organization"},"potentialAction":[{"@type":"SearchAction","target":{"@type":"EntryPoint","urlTemplate":"https:\/\/hotelpalmeral.com\/?s={search_term_string}"},"query-input":{"@type":"PropertyValueSpecification","valueRequired":true,"valueName":"search_term_string"}}],"inLanguage":"fr-FR"},{"@type":"Organization","@id":"https:\/\/hotelpalmeral.com\/#organization","name":"Hotel El Palmeral","url":"https:\/\/hotelpalmeral.com\/","logo":{"@type":"ImageObject","inLanguage":"fr-FR","@id":"https:\/\/hotelpalmeral.com\/#\/schema\/logo\/image\/","url":"https:\/\/hotelpalmeral.com\/wp-content\/uploads\/2023\/03\/Logo-footer.png","contentUrl":"https:\/\/hotelpalmeral.com\/wp-content\/uploads\/2023\/03\/Logo-footer.png","width":229,"height":265,"caption":"Hotel El Palmeral"},"image":{"@id":"https:\/\/hotelpalmeral.com\/#\/schema\/logo\/image\/"},"sameAs":["https:\/\/www.facebook.com\/HotelPalmeralBenidorm","https:\/\/x.com\/hotelelpalmeral","https:\/\/www.instagram.com\/hotelpalmeralbenidorm\/"]},{"@type":"Person","@id":"https:\/\/hotelpalmeral.com\/#\/schema\/person\/c8066d1b13fdf1bac6d45a1394738ca6","name":"admin_palmeral","image":{"@type":"ImageObject","inLanguage":"fr-FR","@id":"https:\/\/secure.gravatar.com\/avatar\/6b12524dda5bc713fd067188ac2e02862b3e463150f6095efe68cfd0e19d3b11?s=96&d=mm&r=g","url":"https:\/\/secure.gravatar.com\/avatar\/6b12524dda5bc713fd067188ac2e02862b3e463150f6095efe68cfd0e19d3b11?s=96&d=mm&r=g","contentUrl":"https:\/\/secure.gravatar.com\/avatar\/6b12524dda5bc713fd067188ac2e02862b3e463150f6095efe68cfd0e19d3b11?s=96&d=mm&r=g","caption":"admin_palmeral"},"sameAs":["http:\/\/hotelpalmeral.com"],"url":"https:\/\/hotelpalmeral.com\/fr\/author\/admin_palmeral\/"}]}},"_links":{"self":[{"href":"https:\/\/hotelpalmeral.com\/fr\/wp-json\/wp\/v2\/posts\/1336","targetHints":{"allow":["GET"]}}],"collection":[{"href":"https:\/\/hotelpalmeral.com\/fr\/wp-json\/wp\/v2\/posts"}],"about":[{"href":"https:\/\/hotelpalmeral.com\/fr\/wp-json\/wp\/v2\/types\/post"}],"author":[{"embeddable":true,"href":"https:\/\/hotelpalmeral.com\/fr\/wp-json\/wp\/v2\/users\/1"}],"replies":[{"embeddable":true,"href":"https:\/\/hotelpalmeral.com\/fr\/wp-json\/wp\/v2\/comments?post=1336"}],"version-history":[{"count":0,"href":"https:\/\/hotelpalmeral.com\/fr\/wp-json\/wp\/v2\/posts\/1336\/revisions"}],"wp:attachment":[{"href":"https:\/\/hotelpalmeral.com\/fr\/wp-json\/wp\/v2\/media?parent=1336"}],"wp:term":[{"taxonomy":"category","embeddable":true,"href":"https:\/\/hotelpalmeral.com\/fr\/wp-json\/wp\/v2\/categories?post=1336"},{"taxonomy":"post_tag","embeddable":true,"href":"https:\/\/hotelpalmeral.com\/fr\/wp-json\/wp\/v2\/tags?post=1336"}],"curies":[{"name":"wp","href":"https:\/\/api.w.org\/{rel}","templated":true}]}}