{"id":1291,"date":"2011-04-16T11:51:00","date_gmt":"2011-04-16T11:51:00","guid":{"rendered":"http:\/\/blog.hotelpalmeral.com\/?p=722"},"modified":"2011-04-16T11:51:00","modified_gmt":"2011-04-16T11:51:00","slug":"tiempo-en-benidorm-hoy-sabado-16-de-abril","status":"publish","type":"post","link":"https:\/\/hotelpalmeral.com\/fr\/tiempo-en-benidorm-hoy-sabado-16-de-abril\/","title":{"rendered":"Tiempo en Benidorm hoy s\u00e1bado 16 de abril"},"content":{"rendered":"<p>Buenos d\u00edas a todos y buen fin de semana,<br \/>Ya hay muchas personas que est\u00e1n de vacaciones de semana santa.<a href=\"https:\/\/hotelpalmeral.com\/fr\/\">Benidorm<\/a> est\u00e1 lleno y hay mucho ambiente.<br \/>Un d\u00eda m\u00e1s, la tem\u00e1tica que nos ocupa es el <b>Tiempo en Benidorm<\/b> hoy s\u00e1bado 16 de abril.<br \/>Pues la verdad es que hace un poco de sol, pero no en exceso y algo de vientecillo. Os paso una foto de la playa de Benidorm tomada hoy a las 12h. En la foto se ve que la playa est\u00e1 llena de gente, sin embargo no se ve pero al fondo parace que podr\u00edan llegar nubes esta tarde&#8230;ya veremos!<br \/>Pasad un buen fin de semama!<br \/>Un saludo<\/p>\n<p>Hotel el Palmeral, <a href=\"https:\/\/hotelpalmeral.com\/fr\/\">Hotel Cala Benidorm<\/a><br \/><a href=\"https:\/\/hotelpalmeral.com\/fr\/\">www.hotelpalmeral.com<\/a><br \/>Telf.: 965 850 176<\/p>\n<div><a href=\"http:\/\/3.bp.blogspot.com\/-_b4DG8NcpAg\/TamCsriTNjI\/AAAAAAAAA0g\/4IokMMRyI5Q\/s1600\/playa+benidorm.jpg\" imageanchor=\"1\"><img loading=\"lazy\" decoding=\"async\" border=\"0\" height=\"240\" src=\"http:\/\/3.bp.blogspot.com\/-_b4DG8NcpAg\/TamCsriTNjI\/AAAAAAAAA0g\/4IokMMRyI5Q\/s320\/playa+benidorm.jpg\" width=\"320\"><\/a><\/div>","protected":false},"excerpt":{"rendered":"<p>Buenos d\u00edas a todos y buen fin de semana,Ya hay muchas personas que est\u00e1n de vacaciones de semana santa.Benidorm est\u00e1 lleno y hay mucho ambiente.Un d\u00eda m\u00e1s, la tem\u00e1tica que nos ocupa es el Tiempo en Benidorm hoy s\u00e1bado 16 de abril.Pues la verdad es que hace un poco de sol, pero no en exceso [&hellip;]<\/p>\n","protected":false},"author":1,"featured_media":0,"comment_status":"open","ping_status":"open","sticky":false,"template":"","format":"standard","meta":{"inline_featured_image":false,"footnotes":""},"categories":[29],"tags":[],"class_list":["post-1291","post","type-post","status-publish","format-standard","hentry","category-tiempo-en-benidorm"],"yoast_head":"<!-- This site is optimized with the Yoast SEO plugin v27.5 - https:\/\/yoast.com\/product\/yoast-seo-wordpress\/ -->\r\n<title>Tiempo en Benidorm hoy s\u00e1bado 16 de abril - Hotel El Palmeral<\/title>\r\n<meta name=\"robots\" content=\"index, follow, max-snippet:-1, max-image-preview:large, max-video-preview:-1\" \/>\r\n<link rel=\"canonical\" href=\"https:\/\/hotelpalmeral.com\/fr\/tiempo-en-benidorm-hoy-sabado-16-de-abril\/\" \/>\r\n<meta property=\"og:locale\" content=\"fr_FR\" \/>\r\n<meta property=\"og:type\" content=\"article\" \/>\r\n<meta property=\"og:title\" content=\"Tiempo en Benidorm hoy s\u00e1bado 16 de abril - Hotel El Palmeral\" \/>\r\n<meta property=\"og:description\" content=\"Buenos d\u00edas a todos y buen fin de semana,Ya hay muchas personas que est\u00e1n de vacaciones de semana santa.Benidorm est\u00e1 lleno y hay mucho ambiente.Un d\u00eda m\u00e1s, la tem\u00e1tica que nos ocupa es el Tiempo en Benidorm hoy s\u00e1bado 16 de abril.Pues la verdad es que hace un poco de sol, pero no en exceso [&hellip;]\" \/>\r\n<meta property=\"og:url\" content=\"https:\/\/hotelpalmeral.com\/fr\/tiempo-en-benidorm-hoy-sabado-16-de-abril\/\" \/>\r\n<meta property=\"og:site_name\" content=\"Hotel El Palmeral\" \/>\r\n<meta property=\"article:publisher\" content=\"https:\/\/www.facebook.com\/HotelPalmeralBenidorm\" \/>\r\n<meta property=\"article:published_time\" content=\"2011-04-16T11:51:00+00:00\" \/>\r\n<meta property=\"og:image\" content=\"http:\/\/3.bp.blogspot.com\/-_b4DG8NcpAg\/TamCsriTNjI\/AAAAAAAAA0g\/4IokMMRyI5Q\/s320\/playa+benidorm.jpg\" \/>\r\n<meta name=\"author\" content=\"admin_palmeral\" \/>\r\n<meta name=\"twitter:card\" content=\"summary_large_image\" \/>\r\n<meta name=\"twitter:creator\" content=\"@hotelelpalmeral\" \/>\r\n<meta name=\"twitter:site\" content=\"@hotelelpalmeral\" \/>\r\n<meta name=\"twitter:label1\" content=\"\u00c9crit par\" \/>\n\t<meta name=\"twitter:data1\" content=\"admin_palmeral\" \/>\n\t<meta name=\"twitter:label2\" content=\"Dur\u00e9e de lecture estim\u00e9e\" \/>\n\t<meta name=\"twitter:data2\" content=\"1 minute\" \/>\r\n<script type=\"application\/ld+json\" class=\"yoast-schema-graph\">{\"@context\":\"https:\\\/\\\/schema.org\",\"@graph\":[{\"@type\":\"Article\",\"@id\":\"https:\\\/\\\/hotelpalmeral.com\\\/tiempo-en-benidorm-hoy-sabado-16-de-abril\\\/#article\",\"isPartOf\":{\"@id\":\"https:\\\/\\\/hotelpalmeral.com\\\/tiempo-en-benidorm-hoy-sabado-16-de-abril\\\/\"},\"author\":{\"name\":\"admin_palmeral\",\"@id\":\"https:\\\/\\\/hotelpalmeral.com\\\/#\\\/schema\\\/person\\\/c8066d1b13fdf1bac6d45a1394738ca6\"},\"headline\":\"Tiempo en Benidorm hoy s\u00e1bado 16 de abril\",\"datePublished\":\"2011-04-16T11:51:00+00:00\",\"mainEntityOfPage\":{\"@id\":\"https:\\\/\\\/hotelpalmeral.com\\\/tiempo-en-benidorm-hoy-sabado-16-de-abril\\\/\"},\"wordCount\":138,\"commentCount\":0,\"publisher\":{\"@id\":\"https:\\\/\\\/hotelpalmeral.com\\\/#organization\"},\"image\":{\"@id\":\"https:\\\/\\\/hotelpalmeral.com\\\/tiempo-en-benidorm-hoy-sabado-16-de-abril\\\/#primaryimage\"},\"thumbnailUrl\":\"http:\\\/\\\/3.bp.blogspot.com\\\/-_b4DG8NcpAg\\\/TamCsriTNjI\\\/AAAAAAAAA0g\\\/4IokMMRyI5Q\\\/s320\\\/playa+benidorm.jpg\",\"articleSection\":[\"Tiempo en Benidorm\"],\"inLanguage\":\"fr-FR\",\"potentialAction\":[{\"@type\":\"CommentAction\",\"name\":\"Comment\",\"target\":[\"https:\\\/\\\/hotelpalmeral.com\\\/tiempo-en-benidorm-hoy-sabado-16-de-abril\\\/#respond\"]}]},{\"@type\":\"WebPage\",\"@id\":\"https:\\\/\\\/hotelpalmeral.com\\\/tiempo-en-benidorm-hoy-sabado-16-de-abril\\\/\",\"url\":\"https:\\\/\\\/hotelpalmeral.com\\\/tiempo-en-benidorm-hoy-sabado-16-de-abril\\\/\",\"name\":\"Tiempo en Benidorm hoy s\u00e1bado 16 de abril - Hotel El Palmeral\",\"isPartOf\":{\"@id\":\"https:\\\/\\\/hotelpalmeral.com\\\/#website\"},\"primaryImageOfPage\":{\"@id\":\"https:\\\/\\\/hotelpalmeral.com\\\/tiempo-en-benidorm-hoy-sabado-16-de-abril\\\/#primaryimage\"},\"image\":{\"@id\":\"https:\\\/\\\/hotelpalmeral.com\\\/tiempo-en-benidorm-hoy-sabado-16-de-abril\\\/#primaryimage\"},\"thumbnailUrl\":\"http:\\\/\\\/3.bp.blogspot.com\\\/-_b4DG8NcpAg\\\/TamCsriTNjI\\\/AAAAAAAAA0g\\\/4IokMMRyI5Q\\\/s320\\\/playa+benidorm.jpg\",\"datePublished\":\"2011-04-16T11:51:00+00:00\",\"breadcrumb\":{\"@id\":\"https:\\\/\\\/hotelpalmeral.com\\\/tiempo-en-benidorm-hoy-sabado-16-de-abril\\\/#breadcrumb\"},\"inLanguage\":\"fr-FR\",\"potentialAction\":[{\"@type\":\"ReadAction\",\"target\":[\"https:\\\/\\\/hotelpalmeral.com\\\/tiempo-en-benidorm-hoy-sabado-16-de-abril\\\/\"]}]},{\"@type\":\"ImageObject\",\"inLanguage\":\"fr-FR\",\"@id\":\"https:\\\/\\\/hotelpalmeral.com\\\/tiempo-en-benidorm-hoy-sabado-16-de-abril\\\/#primaryimage\",\"url\":\"http:\\\/\\\/3.bp.blogspot.com\\\/-_b4DG8NcpAg\\\/TamCsriTNjI\\\/AAAAAAAAA0g\\\/4IokMMRyI5Q\\\/s320\\\/playa+benidorm.jpg\",\"contentUrl\":\"http:\\\/\\\/3.bp.blogspot.com\\\/-_b4DG8NcpAg\\\/TamCsriTNjI\\\/AAAAAAAAA0g\\\/4IokMMRyI5Q\\\/s320\\\/playa+benidorm.jpg\"},{\"@type\":\"BreadcrumbList\",\"@id\":\"https:\\\/\\\/hotelpalmeral.com\\\/tiempo-en-benidorm-hoy-sabado-16-de-abril\\\/#breadcrumb\",\"itemListElement\":[{\"@type\":\"ListItem\",\"position\":1,\"name\":\"Portada\",\"item\":\"https:\\\/\\\/hotelpalmeral.com\\\/\"},{\"@type\":\"ListItem\",\"position\":2,\"name\":\"Tiempo en Benidorm hoy s\u00e1bado 16 de abril\"}]},{\"@type\":\"WebSite\",\"@id\":\"https:\\\/\\\/hotelpalmeral.com\\\/#website\",\"url\":\"https:\\\/\\\/hotelpalmeral.com\\\/\",\"name\":\"Hotel El Palmeral\",\"description\":\"Hotel en Benidorm\",\"publisher\":{\"@id\":\"https:\\\/\\\/hotelpalmeral.com\\\/#organization\"},\"potentialAction\":[{\"@type\":\"SearchAction\",\"target\":{\"@type\":\"EntryPoint\",\"urlTemplate\":\"https:\\\/\\\/hotelpalmeral.com\\\/?s={search_term_string}\"},\"query-input\":{\"@type\":\"PropertyValueSpecification\",\"valueRequired\":true,\"valueName\":\"search_term_string\"}}],\"inLanguage\":\"fr-FR\"},{\"@type\":\"Organization\",\"@id\":\"https:\\\/\\\/hotelpalmeral.com\\\/#organization\",\"name\":\"Hotel El Palmeral\",\"url\":\"https:\\\/\\\/hotelpalmeral.com\\\/\",\"logo\":{\"@type\":\"ImageObject\",\"inLanguage\":\"fr-FR\",\"@id\":\"https:\\\/\\\/hotelpalmeral.com\\\/#\\\/schema\\\/logo\\\/image\\\/\",\"url\":\"https:\\\/\\\/hotelpalmeral.com\\\/wp-content\\\/uploads\\\/2023\\\/03\\\/Logo-footer.png\",\"contentUrl\":\"https:\\\/\\\/hotelpalmeral.com\\\/wp-content\\\/uploads\\\/2023\\\/03\\\/Logo-footer.png\",\"width\":229,\"height\":265,\"caption\":\"Hotel El Palmeral\"},\"image\":{\"@id\":\"https:\\\/\\\/hotelpalmeral.com\\\/#\\\/schema\\\/logo\\\/image\\\/\"},\"sameAs\":[\"https:\\\/\\\/www.facebook.com\\\/HotelPalmeralBenidorm\",\"https:\\\/\\\/x.com\\\/hotelelpalmeral\",\"https:\\\/\\\/www.instagram.com\\\/hotelpalmeralbenidorm\\\/\"]},{\"@type\":\"Person\",\"@id\":\"https:\\\/\\\/hotelpalmeral.com\\\/#\\\/schema\\\/person\\\/c8066d1b13fdf1bac6d45a1394738ca6\",\"name\":\"admin_palmeral\",\"image\":{\"@type\":\"ImageObject\",\"inLanguage\":\"fr-FR\",\"@id\":\"https:\\\/\\\/secure.gravatar.com\\\/avatar\\\/6b12524dda5bc713fd067188ac2e02862b3e463150f6095efe68cfd0e19d3b11?s=96&d=mm&r=g\",\"url\":\"https:\\\/\\\/secure.gravatar.com\\\/avatar\\\/6b12524dda5bc713fd067188ac2e02862b3e463150f6095efe68cfd0e19d3b11?s=96&d=mm&r=g\",\"contentUrl\":\"https:\\\/\\\/secure.gravatar.com\\\/avatar\\\/6b12524dda5bc713fd067188ac2e02862b3e463150f6095efe68cfd0e19d3b11?s=96&d=mm&r=g\",\"caption\":\"admin_palmeral\"},\"sameAs\":[\"http:\\\/\\\/hotelpalmeral.com\"],\"url\":\"https:\\\/\\\/hotelpalmeral.com\\\/fr\\\/author\\\/admin_palmeral\\\/\"}]}<\/script>\r\n<!-- \/ Yoast SEO plugin. -->","yoast_head_json":{"title":"Tiempo en Benidorm hoy s\u00e1bado 16 de abril - Hotel El Palmeral","robots":{"index":"index","follow":"follow","max-snippet":"max-snippet:-1","max-image-preview":"max-image-preview:large","max-video-preview":"max-video-preview:-1"},"canonical":"https:\/\/hotelpalmeral.com\/fr\/tiempo-en-benidorm-hoy-sabado-16-de-abril\/","og_locale":"fr_FR","og_type":"article","og_title":"Tiempo en Benidorm hoy s\u00e1bado 16 de abril - Hotel El Palmeral","og_description":"Buenos d\u00edas a todos y buen fin de semana,Ya hay muchas personas que est\u00e1n de vacaciones de semana santa.Benidorm est\u00e1 lleno y hay mucho ambiente.Un d\u00eda m\u00e1s, la tem\u00e1tica que nos ocupa es el Tiempo en Benidorm hoy s\u00e1bado 16 de abril.Pues la verdad es que hace un poco de sol, pero no en exceso [&hellip;]","og_url":"https:\/\/hotelpalmeral.com\/fr\/tiempo-en-benidorm-hoy-sabado-16-de-abril\/","og_site_name":"Hotel El Palmeral","article_publisher":"https:\/\/www.facebook.com\/HotelPalmeralBenidorm","article_published_time":"2011-04-16T11:51:00+00:00","og_image":[{"url":"http:\/\/3.bp.blogspot.com\/-_b4DG8NcpAg\/TamCsriTNjI\/AAAAAAAAA0g\/4IokMMRyI5Q\/s320\/playa+benidorm.jpg","type":"","width":"","height":""}],"author":"admin_palmeral","twitter_card":"summary_large_image","twitter_creator":"@hotelelpalmeral","twitter_site":"@hotelelpalmeral","twitter_misc":{"\u00c9crit par":"admin_palmeral","Dur\u00e9e de lecture estim\u00e9e":"1 minute"},"schema":{"@context":"https:\/\/schema.org","@graph":[{"@type":"Article","@id":"https:\/\/hotelpalmeral.com\/tiempo-en-benidorm-hoy-sabado-16-de-abril\/#article","isPartOf":{"@id":"https:\/\/hotelpalmeral.com\/tiempo-en-benidorm-hoy-sabado-16-de-abril\/"},"author":{"name":"admin_palmeral","@id":"https:\/\/hotelpalmeral.com\/#\/schema\/person\/c8066d1b13fdf1bac6d45a1394738ca6"},"headline":"Tiempo en Benidorm hoy s\u00e1bado 16 de abril","datePublished":"2011-04-16T11:51:00+00:00","mainEntityOfPage":{"@id":"https:\/\/hotelpalmeral.com\/tiempo-en-benidorm-hoy-sabado-16-de-abril\/"},"wordCount":138,"commentCount":0,"publisher":{"@id":"https:\/\/hotelpalmeral.com\/#organization"},"image":{"@id":"https:\/\/hotelpalmeral.com\/tiempo-en-benidorm-hoy-sabado-16-de-abril\/#primaryimage"},"thumbnailUrl":"http:\/\/3.bp.blogspot.com\/-_b4DG8NcpAg\/TamCsriTNjI\/AAAAAAAAA0g\/4IokMMRyI5Q\/s320\/playa+benidorm.jpg","articleSection":["Tiempo en Benidorm"],"inLanguage":"fr-FR","potentialAction":[{"@type":"CommentAction","name":"Comment","target":["https:\/\/hotelpalmeral.com\/tiempo-en-benidorm-hoy-sabado-16-de-abril\/#respond"]}]},{"@type":"WebPage","@id":"https:\/\/hotelpalmeral.com\/tiempo-en-benidorm-hoy-sabado-16-de-abril\/","url":"https:\/\/hotelpalmeral.com\/tiempo-en-benidorm-hoy-sabado-16-de-abril\/","name":"Tiempo en Benidorm hoy s\u00e1bado 16 de abril - Hotel El Palmeral","isPartOf":{"@id":"https:\/\/hotelpalmeral.com\/#website"},"primaryImageOfPage":{"@id":"https:\/\/hotelpalmeral.com\/tiempo-en-benidorm-hoy-sabado-16-de-abril\/#primaryimage"},"image":{"@id":"https:\/\/hotelpalmeral.com\/tiempo-en-benidorm-hoy-sabado-16-de-abril\/#primaryimage"},"thumbnailUrl":"http:\/\/3.bp.blogspot.com\/-_b4DG8NcpAg\/TamCsriTNjI\/AAAAAAAAA0g\/4IokMMRyI5Q\/s320\/playa+benidorm.jpg","datePublished":"2011-04-16T11:51:00+00:00","breadcrumb":{"@id":"https:\/\/hotelpalmeral.com\/tiempo-en-benidorm-hoy-sabado-16-de-abril\/#breadcrumb"},"inLanguage":"fr-FR","potentialAction":[{"@type":"ReadAction","target":["https:\/\/hotelpalmeral.com\/tiempo-en-benidorm-hoy-sabado-16-de-abril\/"]}]},{"@type":"ImageObject","inLanguage":"fr-FR","@id":"https:\/\/hotelpalmeral.com\/tiempo-en-benidorm-hoy-sabado-16-de-abril\/#primaryimage","url":"http:\/\/3.bp.blogspot.com\/-_b4DG8NcpAg\/TamCsriTNjI\/AAAAAAAAA0g\/4IokMMRyI5Q\/s320\/playa+benidorm.jpg","contentUrl":"http:\/\/3.bp.blogspot.com\/-_b4DG8NcpAg\/TamCsriTNjI\/AAAAAAAAA0g\/4IokMMRyI5Q\/s320\/playa+benidorm.jpg"},{"@type":"BreadcrumbList","@id":"https:\/\/hotelpalmeral.com\/tiempo-en-benidorm-hoy-sabado-16-de-abril\/#breadcrumb","itemListElement":[{"@type":"ListItem","position":1,"name":"Portada","item":"https:\/\/hotelpalmeral.com\/"},{"@type":"ListItem","position":2,"name":"Tiempo en Benidorm hoy s\u00e1bado 16 de abril"}]},{"@type":"WebSite","@id":"https:\/\/hotelpalmeral.com\/#website","url":"https:\/\/hotelpalmeral.com\/","name":"Hotel El Palmeral","description":"Hotel en Benidorm","publisher":{"@id":"https:\/\/hotelpalmeral.com\/#organization"},"potentialAction":[{"@type":"SearchAction","target":{"@type":"EntryPoint","urlTemplate":"https:\/\/hotelpalmeral.com\/?s={search_term_string}"},"query-input":{"@type":"PropertyValueSpecification","valueRequired":true,"valueName":"search_term_string"}}],"inLanguage":"fr-FR"},{"@type":"Organization","@id":"https:\/\/hotelpalmeral.com\/#organization","name":"Hotel El Palmeral","url":"https:\/\/hotelpalmeral.com\/","logo":{"@type":"ImageObject","inLanguage":"fr-FR","@id":"https:\/\/hotelpalmeral.com\/#\/schema\/logo\/image\/","url":"https:\/\/hotelpalmeral.com\/wp-content\/uploads\/2023\/03\/Logo-footer.png","contentUrl":"https:\/\/hotelpalmeral.com\/wp-content\/uploads\/2023\/03\/Logo-footer.png","width":229,"height":265,"caption":"Hotel El Palmeral"},"image":{"@id":"https:\/\/hotelpalmeral.com\/#\/schema\/logo\/image\/"},"sameAs":["https:\/\/www.facebook.com\/HotelPalmeralBenidorm","https:\/\/x.com\/hotelelpalmeral","https:\/\/www.instagram.com\/hotelpalmeralbenidorm\/"]},{"@type":"Person","@id":"https:\/\/hotelpalmeral.com\/#\/schema\/person\/c8066d1b13fdf1bac6d45a1394738ca6","name":"admin_palmeral","image":{"@type":"ImageObject","inLanguage":"fr-FR","@id":"https:\/\/secure.gravatar.com\/avatar\/6b12524dda5bc713fd067188ac2e02862b3e463150f6095efe68cfd0e19d3b11?s=96&d=mm&r=g","url":"https:\/\/secure.gravatar.com\/avatar\/6b12524dda5bc713fd067188ac2e02862b3e463150f6095efe68cfd0e19d3b11?s=96&d=mm&r=g","contentUrl":"https:\/\/secure.gravatar.com\/avatar\/6b12524dda5bc713fd067188ac2e02862b3e463150f6095efe68cfd0e19d3b11?s=96&d=mm&r=g","caption":"admin_palmeral"},"sameAs":["http:\/\/hotelpalmeral.com"],"url":"https:\/\/hotelpalmeral.com\/fr\/author\/admin_palmeral\/"}]}},"_links":{"self":[{"href":"https:\/\/hotelpalmeral.com\/fr\/wp-json\/wp\/v2\/posts\/1291","targetHints":{"allow":["GET"]}}],"collection":[{"href":"https:\/\/hotelpalmeral.com\/fr\/wp-json\/wp\/v2\/posts"}],"about":[{"href":"https:\/\/hotelpalmeral.com\/fr\/wp-json\/wp\/v2\/types\/post"}],"author":[{"embeddable":true,"href":"https:\/\/hotelpalmeral.com\/fr\/wp-json\/wp\/v2\/users\/1"}],"replies":[{"embeddable":true,"href":"https:\/\/hotelpalmeral.com\/fr\/wp-json\/wp\/v2\/comments?post=1291"}],"version-history":[{"count":0,"href":"https:\/\/hotelpalmeral.com\/fr\/wp-json\/wp\/v2\/posts\/1291\/revisions"}],"wp:attachment":[{"href":"https:\/\/hotelpalmeral.com\/fr\/wp-json\/wp\/v2\/media?parent=1291"}],"wp:term":[{"taxonomy":"category","embeddable":true,"href":"https:\/\/hotelpalmeral.com\/fr\/wp-json\/wp\/v2\/categories?post=1291"},{"taxonomy":"post_tag","embeddable":true,"href":"https:\/\/hotelpalmeral.com\/fr\/wp-json\/wp\/v2\/tags?post=1291"}],"curies":[{"name":"wp","href":"https:\/\/api.w.org\/{rel}","templated":true}]}}