{"id":1288,"date":"2011-04-19T11:20:00","date_gmt":"2011-04-19T11:20:00","guid":{"rendered":"http:\/\/blog.hotelpalmeral.com\/?p=719"},"modified":"2011-04-19T11:20:00","modified_gmt":"2011-04-19T11:20:00","slug":"tiempo-en-benidorm-hoy-19-de-abril","status":"publish","type":"post","link":"https:\/\/hotelpalmeral.com\/fr\/tiempo-en-benidorm-hoy-19-de-abril\/","title":{"rendered":"Tiempo en Benidorm hoy 19 de abril"},"content":{"rendered":"<p>Buenso d\u00edas a todos,<br \/>C\u00f3mo es el tiempo en Benidorm?<br \/>Nosotros sabemos c\u00f3mo es hoy en Benidorm, pero no sabemso nada de pron\u00f3sticos sobre qu\u00e9 ser\u00e1 en semana santa.<br \/>Hoy hace buena temperatura, pero no hay sol.<br \/>La gente est\u00e1 en la playa.<br \/>Os pasamos 2 fotos de la <a href=\"https:\/\/hotelpalmeral.com\/fr\/\">playa de Benidorm<\/a> tomada hoy a las 13h.<br \/>Un saludo<\/p>\n<p>Hotel el Palmeral, <a href=\"https:\/\/hotelpalmeral.com\/fr\/\">Hotel Benidorm<\/a><br \/><a href=\"https:\/\/hotelpalmeral.com\/fr\/\">www.hotelpalmeral.com<\/a><br \/>Telf.: 965 850 176<\/p>\n<div><a href=\"http:\/\/2.bp.blogspot.com\/-1yrVDLEs928\/Ta1veSkEMlI\/AAAAAAAAA0w\/ZHfnJsMUbpk\/s1600\/playa+benidorm.jpg\" imageanchor=\"1\"><img loading=\"lazy\" decoding=\"async\" border=\"0\" height=\"240\" src=\"http:\/\/2.bp.blogspot.com\/-1yrVDLEs928\/Ta1veSkEMlI\/AAAAAAAAA0w\/ZHfnJsMUbpk\/s320\/playa+benidorm.jpg\" width=\"320\"><\/a><\/div>\n<p><\/p>\n<div><a href=\"http:\/\/1.bp.blogspot.com\/-Ou7-DMGHj8g\/Ta1vhHmbcNI\/AAAAAAAAA00\/_XPVWVh4OdY\/s1600\/playa+benidorm+2.jpg\" imageanchor=\"1\"><img loading=\"lazy\" decoding=\"async\" border=\"0\" height=\"240\" src=\"http:\/\/1.bp.blogspot.com\/-Ou7-DMGHj8g\/Ta1vhHmbcNI\/AAAAAAAAA00\/_XPVWVh4OdY\/s320\/playa+benidorm+2.jpg\" width=\"320\"><\/a><\/div>","protected":false},"excerpt":{"rendered":"<p>Buenso d\u00edas a todos,C\u00f3mo es el tiempo en Benidorm?Nosotros sabemos c\u00f3mo es hoy en Benidorm, pero no sabemso nada de pron\u00f3sticos sobre qu\u00e9 ser\u00e1 en semana santa.Hoy hace buena temperatura, pero no hay sol.La gente est\u00e1 en la playa.Os pasamos 2 fotos de la playa de Benidorm tomada hoy a las 13h.Un saludo Hotel el [&hellip;]<\/p>\n","protected":false},"author":1,"featured_media":0,"comment_status":"open","ping_status":"open","sticky":false,"template":"","format":"standard","meta":{"inline_featured_image":false,"footnotes":""},"categories":[29],"tags":[],"class_list":["post-1288","post","type-post","status-publish","format-standard","hentry","category-tiempo-en-benidorm"],"yoast_head":"<!-- This site is optimized with the Yoast SEO plugin v27.5 - https:\/\/yoast.com\/product\/yoast-seo-wordpress\/ -->\r\n<title>Tiempo en Benidorm hoy 19 de abril - Hotel El Palmeral<\/title>\r\n<meta name=\"robots\" content=\"index, follow, max-snippet:-1, max-image-preview:large, max-video-preview:-1\" \/>\r\n<link rel=\"canonical\" href=\"https:\/\/hotelpalmeral.com\/fr\/tiempo-en-benidorm-hoy-19-de-abril\/\" \/>\r\n<meta property=\"og:locale\" content=\"fr_FR\" \/>\r\n<meta property=\"og:type\" content=\"article\" \/>\r\n<meta property=\"og:title\" content=\"Tiempo en Benidorm hoy 19 de abril - Hotel El Palmeral\" \/>\r\n<meta property=\"og:description\" content=\"Buenso d\u00edas a todos,C\u00f3mo es el tiempo en Benidorm?Nosotros sabemos c\u00f3mo es hoy en Benidorm, pero no sabemso nada de pron\u00f3sticos sobre qu\u00e9 ser\u00e1 en semana santa.Hoy hace buena temperatura, pero no hay sol.La gente est\u00e1 en la playa.Os pasamos 2 fotos de la playa de Benidorm tomada hoy a las 13h.Un saludo Hotel el [&hellip;]\" \/>\r\n<meta property=\"og:url\" content=\"https:\/\/hotelpalmeral.com\/fr\/tiempo-en-benidorm-hoy-19-de-abril\/\" \/>\r\n<meta property=\"og:site_name\" content=\"Hotel El Palmeral\" \/>\r\n<meta property=\"article:publisher\" content=\"https:\/\/www.facebook.com\/HotelPalmeralBenidorm\" \/>\r\n<meta property=\"article:published_time\" content=\"2011-04-19T11:20:00+00:00\" \/>\r\n<meta property=\"og:image\" content=\"http:\/\/2.bp.blogspot.com\/-1yrVDLEs928\/Ta1veSkEMlI\/AAAAAAAAA0w\/ZHfnJsMUbpk\/s320\/playa+benidorm.jpg\" \/>\r\n<meta name=\"author\" content=\"admin_palmeral\" \/>\r\n<meta name=\"twitter:card\" content=\"summary_large_image\" \/>\r\n<meta name=\"twitter:creator\" content=\"@hotelelpalmeral\" \/>\r\n<meta name=\"twitter:site\" content=\"@hotelelpalmeral\" \/>\r\n<meta name=\"twitter:label1\" content=\"\u00c9crit par\" \/>\n\t<meta name=\"twitter:data1\" content=\"admin_palmeral\" \/>\r\n<script type=\"application\/ld+json\" class=\"yoast-schema-graph\">{\"@context\":\"https:\\\/\\\/schema.org\",\"@graph\":[{\"@type\":\"Article\",\"@id\":\"https:\\\/\\\/hotelpalmeral.com\\\/de\\\/tiempo-en-benidorm-hoy-19-de-abril\\\/#article\",\"isPartOf\":{\"@id\":\"https:\\\/\\\/hotelpalmeral.com\\\/de\\\/tiempo-en-benidorm-hoy-19-de-abril\\\/\"},\"author\":{\"name\":\"admin_palmeral\",\"@id\":\"https:\\\/\\\/hotelpalmeral.com\\\/#\\\/schema\\\/person\\\/c8066d1b13fdf1bac6d45a1394738ca6\"},\"headline\":\"Tiempo en Benidorm hoy 19 de abril\",\"datePublished\":\"2011-04-19T11:20:00+00:00\",\"mainEntityOfPage\":{\"@id\":\"https:\\\/\\\/hotelpalmeral.com\\\/de\\\/tiempo-en-benidorm-hoy-19-de-abril\\\/\"},\"wordCount\":77,\"commentCount\":0,\"publisher\":{\"@id\":\"https:\\\/\\\/hotelpalmeral.com\\\/#organization\"},\"image\":{\"@id\":\"https:\\\/\\\/hotelpalmeral.com\\\/de\\\/tiempo-en-benidorm-hoy-19-de-abril\\\/#primaryimage\"},\"thumbnailUrl\":\"http:\\\/\\\/2.bp.blogspot.com\\\/-1yrVDLEs928\\\/Ta1veSkEMlI\\\/AAAAAAAAA0w\\\/ZHfnJsMUbpk\\\/s320\\\/playa+benidorm.jpg\",\"articleSection\":[\"Tiempo en Benidorm\"],\"inLanguage\":\"fr-FR\",\"potentialAction\":[{\"@type\":\"CommentAction\",\"name\":\"Comment\",\"target\":[\"https:\\\/\\\/hotelpalmeral.com\\\/de\\\/tiempo-en-benidorm-hoy-19-de-abril\\\/#respond\"]}]},{\"@type\":\"WebPage\",\"@id\":\"https:\\\/\\\/hotelpalmeral.com\\\/de\\\/tiempo-en-benidorm-hoy-19-de-abril\\\/\",\"url\":\"https:\\\/\\\/hotelpalmeral.com\\\/de\\\/tiempo-en-benidorm-hoy-19-de-abril\\\/\",\"name\":\"Tiempo en Benidorm hoy 19 de abril - Hotel El Palmeral\",\"isPartOf\":{\"@id\":\"https:\\\/\\\/hotelpalmeral.com\\\/#website\"},\"primaryImageOfPage\":{\"@id\":\"https:\\\/\\\/hotelpalmeral.com\\\/de\\\/tiempo-en-benidorm-hoy-19-de-abril\\\/#primaryimage\"},\"image\":{\"@id\":\"https:\\\/\\\/hotelpalmeral.com\\\/de\\\/tiempo-en-benidorm-hoy-19-de-abril\\\/#primaryimage\"},\"thumbnailUrl\":\"http:\\\/\\\/2.bp.blogspot.com\\\/-1yrVDLEs928\\\/Ta1veSkEMlI\\\/AAAAAAAAA0w\\\/ZHfnJsMUbpk\\\/s320\\\/playa+benidorm.jpg\",\"datePublished\":\"2011-04-19T11:20:00+00:00\",\"breadcrumb\":{\"@id\":\"https:\\\/\\\/hotelpalmeral.com\\\/de\\\/tiempo-en-benidorm-hoy-19-de-abril\\\/#breadcrumb\"},\"inLanguage\":\"fr-FR\",\"potentialAction\":[{\"@type\":\"ReadAction\",\"target\":[\"https:\\\/\\\/hotelpalmeral.com\\\/de\\\/tiempo-en-benidorm-hoy-19-de-abril\\\/\"]}]},{\"@type\":\"ImageObject\",\"inLanguage\":\"fr-FR\",\"@id\":\"https:\\\/\\\/hotelpalmeral.com\\\/de\\\/tiempo-en-benidorm-hoy-19-de-abril\\\/#primaryimage\",\"url\":\"http:\\\/\\\/2.bp.blogspot.com\\\/-1yrVDLEs928\\\/Ta1veSkEMlI\\\/AAAAAAAAA0w\\\/ZHfnJsMUbpk\\\/s320\\\/playa+benidorm.jpg\",\"contentUrl\":\"http:\\\/\\\/2.bp.blogspot.com\\\/-1yrVDLEs928\\\/Ta1veSkEMlI\\\/AAAAAAAAA0w\\\/ZHfnJsMUbpk\\\/s320\\\/playa+benidorm.jpg\"},{\"@type\":\"BreadcrumbList\",\"@id\":\"https:\\\/\\\/hotelpalmeral.com\\\/de\\\/tiempo-en-benidorm-hoy-19-de-abril\\\/#breadcrumb\",\"itemListElement\":[{\"@type\":\"ListItem\",\"position\":1,\"name\":\"Portada\",\"item\":\"https:\\\/\\\/hotelpalmeral.com\\\/\"},{\"@type\":\"ListItem\",\"position\":2,\"name\":\"Tiempo en Benidorm hoy 19 de abril\"}]},{\"@type\":\"WebSite\",\"@id\":\"https:\\\/\\\/hotelpalmeral.com\\\/#website\",\"url\":\"https:\\\/\\\/hotelpalmeral.com\\\/\",\"name\":\"Hotel El Palmeral\",\"description\":\"Hotel en Benidorm\",\"publisher\":{\"@id\":\"https:\\\/\\\/hotelpalmeral.com\\\/#organization\"},\"potentialAction\":[{\"@type\":\"SearchAction\",\"target\":{\"@type\":\"EntryPoint\",\"urlTemplate\":\"https:\\\/\\\/hotelpalmeral.com\\\/?s={search_term_string}\"},\"query-input\":{\"@type\":\"PropertyValueSpecification\",\"valueRequired\":true,\"valueName\":\"search_term_string\"}}],\"inLanguage\":\"fr-FR\"},{\"@type\":\"Organization\",\"@id\":\"https:\\\/\\\/hotelpalmeral.com\\\/#organization\",\"name\":\"Hotel El Palmeral\",\"url\":\"https:\\\/\\\/hotelpalmeral.com\\\/\",\"logo\":{\"@type\":\"ImageObject\",\"inLanguage\":\"fr-FR\",\"@id\":\"https:\\\/\\\/hotelpalmeral.com\\\/#\\\/schema\\\/logo\\\/image\\\/\",\"url\":\"https:\\\/\\\/hotelpalmeral.com\\\/wp-content\\\/uploads\\\/2023\\\/03\\\/Logo-footer.png\",\"contentUrl\":\"https:\\\/\\\/hotelpalmeral.com\\\/wp-content\\\/uploads\\\/2023\\\/03\\\/Logo-footer.png\",\"width\":229,\"height\":265,\"caption\":\"Hotel El Palmeral\"},\"image\":{\"@id\":\"https:\\\/\\\/hotelpalmeral.com\\\/#\\\/schema\\\/logo\\\/image\\\/\"},\"sameAs\":[\"https:\\\/\\\/www.facebook.com\\\/HotelPalmeralBenidorm\",\"https:\\\/\\\/x.com\\\/hotelelpalmeral\",\"https:\\\/\\\/www.instagram.com\\\/hotelpalmeralbenidorm\\\/\"]},{\"@type\":\"Person\",\"@id\":\"https:\\\/\\\/hotelpalmeral.com\\\/#\\\/schema\\\/person\\\/c8066d1b13fdf1bac6d45a1394738ca6\",\"name\":\"admin_palmeral\",\"image\":{\"@type\":\"ImageObject\",\"inLanguage\":\"fr-FR\",\"@id\":\"https:\\\/\\\/secure.gravatar.com\\\/avatar\\\/6b12524dda5bc713fd067188ac2e02862b3e463150f6095efe68cfd0e19d3b11?s=96&d=mm&r=g\",\"url\":\"https:\\\/\\\/secure.gravatar.com\\\/avatar\\\/6b12524dda5bc713fd067188ac2e02862b3e463150f6095efe68cfd0e19d3b11?s=96&d=mm&r=g\",\"contentUrl\":\"https:\\\/\\\/secure.gravatar.com\\\/avatar\\\/6b12524dda5bc713fd067188ac2e02862b3e463150f6095efe68cfd0e19d3b11?s=96&d=mm&r=g\",\"caption\":\"admin_palmeral\"},\"sameAs\":[\"http:\\\/\\\/hotelpalmeral.com\"],\"url\":\"https:\\\/\\\/hotelpalmeral.com\\\/fr\\\/author\\\/admin_palmeral\\\/\"}]}<\/script>\r\n<!-- \/ Yoast SEO plugin. -->","yoast_head_json":{"title":"Tiempo en Benidorm hoy 19 de abril - Hotel El Palmeral","robots":{"index":"index","follow":"follow","max-snippet":"max-snippet:-1","max-image-preview":"max-image-preview:large","max-video-preview":"max-video-preview:-1"},"canonical":"https:\/\/hotelpalmeral.com\/fr\/tiempo-en-benidorm-hoy-19-de-abril\/","og_locale":"fr_FR","og_type":"article","og_title":"Tiempo en Benidorm hoy 19 de abril - Hotel El Palmeral","og_description":"Buenso d\u00edas a todos,C\u00f3mo es el tiempo en Benidorm?Nosotros sabemos c\u00f3mo es hoy en Benidorm, pero no sabemso nada de pron\u00f3sticos sobre qu\u00e9 ser\u00e1 en semana santa.Hoy hace buena temperatura, pero no hay sol.La gente est\u00e1 en la playa.Os pasamos 2 fotos de la playa de Benidorm tomada hoy a las 13h.Un saludo Hotel el [&hellip;]","og_url":"https:\/\/hotelpalmeral.com\/fr\/tiempo-en-benidorm-hoy-19-de-abril\/","og_site_name":"Hotel El Palmeral","article_publisher":"https:\/\/www.facebook.com\/HotelPalmeralBenidorm","article_published_time":"2011-04-19T11:20:00+00:00","og_image":[{"url":"http:\/\/2.bp.blogspot.com\/-1yrVDLEs928\/Ta1veSkEMlI\/AAAAAAAAA0w\/ZHfnJsMUbpk\/s320\/playa+benidorm.jpg","type":"","width":"","height":""}],"author":"admin_palmeral","twitter_card":"summary_large_image","twitter_creator":"@hotelelpalmeral","twitter_site":"@hotelelpalmeral","twitter_misc":{"\u00c9crit par":"admin_palmeral"},"schema":{"@context":"https:\/\/schema.org","@graph":[{"@type":"Article","@id":"https:\/\/hotelpalmeral.com\/de\/tiempo-en-benidorm-hoy-19-de-abril\/#article","isPartOf":{"@id":"https:\/\/hotelpalmeral.com\/de\/tiempo-en-benidorm-hoy-19-de-abril\/"},"author":{"name":"admin_palmeral","@id":"https:\/\/hotelpalmeral.com\/#\/schema\/person\/c8066d1b13fdf1bac6d45a1394738ca6"},"headline":"Tiempo en Benidorm hoy 19 de abril","datePublished":"2011-04-19T11:20:00+00:00","mainEntityOfPage":{"@id":"https:\/\/hotelpalmeral.com\/de\/tiempo-en-benidorm-hoy-19-de-abril\/"},"wordCount":77,"commentCount":0,"publisher":{"@id":"https:\/\/hotelpalmeral.com\/#organization"},"image":{"@id":"https:\/\/hotelpalmeral.com\/de\/tiempo-en-benidorm-hoy-19-de-abril\/#primaryimage"},"thumbnailUrl":"http:\/\/2.bp.blogspot.com\/-1yrVDLEs928\/Ta1veSkEMlI\/AAAAAAAAA0w\/ZHfnJsMUbpk\/s320\/playa+benidorm.jpg","articleSection":["Tiempo en Benidorm"],"inLanguage":"fr-FR","potentialAction":[{"@type":"CommentAction","name":"Comment","target":["https:\/\/hotelpalmeral.com\/de\/tiempo-en-benidorm-hoy-19-de-abril\/#respond"]}]},{"@type":"WebPage","@id":"https:\/\/hotelpalmeral.com\/de\/tiempo-en-benidorm-hoy-19-de-abril\/","url":"https:\/\/hotelpalmeral.com\/de\/tiempo-en-benidorm-hoy-19-de-abril\/","name":"Tiempo en Benidorm hoy 19 de abril - Hotel El Palmeral","isPartOf":{"@id":"https:\/\/hotelpalmeral.com\/#website"},"primaryImageOfPage":{"@id":"https:\/\/hotelpalmeral.com\/de\/tiempo-en-benidorm-hoy-19-de-abril\/#primaryimage"},"image":{"@id":"https:\/\/hotelpalmeral.com\/de\/tiempo-en-benidorm-hoy-19-de-abril\/#primaryimage"},"thumbnailUrl":"http:\/\/2.bp.blogspot.com\/-1yrVDLEs928\/Ta1veSkEMlI\/AAAAAAAAA0w\/ZHfnJsMUbpk\/s320\/playa+benidorm.jpg","datePublished":"2011-04-19T11:20:00+00:00","breadcrumb":{"@id":"https:\/\/hotelpalmeral.com\/de\/tiempo-en-benidorm-hoy-19-de-abril\/#breadcrumb"},"inLanguage":"fr-FR","potentialAction":[{"@type":"ReadAction","target":["https:\/\/hotelpalmeral.com\/de\/tiempo-en-benidorm-hoy-19-de-abril\/"]}]},{"@type":"ImageObject","inLanguage":"fr-FR","@id":"https:\/\/hotelpalmeral.com\/de\/tiempo-en-benidorm-hoy-19-de-abril\/#primaryimage","url":"http:\/\/2.bp.blogspot.com\/-1yrVDLEs928\/Ta1veSkEMlI\/AAAAAAAAA0w\/ZHfnJsMUbpk\/s320\/playa+benidorm.jpg","contentUrl":"http:\/\/2.bp.blogspot.com\/-1yrVDLEs928\/Ta1veSkEMlI\/AAAAAAAAA0w\/ZHfnJsMUbpk\/s320\/playa+benidorm.jpg"},{"@type":"BreadcrumbList","@id":"https:\/\/hotelpalmeral.com\/de\/tiempo-en-benidorm-hoy-19-de-abril\/#breadcrumb","itemListElement":[{"@type":"ListItem","position":1,"name":"Portada","item":"https:\/\/hotelpalmeral.com\/"},{"@type":"ListItem","position":2,"name":"Tiempo en Benidorm hoy 19 de abril"}]},{"@type":"WebSite","@id":"https:\/\/hotelpalmeral.com\/#website","url":"https:\/\/hotelpalmeral.com\/","name":"Hotel El Palmeral","description":"Hotel en Benidorm","publisher":{"@id":"https:\/\/hotelpalmeral.com\/#organization"},"potentialAction":[{"@type":"SearchAction","target":{"@type":"EntryPoint","urlTemplate":"https:\/\/hotelpalmeral.com\/?s={search_term_string}"},"query-input":{"@type":"PropertyValueSpecification","valueRequired":true,"valueName":"search_term_string"}}],"inLanguage":"fr-FR"},{"@type":"Organization","@id":"https:\/\/hotelpalmeral.com\/#organization","name":"Hotel El Palmeral","url":"https:\/\/hotelpalmeral.com\/","logo":{"@type":"ImageObject","inLanguage":"fr-FR","@id":"https:\/\/hotelpalmeral.com\/#\/schema\/logo\/image\/","url":"https:\/\/hotelpalmeral.com\/wp-content\/uploads\/2023\/03\/Logo-footer.png","contentUrl":"https:\/\/hotelpalmeral.com\/wp-content\/uploads\/2023\/03\/Logo-footer.png","width":229,"height":265,"caption":"Hotel El Palmeral"},"image":{"@id":"https:\/\/hotelpalmeral.com\/#\/schema\/logo\/image\/"},"sameAs":["https:\/\/www.facebook.com\/HotelPalmeralBenidorm","https:\/\/x.com\/hotelelpalmeral","https:\/\/www.instagram.com\/hotelpalmeralbenidorm\/"]},{"@type":"Person","@id":"https:\/\/hotelpalmeral.com\/#\/schema\/person\/c8066d1b13fdf1bac6d45a1394738ca6","name":"admin_palmeral","image":{"@type":"ImageObject","inLanguage":"fr-FR","@id":"https:\/\/secure.gravatar.com\/avatar\/6b12524dda5bc713fd067188ac2e02862b3e463150f6095efe68cfd0e19d3b11?s=96&d=mm&r=g","url":"https:\/\/secure.gravatar.com\/avatar\/6b12524dda5bc713fd067188ac2e02862b3e463150f6095efe68cfd0e19d3b11?s=96&d=mm&r=g","contentUrl":"https:\/\/secure.gravatar.com\/avatar\/6b12524dda5bc713fd067188ac2e02862b3e463150f6095efe68cfd0e19d3b11?s=96&d=mm&r=g","caption":"admin_palmeral"},"sameAs":["http:\/\/hotelpalmeral.com"],"url":"https:\/\/hotelpalmeral.com\/fr\/author\/admin_palmeral\/"}]}},"_links":{"self":[{"href":"https:\/\/hotelpalmeral.com\/fr\/wp-json\/wp\/v2\/posts\/1288","targetHints":{"allow":["GET"]}}],"collection":[{"href":"https:\/\/hotelpalmeral.com\/fr\/wp-json\/wp\/v2\/posts"}],"about":[{"href":"https:\/\/hotelpalmeral.com\/fr\/wp-json\/wp\/v2\/types\/post"}],"author":[{"embeddable":true,"href":"https:\/\/hotelpalmeral.com\/fr\/wp-json\/wp\/v2\/users\/1"}],"replies":[{"embeddable":true,"href":"https:\/\/hotelpalmeral.com\/fr\/wp-json\/wp\/v2\/comments?post=1288"}],"version-history":[{"count":0,"href":"https:\/\/hotelpalmeral.com\/fr\/wp-json\/wp\/v2\/posts\/1288\/revisions"}],"wp:attachment":[{"href":"https:\/\/hotelpalmeral.com\/fr\/wp-json\/wp\/v2\/media?parent=1288"}],"wp:term":[{"taxonomy":"category","embeddable":true,"href":"https:\/\/hotelpalmeral.com\/fr\/wp-json\/wp\/v2\/categories?post=1288"},{"taxonomy":"post_tag","embeddable":true,"href":"https:\/\/hotelpalmeral.com\/fr\/wp-json\/wp\/v2\/tags?post=1288"}],"curies":[{"name":"wp","href":"https:\/\/api.w.org\/{rel}","templated":true}]}}