{"id":1156,"date":"2010-08-03T12:13:00","date_gmt":"2010-08-03T12:13:00","guid":{"rendered":"http:\/\/blog.hotelpalmeral.com\/?p=895"},"modified":"2010-08-03T12:13:00","modified_gmt":"2010-08-03T12:13:00","slug":"agenda-cultural-en-benidorm-en-agostoteatro","status":"publish","type":"post","link":"https:\/\/hotelpalmeral.com\/fr\/agenda-cultural-en-benidorm-en-agostoteatro\/","title":{"rendered":"Agenda cultural en Benidorm en Agosto:Teatro"},"content":{"rendered":"<p>Pasamos todas las obras de teatro que se celebran en agosto en Benidorm:<\/p>\n<p>\u00a0\u00a0\u00a0\u00a0 -Domingo <b>8 de agosto<\/b>:\u00a0 <b>Compa\u00f1\u00eda Yllana\u00a0 con la <a href=\"http:\/\/pequelia.es\/17291\/teatro-de-yllana-zoo\/\">obra zoo<\/a><\/b> dirigido principalmente a los ni\u00f1os. Recibi\u00f3 el premio Max al mejor espect\u00e1culo infantil en el 2010. Precio de la entrada 3 euros. Tendr\u00e1 lugar en el anfiteatro \u00d3scar Espl\u00e1 &#8211; Parque de l&#8217;Aig\u00fcera a las 22h.<\/p>\n<p>\u00a0\u00a0\u00a0\u00a0 -S\u00e1bado <b>14 de agosto<\/b>: <a href=\"http:\/\/www.gara.net\/paperezkoa\/20080509\/76648\/es\/Markeline-exprime-propiedades-ironia-su-callejera-obra-autoayuda\"><b>Markeli\u00f1e Terapias<\/b><\/a> dirigido principalmente adultos. . Precio de la entrada 7 euros. Tendr\u00e1 lugar en el anfiteatro \u00d3scar  Espl\u00e1 &#8211; Parque de l&#8217;Aig\u00fcera a las 23h.<\/p>\n<p>\u00a0\u00a0\u00a0\u00a0 -Domingo\u00a0 <b>15 de agosto<\/b><a href=\"http:\/\/www.gara.net\/paperezkoa\/20080509\/76648\/es\/Markeline-exprime-propiedades-ironia-su-callejera-obra-autoayuda\"><\/a><a href=\"http:\/\/www.blogger.com\/goog_1677514986\">: <\/a><b><a href=\"http:\/\/www.portaldemagia.net\/la-magia-de-yunke\/\">La magia de Yunke<\/a> <\/b>para todos los p\u00fablicos.\u00a0 Precio de la entrada 3 euros. Tendr\u00e1 lugar en el anfiteatro \u00d3scar  Espl\u00e1 &#8211; Parque de l&#8217;Aig\u00fcera a las 23h.<\/p>\n<p>\u00a0 \u00a0 \u00a0 -Jueves\u00a0 <b>19 de agosto<\/b>: <a href=\"http:\/\/www.teatroprincipaldealicante.com\/fichaobra.php?id=28\"><b>El Pisito<\/b><\/a><b> <\/b>.\u00a0 Precio de la entrada 15 euros (10 euros en taquilla m\u00e1s gastos distribuci\u00f3n). Tendr\u00e1 lugar en el auditor\u00edo Julio Iglesias- Parque de l&#8217;Aig\u00fcera a las 22:30 h.\u00a0 <\/p>\n<p>\u00a0 \u00a0 -S\u00e1bado \u00a0 <b>21 de agosto<\/b>: <b>Misterios de Dario Fo por Miguel Such<\/b><b> <\/b>.\u00a0  Precio de la entrada 7 euros. Tendr\u00e1 lugar en el anfiteatro \u00d3scar  Espl\u00e1 &#8211; Parque de  l&#8217;Aig\u00fcera a las 23:00 h.\u00a0<\/p>\n<p>Un saludo a todos<br \/>Hotel el Palmeral, su hotel en la Cala de Benidorm<\/p>","protected":false},"excerpt":{"rendered":"<p>Pasamos todas las obras de teatro que se celebran en agosto en Benidorm: \u00a0\u00a0\u00a0\u00a0 -Domingo 8 de agosto:\u00a0 Compa\u00f1\u00eda Yllana\u00a0 con la obra zoo dirigido principalmente a los ni\u00f1os. Recibi\u00f3 el premio Max al mejor espect\u00e1culo infantil en el 2010. Precio de la entrada 3 euros. Tendr\u00e1 lugar en el anfiteatro \u00d3scar Espl\u00e1 &#8211; Parque [&hellip;]<\/p>\n","protected":false},"author":1,"featured_media":0,"comment_status":"open","ping_status":"open","sticky":false,"template":"","format":"standard","meta":{"inline_featured_image":false,"footnotes":""},"categories":[16],"tags":[],"class_list":["post-1156","post","type-post","status-publish","format-standard","hentry","category-agenda-cultural-y-de-ocio-de-benidorm"],"yoast_head":"<!-- This site is optimized with the Yoast SEO plugin v27.5 - https:\/\/yoast.com\/product\/yoast-seo-wordpress\/ -->\r\n<title>Agenda cultural en Benidorm en Agosto:Teatro - Hotel El Palmeral<\/title>\r\n<meta name=\"robots\" content=\"index, follow, max-snippet:-1, max-image-preview:large, max-video-preview:-1\" \/>\r\n<link rel=\"canonical\" href=\"https:\/\/hotelpalmeral.com\/fr\/agenda-cultural-en-benidorm-en-agostoteatro\/\" \/>\r\n<meta property=\"og:locale\" content=\"fr_FR\" \/>\r\n<meta property=\"og:type\" content=\"article\" \/>\r\n<meta property=\"og:title\" content=\"Agenda cultural en Benidorm en Agosto:Teatro - Hotel El Palmeral\" \/>\r\n<meta property=\"og:description\" content=\"Pasamos todas las obras de teatro que se celebran en agosto en Benidorm: \u00a0\u00a0\u00a0\u00a0 -Domingo 8 de agosto:\u00a0 Compa\u00f1\u00eda Yllana\u00a0 con la obra zoo dirigido principalmente a los ni\u00f1os. Recibi\u00f3 el premio Max al mejor espect\u00e1culo infantil en el 2010. Precio de la entrada 3 euros. Tendr\u00e1 lugar en el anfiteatro \u00d3scar Espl\u00e1 &#8211; Parque [&hellip;]\" \/>\r\n<meta property=\"og:url\" content=\"https:\/\/hotelpalmeral.com\/fr\/agenda-cultural-en-benidorm-en-agostoteatro\/\" \/>\r\n<meta property=\"og:site_name\" content=\"Hotel El Palmeral\" \/>\r\n<meta property=\"article:publisher\" content=\"https:\/\/www.facebook.com\/HotelPalmeralBenidorm\" \/>\r\n<meta property=\"article:published_time\" content=\"2010-08-03T12:13:00+00:00\" \/>\r\n<meta name=\"author\" content=\"admin_palmeral\" \/>\r\n<meta name=\"twitter:card\" content=\"summary_large_image\" \/>\r\n<meta name=\"twitter:creator\" content=\"@hotelelpalmeral\" \/>\r\n<meta name=\"twitter:site\" content=\"@hotelelpalmeral\" \/>\r\n<meta name=\"twitter:label1\" content=\"\u00c9crit par\" \/>\n\t<meta name=\"twitter:data1\" content=\"admin_palmeral\" \/>\n\t<meta name=\"twitter:label2\" content=\"Dur\u00e9e de lecture estim\u00e9e\" \/>\n\t<meta name=\"twitter:data2\" content=\"1 minute\" \/>\r\n<script type=\"application\/ld+json\" class=\"yoast-schema-graph\">{\"@context\":\"https:\\\/\\\/schema.org\",\"@graph\":[{\"@type\":\"Article\",\"@id\":\"https:\\\/\\\/hotelpalmeral.com\\\/agenda-cultural-en-benidorm-en-agostoteatro\\\/#article\",\"isPartOf\":{\"@id\":\"https:\\\/\\\/hotelpalmeral.com\\\/agenda-cultural-en-benidorm-en-agostoteatro\\\/\"},\"author\":{\"name\":\"admin_palmeral\",\"@id\":\"https:\\\/\\\/hotelpalmeral.com\\\/#\\\/schema\\\/person\\\/c8066d1b13fdf1bac6d45a1394738ca6\"},\"headline\":\"Agenda cultural en Benidorm en Agosto:Teatro\",\"datePublished\":\"2010-08-03T12:13:00+00:00\",\"mainEntityOfPage\":{\"@id\":\"https:\\\/\\\/hotelpalmeral.com\\\/agenda-cultural-en-benidorm-en-agostoteatro\\\/\"},\"wordCount\":211,\"commentCount\":0,\"publisher\":{\"@id\":\"https:\\\/\\\/hotelpalmeral.com\\\/#organization\"},\"articleSection\":[\"Agenda cultural y de ocio de Benidorm\"],\"inLanguage\":\"fr-FR\",\"potentialAction\":[{\"@type\":\"CommentAction\",\"name\":\"Comment\",\"target\":[\"https:\\\/\\\/hotelpalmeral.com\\\/agenda-cultural-en-benidorm-en-agostoteatro\\\/#respond\"]}]},{\"@type\":\"WebPage\",\"@id\":\"https:\\\/\\\/hotelpalmeral.com\\\/agenda-cultural-en-benidorm-en-agostoteatro\\\/\",\"url\":\"https:\\\/\\\/hotelpalmeral.com\\\/agenda-cultural-en-benidorm-en-agostoteatro\\\/\",\"name\":\"Agenda cultural en Benidorm en Agosto:Teatro - Hotel El Palmeral\",\"isPartOf\":{\"@id\":\"https:\\\/\\\/hotelpalmeral.com\\\/#website\"},\"datePublished\":\"2010-08-03T12:13:00+00:00\",\"breadcrumb\":{\"@id\":\"https:\\\/\\\/hotelpalmeral.com\\\/agenda-cultural-en-benidorm-en-agostoteatro\\\/#breadcrumb\"},\"inLanguage\":\"fr-FR\",\"potentialAction\":[{\"@type\":\"ReadAction\",\"target\":[\"https:\\\/\\\/hotelpalmeral.com\\\/agenda-cultural-en-benidorm-en-agostoteatro\\\/\"]}]},{\"@type\":\"BreadcrumbList\",\"@id\":\"https:\\\/\\\/hotelpalmeral.com\\\/agenda-cultural-en-benidorm-en-agostoteatro\\\/#breadcrumb\",\"itemListElement\":[{\"@type\":\"ListItem\",\"position\":1,\"name\":\"Portada\",\"item\":\"https:\\\/\\\/hotelpalmeral.com\\\/\"},{\"@type\":\"ListItem\",\"position\":2,\"name\":\"Agenda cultural en Benidorm en Agosto:Teatro\"}]},{\"@type\":\"WebSite\",\"@id\":\"https:\\\/\\\/hotelpalmeral.com\\\/#website\",\"url\":\"https:\\\/\\\/hotelpalmeral.com\\\/\",\"name\":\"Hotel El Palmeral\",\"description\":\"Hotel en Benidorm\",\"publisher\":{\"@id\":\"https:\\\/\\\/hotelpalmeral.com\\\/#organization\"},\"potentialAction\":[{\"@type\":\"SearchAction\",\"target\":{\"@type\":\"EntryPoint\",\"urlTemplate\":\"https:\\\/\\\/hotelpalmeral.com\\\/?s={search_term_string}\"},\"query-input\":{\"@type\":\"PropertyValueSpecification\",\"valueRequired\":true,\"valueName\":\"search_term_string\"}}],\"inLanguage\":\"fr-FR\"},{\"@type\":\"Organization\",\"@id\":\"https:\\\/\\\/hotelpalmeral.com\\\/#organization\",\"name\":\"Hotel El Palmeral\",\"url\":\"https:\\\/\\\/hotelpalmeral.com\\\/\",\"logo\":{\"@type\":\"ImageObject\",\"inLanguage\":\"fr-FR\",\"@id\":\"https:\\\/\\\/hotelpalmeral.com\\\/#\\\/schema\\\/logo\\\/image\\\/\",\"url\":\"https:\\\/\\\/hotelpalmeral.com\\\/wp-content\\\/uploads\\\/2023\\\/03\\\/Logo-footer.png\",\"contentUrl\":\"https:\\\/\\\/hotelpalmeral.com\\\/wp-content\\\/uploads\\\/2023\\\/03\\\/Logo-footer.png\",\"width\":229,\"height\":265,\"caption\":\"Hotel El Palmeral\"},\"image\":{\"@id\":\"https:\\\/\\\/hotelpalmeral.com\\\/#\\\/schema\\\/logo\\\/image\\\/\"},\"sameAs\":[\"https:\\\/\\\/www.facebook.com\\\/HotelPalmeralBenidorm\",\"https:\\\/\\\/x.com\\\/hotelelpalmeral\",\"https:\\\/\\\/www.instagram.com\\\/hotelpalmeralbenidorm\\\/\"]},{\"@type\":\"Person\",\"@id\":\"https:\\\/\\\/hotelpalmeral.com\\\/#\\\/schema\\\/person\\\/c8066d1b13fdf1bac6d45a1394738ca6\",\"name\":\"admin_palmeral\",\"image\":{\"@type\":\"ImageObject\",\"inLanguage\":\"fr-FR\",\"@id\":\"https:\\\/\\\/secure.gravatar.com\\\/avatar\\\/6b12524dda5bc713fd067188ac2e02862b3e463150f6095efe68cfd0e19d3b11?s=96&d=mm&r=g\",\"url\":\"https:\\\/\\\/secure.gravatar.com\\\/avatar\\\/6b12524dda5bc713fd067188ac2e02862b3e463150f6095efe68cfd0e19d3b11?s=96&d=mm&r=g\",\"contentUrl\":\"https:\\\/\\\/secure.gravatar.com\\\/avatar\\\/6b12524dda5bc713fd067188ac2e02862b3e463150f6095efe68cfd0e19d3b11?s=96&d=mm&r=g\",\"caption\":\"admin_palmeral\"},\"sameAs\":[\"http:\\\/\\\/hotelpalmeral.com\"],\"url\":\"https:\\\/\\\/hotelpalmeral.com\\\/fr\\\/author\\\/admin_palmeral\\\/\"}]}<\/script>\r\n<!-- \/ Yoast SEO plugin. -->","yoast_head_json":{"title":"Agenda cultural en Benidorm en Agosto:Teatro - Hotel El Palmeral","robots":{"index":"index","follow":"follow","max-snippet":"max-snippet:-1","max-image-preview":"max-image-preview:large","max-video-preview":"max-video-preview:-1"},"canonical":"https:\/\/hotelpalmeral.com\/fr\/agenda-cultural-en-benidorm-en-agostoteatro\/","og_locale":"fr_FR","og_type":"article","og_title":"Agenda cultural en Benidorm en Agosto:Teatro - Hotel El Palmeral","og_description":"Pasamos todas las obras de teatro que se celebran en agosto en Benidorm: \u00a0\u00a0\u00a0\u00a0 -Domingo 8 de agosto:\u00a0 Compa\u00f1\u00eda Yllana\u00a0 con la obra zoo dirigido principalmente a los ni\u00f1os. Recibi\u00f3 el premio Max al mejor espect\u00e1culo infantil en el 2010. Precio de la entrada 3 euros. Tendr\u00e1 lugar en el anfiteatro \u00d3scar Espl\u00e1 &#8211; Parque [&hellip;]","og_url":"https:\/\/hotelpalmeral.com\/fr\/agenda-cultural-en-benidorm-en-agostoteatro\/","og_site_name":"Hotel El Palmeral","article_publisher":"https:\/\/www.facebook.com\/HotelPalmeralBenidorm","article_published_time":"2010-08-03T12:13:00+00:00","author":"admin_palmeral","twitter_card":"summary_large_image","twitter_creator":"@hotelelpalmeral","twitter_site":"@hotelelpalmeral","twitter_misc":{"\u00c9crit par":"admin_palmeral","Dur\u00e9e de lecture estim\u00e9e":"1 minute"},"schema":{"@context":"https:\/\/schema.org","@graph":[{"@type":"Article","@id":"https:\/\/hotelpalmeral.com\/agenda-cultural-en-benidorm-en-agostoteatro\/#article","isPartOf":{"@id":"https:\/\/hotelpalmeral.com\/agenda-cultural-en-benidorm-en-agostoteatro\/"},"author":{"name":"admin_palmeral","@id":"https:\/\/hotelpalmeral.com\/#\/schema\/person\/c8066d1b13fdf1bac6d45a1394738ca6"},"headline":"Agenda cultural en Benidorm en Agosto:Teatro","datePublished":"2010-08-03T12:13:00+00:00","mainEntityOfPage":{"@id":"https:\/\/hotelpalmeral.com\/agenda-cultural-en-benidorm-en-agostoteatro\/"},"wordCount":211,"commentCount":0,"publisher":{"@id":"https:\/\/hotelpalmeral.com\/#organization"},"articleSection":["Agenda cultural y de ocio de Benidorm"],"inLanguage":"fr-FR","potentialAction":[{"@type":"CommentAction","name":"Comment","target":["https:\/\/hotelpalmeral.com\/agenda-cultural-en-benidorm-en-agostoteatro\/#respond"]}]},{"@type":"WebPage","@id":"https:\/\/hotelpalmeral.com\/agenda-cultural-en-benidorm-en-agostoteatro\/","url":"https:\/\/hotelpalmeral.com\/agenda-cultural-en-benidorm-en-agostoteatro\/","name":"Agenda cultural en Benidorm en Agosto:Teatro - Hotel El Palmeral","isPartOf":{"@id":"https:\/\/hotelpalmeral.com\/#website"},"datePublished":"2010-08-03T12:13:00+00:00","breadcrumb":{"@id":"https:\/\/hotelpalmeral.com\/agenda-cultural-en-benidorm-en-agostoteatro\/#breadcrumb"},"inLanguage":"fr-FR","potentialAction":[{"@type":"ReadAction","target":["https:\/\/hotelpalmeral.com\/agenda-cultural-en-benidorm-en-agostoteatro\/"]}]},{"@type":"BreadcrumbList","@id":"https:\/\/hotelpalmeral.com\/agenda-cultural-en-benidorm-en-agostoteatro\/#breadcrumb","itemListElement":[{"@type":"ListItem","position":1,"name":"Portada","item":"https:\/\/hotelpalmeral.com\/"},{"@type":"ListItem","position":2,"name":"Agenda cultural en Benidorm en Agosto:Teatro"}]},{"@type":"WebSite","@id":"https:\/\/hotelpalmeral.com\/#website","url":"https:\/\/hotelpalmeral.com\/","name":"Hotel El Palmeral","description":"Hotel en Benidorm","publisher":{"@id":"https:\/\/hotelpalmeral.com\/#organization"},"potentialAction":[{"@type":"SearchAction","target":{"@type":"EntryPoint","urlTemplate":"https:\/\/hotelpalmeral.com\/?s={search_term_string}"},"query-input":{"@type":"PropertyValueSpecification","valueRequired":true,"valueName":"search_term_string"}}],"inLanguage":"fr-FR"},{"@type":"Organization","@id":"https:\/\/hotelpalmeral.com\/#organization","name":"Hotel El Palmeral","url":"https:\/\/hotelpalmeral.com\/","logo":{"@type":"ImageObject","inLanguage":"fr-FR","@id":"https:\/\/hotelpalmeral.com\/#\/schema\/logo\/image\/","url":"https:\/\/hotelpalmeral.com\/wp-content\/uploads\/2023\/03\/Logo-footer.png","contentUrl":"https:\/\/hotelpalmeral.com\/wp-content\/uploads\/2023\/03\/Logo-footer.png","width":229,"height":265,"caption":"Hotel El Palmeral"},"image":{"@id":"https:\/\/hotelpalmeral.com\/#\/schema\/logo\/image\/"},"sameAs":["https:\/\/www.facebook.com\/HotelPalmeralBenidorm","https:\/\/x.com\/hotelelpalmeral","https:\/\/www.instagram.com\/hotelpalmeralbenidorm\/"]},{"@type":"Person","@id":"https:\/\/hotelpalmeral.com\/#\/schema\/person\/c8066d1b13fdf1bac6d45a1394738ca6","name":"admin_palmeral","image":{"@type":"ImageObject","inLanguage":"fr-FR","@id":"https:\/\/secure.gravatar.com\/avatar\/6b12524dda5bc713fd067188ac2e02862b3e463150f6095efe68cfd0e19d3b11?s=96&d=mm&r=g","url":"https:\/\/secure.gravatar.com\/avatar\/6b12524dda5bc713fd067188ac2e02862b3e463150f6095efe68cfd0e19d3b11?s=96&d=mm&r=g","contentUrl":"https:\/\/secure.gravatar.com\/avatar\/6b12524dda5bc713fd067188ac2e02862b3e463150f6095efe68cfd0e19d3b11?s=96&d=mm&r=g","caption":"admin_palmeral"},"sameAs":["http:\/\/hotelpalmeral.com"],"url":"https:\/\/hotelpalmeral.com\/fr\/author\/admin_palmeral\/"}]}},"_links":{"self":[{"href":"https:\/\/hotelpalmeral.com\/fr\/wp-json\/wp\/v2\/posts\/1156","targetHints":{"allow":["GET"]}}],"collection":[{"href":"https:\/\/hotelpalmeral.com\/fr\/wp-json\/wp\/v2\/posts"}],"about":[{"href":"https:\/\/hotelpalmeral.com\/fr\/wp-json\/wp\/v2\/types\/post"}],"author":[{"embeddable":true,"href":"https:\/\/hotelpalmeral.com\/fr\/wp-json\/wp\/v2\/users\/1"}],"replies":[{"embeddable":true,"href":"https:\/\/hotelpalmeral.com\/fr\/wp-json\/wp\/v2\/comments?post=1156"}],"version-history":[{"count":0,"href":"https:\/\/hotelpalmeral.com\/fr\/wp-json\/wp\/v2\/posts\/1156\/revisions"}],"wp:attachment":[{"href":"https:\/\/hotelpalmeral.com\/fr\/wp-json\/wp\/v2\/media?parent=1156"}],"wp:term":[{"taxonomy":"category","embeddable":true,"href":"https:\/\/hotelpalmeral.com\/fr\/wp-json\/wp\/v2\/categories?post=1156"},{"taxonomy":"post_tag","embeddable":true,"href":"https:\/\/hotelpalmeral.com\/fr\/wp-json\/wp\/v2\/tags?post=1156"}],"curies":[{"name":"wp","href":"https:\/\/api.w.org\/{rel}","templated":true}]}}