{"id":1150,"date":"2010-08-17T13:35:00","date_gmt":"2010-08-17T13:35:00","guid":{"rendered":"http:\/\/blog.hotelpalmeral.com\/?p=887"},"modified":"2010-08-17T13:35:00","modified_gmt":"2010-08-17T13:35:00","slug":"actuacion-para-ninos-18-agosto-en-terra-natura","status":"publish","type":"post","link":"https:\/\/hotelpalmeral.com\/fr\/actuacion-para-ninos-18-agosto-en-terra-natura\/","title":{"rendered":"Actuaci\u00f3n para ni\u00f1os 18 agosto en Terra natura"},"content":{"rendered":"<p>El pr\u00f3ximo mi\u00e9rcoles 18 de agosto a las 12.00h en Terra Natura Benidorm, tendr\u00e1 lugar la actuaci\u00f3n de Paula Dalli (finalista de My Camp Rock 1), y Aaron Colston (semifinalista de My Camp Rock 2)<br \/>Aaron Colston Avell\u00e1, ha sido seleccionado como uno de los 8 semifinalistas del concurso musical \u201cMy Camp Rock 2\u201d de Disney Channel.<br \/>Ya el a\u00f1o pasado Paula Dall\u00ed actu\u00f3 en Terra Natura, y este a\u00f1o tambi\u00e9n participar\u00e1 con Aaron Colston.<\/p>\n<p>Para m\u00e1s inforamci\u00f3n visitad la<a href=\"http:\/\/www.terranatura.com\/\"> web de Terra natura<\/a>.<br \/>Un saludo<br \/>Hotel el Palmeral, <a href=\"https:\/\/hotelpalmeral.com\/fr\/\">Hotel la Cala Benidorm<\/a><\/p>\n<div>\n<table>\n<tbody>\n<tr>\n<td>\n<div>\n<table>\n<tbody>\n<tr>\n<td>\n<img decoding=\"async\" height=\"12px\" src=\"http:\/\/toolbarqueries.google.com\/favicon.ico\" width=\"12px\">\u00a0PR: <a href=\"javascript:%7B%7D\" seolinx-param-index=\"0\" seolinx-type=\"param\" title=\"Google pagerank\">wait&#8230;<\/a>\n<\/td>\n<td>\n<img decoding=\"async\" height=\"12px\" src=\"http:\/\/www.google.com\/favicon.ico\" width=\"12px\">\u00a0I: <a href=\"javascript:%7B%7D\" seolinx-param-index=\"1\" seolinx-type=\"param\" title=\"Google index\">wait&#8230;<\/a>\n<\/td>\n<td>\n<img decoding=\"async\" height=\"12px\" src=\"http:\/\/www.google.com\/favicon.ico\" width=\"12px\">\u00a0L: <a href=\"javascript:%7B%7D\" seolinx-param-index=\"2\" seolinx-type=\"param\" title=\"Google links\">wait&#8230;<\/a>\n<\/td>\n<td>\n<img decoding=\"async\" height=\"12px\" src=\"http:\/\/siteexplorer.search.yahoo.com\/favicon.ico\" width=\"12px\">\u00a0LD: <a href=\"javascript:%7B%7D\" seolinx-param-index=\"12\" seolinx-type=\"param\" title=\"Yahoo linkdomain\">wait&#8230;<\/a>\n<\/td>\n<td>\n<img decoding=\"async\" height=\"12px\" src=\"http:\/\/www.bing.com\/favicon.ico\" width=\"12px\">\u00a0I: <a href=\"javascript:%7B%7D\" seolinx-param-index=\"20\" seolinx-type=\"param\" title=\"Bing index\">wait&#8230;<\/a>\n<\/td>\n<td><a href=\"javascript:%7B%7D\" seolinx-param-index=\"40\" seolinx-type=\"param\" title=\"Sitemap.xml\">wait&#8230;<\/a><\/td>\n<td>\n<img decoding=\"async\" height=\"12px\" src=\"http:\/\/www.semrush.com\/favicon.ico\" width=\"12px\">\u00a0Rank: <a href=\"javascript:%7B%7D\" seolinx-param-index=\"41\" seolinx-type=\"param\" title=\"SEMRush Rank\">wait&#8230;<\/a>\n<\/td>\n<td>\n<img decoding=\"async\" height=\"12px\" src=\"http:\/\/www.semrush.com\/favicon.ico\" width=\"12px\">\u00a0Traffic: <a href=\"javascript:%7B%7D\" seolinx-param-index=\"42\" seolinx-type=\"param\" title=\"SEMRush SE Traffic\">wait&#8230;<\/a>\n<\/td>\n<td>\n<img decoding=\"async\" height=\"12px\" src=\"http:\/\/www.semrush.com\/favicon.ico\" width=\"12px\">\u00a0Price: <a href=\"javascript:%7B%7D\" seolinx-param-index=\"43\" seolinx-type=\"param\" title=\"SEMRush SE Traffic price\">wait&#8230;<\/a>\n<\/td>\n<td>\n<img decoding=\"async\" height=\"12px\" src=\"http:\/\/siteanalytics.compete.com\/favicon.ico\" width=\"12px\">\u00a0C: <a href=\"javascript:%7B%7D\" seolinx-param-index=\"108\" seolinx-type=\"param\" title=\"Compete Rank\">wait&#8230;<\/a>\n<\/td>\n<\/tr>\n<\/tbody>\n<\/table>\n<\/div>\n<\/td>\n<td title=\"close\"><img decoding=\"async\" src=\"chrome:\/\/seoquake\/content\/skin\/close.gif\"><\/td>\n<\/tr>\n<\/tbody>\n<\/table>\n<\/div>","protected":false},"excerpt":{"rendered":"<p>El pr\u00f3ximo mi\u00e9rcoles 18 de agosto a las 12.00h en Terra Natura Benidorm, tendr\u00e1 lugar la actuaci\u00f3n de Paula Dalli (finalista de My Camp Rock 1), y Aaron Colston (semifinalista de My Camp Rock 2)Aaron Colston Avell\u00e1, ha sido seleccionado como uno de los 8 semifinalistas del concurso musical \u201cMy Camp Rock 2\u201d de Disney [&hellip;]<\/p>\n","protected":false},"author":1,"featured_media":0,"comment_status":"open","ping_status":"open","sticky":false,"template":"","format":"standard","meta":{"inline_featured_image":false,"footnotes":""},"categories":[16],"tags":[],"class_list":["post-1150","post","type-post","status-publish","format-standard","hentry","category-agenda-cultural-y-de-ocio-de-benidorm"],"yoast_head":"<!-- This site is optimized with the Yoast SEO plugin v27.4 - https:\/\/yoast.com\/product\/yoast-seo-wordpress\/ -->\r\n<title>Actuaci\u00f3n para ni\u00f1os 18 agosto en Terra natura - Hotel El Palmeral<\/title>\r\n<meta name=\"robots\" content=\"index, follow, max-snippet:-1, max-image-preview:large, max-video-preview:-1\" \/>\r\n<link rel=\"canonical\" href=\"https:\/\/hotelpalmeral.com\/fr\/actuacion-para-ninos-18-agosto-en-terra-natura\/\" \/>\r\n<meta property=\"og:locale\" content=\"fr_FR\" \/>\r\n<meta property=\"og:type\" content=\"article\" \/>\r\n<meta property=\"og:title\" content=\"Actuaci\u00f3n para ni\u00f1os 18 agosto en Terra natura - Hotel El Palmeral\" \/>\r\n<meta property=\"og:description\" content=\"El pr\u00f3ximo mi\u00e9rcoles 18 de agosto a las 12.00h en Terra Natura Benidorm, tendr\u00e1 lugar la actuaci\u00f3n de Paula Dalli (finalista de My Camp Rock 1), y Aaron Colston (semifinalista de My Camp Rock 2)Aaron Colston Avell\u00e1, ha sido seleccionado como uno de los 8 semifinalistas del concurso musical \u201cMy Camp Rock 2\u201d de Disney [&hellip;]\" \/>\r\n<meta property=\"og:url\" content=\"https:\/\/hotelpalmeral.com\/fr\/actuacion-para-ninos-18-agosto-en-terra-natura\/\" \/>\r\n<meta property=\"og:site_name\" content=\"Hotel El Palmeral\" \/>\r\n<meta property=\"article:publisher\" content=\"https:\/\/www.facebook.com\/HotelPalmeralBenidorm\" \/>\r\n<meta property=\"article:published_time\" content=\"2010-08-17T13:35:00+00:00\" \/>\r\n<meta property=\"og:image\" content=\"http:\/\/toolbarqueries.google.com\/favicon.ico\" \/>\r\n<meta name=\"author\" content=\"admin_palmeral\" \/>\r\n<meta name=\"twitter:card\" content=\"summary_large_image\" \/>\r\n<meta name=\"twitter:creator\" content=\"@hotelelpalmeral\" \/>\r\n<meta name=\"twitter:site\" content=\"@hotelelpalmeral\" \/>\r\n<meta name=\"twitter:label1\" content=\"\u00c9crit par\" \/>\n\t<meta name=\"twitter:data1\" content=\"admin_palmeral\" \/>\n\t<meta name=\"twitter:label2\" content=\"Dur\u00e9e de lecture estim\u00e9e\" \/>\n\t<meta name=\"twitter:data2\" content=\"1 minute\" \/>\r\n<script type=\"application\/ld+json\" class=\"yoast-schema-graph\">{\"@context\":\"https:\\\/\\\/schema.org\",\"@graph\":[{\"@type\":\"Article\",\"@id\":\"https:\\\/\\\/hotelpalmeral.com\\\/actuacion-para-ninos-18-agosto-en-terra-natura\\\/#article\",\"isPartOf\":{\"@id\":\"https:\\\/\\\/hotelpalmeral.com\\\/actuacion-para-ninos-18-agosto-en-terra-natura\\\/\"},\"author\":{\"name\":\"admin_palmeral\",\"@id\":\"https:\\\/\\\/hotelpalmeral.com\\\/#\\\/schema\\\/person\\\/c8066d1b13fdf1bac6d45a1394738ca6\"},\"headline\":\"Actuaci\u00f3n para ni\u00f1os 18 agosto en Terra natura\",\"datePublished\":\"2010-08-17T13:35:00+00:00\",\"mainEntityOfPage\":{\"@id\":\"https:\\\/\\\/hotelpalmeral.com\\\/actuacion-para-ninos-18-agosto-en-terra-natura\\\/\"},\"wordCount\":123,\"commentCount\":0,\"publisher\":{\"@id\":\"https:\\\/\\\/hotelpalmeral.com\\\/#organization\"},\"image\":{\"@id\":\"https:\\\/\\\/hotelpalmeral.com\\\/actuacion-para-ninos-18-agosto-en-terra-natura\\\/#primaryimage\"},\"thumbnailUrl\":\"http:\\\/\\\/toolbarqueries.google.com\\\/favicon.ico\",\"articleSection\":[\"Agenda cultural y de ocio de Benidorm\"],\"inLanguage\":\"fr-FR\",\"potentialAction\":[{\"@type\":\"CommentAction\",\"name\":\"Comment\",\"target\":[\"https:\\\/\\\/hotelpalmeral.com\\\/actuacion-para-ninos-18-agosto-en-terra-natura\\\/#respond\"]}]},{\"@type\":\"WebPage\",\"@id\":\"https:\\\/\\\/hotelpalmeral.com\\\/actuacion-para-ninos-18-agosto-en-terra-natura\\\/\",\"url\":\"https:\\\/\\\/hotelpalmeral.com\\\/actuacion-para-ninos-18-agosto-en-terra-natura\\\/\",\"name\":\"Actuaci\u00f3n para ni\u00f1os 18 agosto en Terra natura - Hotel El Palmeral\",\"isPartOf\":{\"@id\":\"https:\\\/\\\/hotelpalmeral.com\\\/#website\"},\"primaryImageOfPage\":{\"@id\":\"https:\\\/\\\/hotelpalmeral.com\\\/actuacion-para-ninos-18-agosto-en-terra-natura\\\/#primaryimage\"},\"image\":{\"@id\":\"https:\\\/\\\/hotelpalmeral.com\\\/actuacion-para-ninos-18-agosto-en-terra-natura\\\/#primaryimage\"},\"thumbnailUrl\":\"http:\\\/\\\/toolbarqueries.google.com\\\/favicon.ico\",\"datePublished\":\"2010-08-17T13:35:00+00:00\",\"breadcrumb\":{\"@id\":\"https:\\\/\\\/hotelpalmeral.com\\\/actuacion-para-ninos-18-agosto-en-terra-natura\\\/#breadcrumb\"},\"inLanguage\":\"fr-FR\",\"potentialAction\":[{\"@type\":\"ReadAction\",\"target\":[\"https:\\\/\\\/hotelpalmeral.com\\\/actuacion-para-ninos-18-agosto-en-terra-natura\\\/\"]}]},{\"@type\":\"ImageObject\",\"inLanguage\":\"fr-FR\",\"@id\":\"https:\\\/\\\/hotelpalmeral.com\\\/actuacion-para-ninos-18-agosto-en-terra-natura\\\/#primaryimage\",\"url\":\"http:\\\/\\\/toolbarqueries.google.com\\\/favicon.ico\",\"contentUrl\":\"http:\\\/\\\/toolbarqueries.google.com\\\/favicon.ico\"},{\"@type\":\"BreadcrumbList\",\"@id\":\"https:\\\/\\\/hotelpalmeral.com\\\/actuacion-para-ninos-18-agosto-en-terra-natura\\\/#breadcrumb\",\"itemListElement\":[{\"@type\":\"ListItem\",\"position\":1,\"name\":\"Portada\",\"item\":\"https:\\\/\\\/hotelpalmeral.com\\\/\"},{\"@type\":\"ListItem\",\"position\":2,\"name\":\"Actuaci\u00f3n para ni\u00f1os 18 agosto en Terra natura\"}]},{\"@type\":\"WebSite\",\"@id\":\"https:\\\/\\\/hotelpalmeral.com\\\/#website\",\"url\":\"https:\\\/\\\/hotelpalmeral.com\\\/\",\"name\":\"Hotel El Palmeral\",\"description\":\"Hotel en Benidorm\",\"publisher\":{\"@id\":\"https:\\\/\\\/hotelpalmeral.com\\\/#organization\"},\"potentialAction\":[{\"@type\":\"SearchAction\",\"target\":{\"@type\":\"EntryPoint\",\"urlTemplate\":\"https:\\\/\\\/hotelpalmeral.com\\\/?s={search_term_string}\"},\"query-input\":{\"@type\":\"PropertyValueSpecification\",\"valueRequired\":true,\"valueName\":\"search_term_string\"}}],\"inLanguage\":\"fr-FR\"},{\"@type\":\"Organization\",\"@id\":\"https:\\\/\\\/hotelpalmeral.com\\\/#organization\",\"name\":\"Hotel El Palmeral\",\"url\":\"https:\\\/\\\/hotelpalmeral.com\\\/\",\"logo\":{\"@type\":\"ImageObject\",\"inLanguage\":\"fr-FR\",\"@id\":\"https:\\\/\\\/hotelpalmeral.com\\\/#\\\/schema\\\/logo\\\/image\\\/\",\"url\":\"https:\\\/\\\/hotelpalmeral.com\\\/wp-content\\\/uploads\\\/2023\\\/03\\\/Logo-footer.png\",\"contentUrl\":\"https:\\\/\\\/hotelpalmeral.com\\\/wp-content\\\/uploads\\\/2023\\\/03\\\/Logo-footer.png\",\"width\":229,\"height\":265,\"caption\":\"Hotel El Palmeral\"},\"image\":{\"@id\":\"https:\\\/\\\/hotelpalmeral.com\\\/#\\\/schema\\\/logo\\\/image\\\/\"},\"sameAs\":[\"https:\\\/\\\/www.facebook.com\\\/HotelPalmeralBenidorm\",\"https:\\\/\\\/x.com\\\/hotelelpalmeral\",\"https:\\\/\\\/www.instagram.com\\\/hotelpalmeralbenidorm\\\/\"]},{\"@type\":\"Person\",\"@id\":\"https:\\\/\\\/hotelpalmeral.com\\\/#\\\/schema\\\/person\\\/c8066d1b13fdf1bac6d45a1394738ca6\",\"name\":\"admin_palmeral\",\"image\":{\"@type\":\"ImageObject\",\"inLanguage\":\"fr-FR\",\"@id\":\"https:\\\/\\\/secure.gravatar.com\\\/avatar\\\/6b12524dda5bc713fd067188ac2e02862b3e463150f6095efe68cfd0e19d3b11?s=96&d=mm&r=g\",\"url\":\"https:\\\/\\\/secure.gravatar.com\\\/avatar\\\/6b12524dda5bc713fd067188ac2e02862b3e463150f6095efe68cfd0e19d3b11?s=96&d=mm&r=g\",\"contentUrl\":\"https:\\\/\\\/secure.gravatar.com\\\/avatar\\\/6b12524dda5bc713fd067188ac2e02862b3e463150f6095efe68cfd0e19d3b11?s=96&d=mm&r=g\",\"caption\":\"admin_palmeral\"},\"sameAs\":[\"http:\\\/\\\/hotelpalmeral.com\"],\"url\":\"https:\\\/\\\/hotelpalmeral.com\\\/fr\\\/author\\\/admin_palmeral\\\/\"}]}<\/script>\r\n<!-- \/ Yoast SEO plugin. -->","yoast_head_json":{"title":"Actuaci\u00f3n para ni\u00f1os 18 agosto en Terra natura - Hotel El Palmeral","robots":{"index":"index","follow":"follow","max-snippet":"max-snippet:-1","max-image-preview":"max-image-preview:large","max-video-preview":"max-video-preview:-1"},"canonical":"https:\/\/hotelpalmeral.com\/fr\/actuacion-para-ninos-18-agosto-en-terra-natura\/","og_locale":"fr_FR","og_type":"article","og_title":"Actuaci\u00f3n para ni\u00f1os 18 agosto en Terra natura - Hotel El Palmeral","og_description":"El pr\u00f3ximo mi\u00e9rcoles 18 de agosto a las 12.00h en Terra Natura Benidorm, tendr\u00e1 lugar la actuaci\u00f3n de Paula Dalli (finalista de My Camp Rock 1), y Aaron Colston (semifinalista de My Camp Rock 2)Aaron Colston Avell\u00e1, ha sido seleccionado como uno de los 8 semifinalistas del concurso musical \u201cMy Camp Rock 2\u201d de Disney [&hellip;]","og_url":"https:\/\/hotelpalmeral.com\/fr\/actuacion-para-ninos-18-agosto-en-terra-natura\/","og_site_name":"Hotel El Palmeral","article_publisher":"https:\/\/www.facebook.com\/HotelPalmeralBenidorm","article_published_time":"2010-08-17T13:35:00+00:00","og_image":[{"url":"http:\/\/toolbarqueries.google.com\/favicon.ico","type":"","width":"","height":""}],"author":"admin_palmeral","twitter_card":"summary_large_image","twitter_creator":"@hotelelpalmeral","twitter_site":"@hotelelpalmeral","twitter_misc":{"\u00c9crit par":"admin_palmeral","Dur\u00e9e de lecture estim\u00e9e":"1 minute"},"schema":{"@context":"https:\/\/schema.org","@graph":[{"@type":"Article","@id":"https:\/\/hotelpalmeral.com\/actuacion-para-ninos-18-agosto-en-terra-natura\/#article","isPartOf":{"@id":"https:\/\/hotelpalmeral.com\/actuacion-para-ninos-18-agosto-en-terra-natura\/"},"author":{"name":"admin_palmeral","@id":"https:\/\/hotelpalmeral.com\/#\/schema\/person\/c8066d1b13fdf1bac6d45a1394738ca6"},"headline":"Actuaci\u00f3n para ni\u00f1os 18 agosto en Terra natura","datePublished":"2010-08-17T13:35:00+00:00","mainEntityOfPage":{"@id":"https:\/\/hotelpalmeral.com\/actuacion-para-ninos-18-agosto-en-terra-natura\/"},"wordCount":123,"commentCount":0,"publisher":{"@id":"https:\/\/hotelpalmeral.com\/#organization"},"image":{"@id":"https:\/\/hotelpalmeral.com\/actuacion-para-ninos-18-agosto-en-terra-natura\/#primaryimage"},"thumbnailUrl":"http:\/\/toolbarqueries.google.com\/favicon.ico","articleSection":["Agenda cultural y de ocio de Benidorm"],"inLanguage":"fr-FR","potentialAction":[{"@type":"CommentAction","name":"Comment","target":["https:\/\/hotelpalmeral.com\/actuacion-para-ninos-18-agosto-en-terra-natura\/#respond"]}]},{"@type":"WebPage","@id":"https:\/\/hotelpalmeral.com\/actuacion-para-ninos-18-agosto-en-terra-natura\/","url":"https:\/\/hotelpalmeral.com\/actuacion-para-ninos-18-agosto-en-terra-natura\/","name":"Actuaci\u00f3n para ni\u00f1os 18 agosto en Terra natura - Hotel El Palmeral","isPartOf":{"@id":"https:\/\/hotelpalmeral.com\/#website"},"primaryImageOfPage":{"@id":"https:\/\/hotelpalmeral.com\/actuacion-para-ninos-18-agosto-en-terra-natura\/#primaryimage"},"image":{"@id":"https:\/\/hotelpalmeral.com\/actuacion-para-ninos-18-agosto-en-terra-natura\/#primaryimage"},"thumbnailUrl":"http:\/\/toolbarqueries.google.com\/favicon.ico","datePublished":"2010-08-17T13:35:00+00:00","breadcrumb":{"@id":"https:\/\/hotelpalmeral.com\/actuacion-para-ninos-18-agosto-en-terra-natura\/#breadcrumb"},"inLanguage":"fr-FR","potentialAction":[{"@type":"ReadAction","target":["https:\/\/hotelpalmeral.com\/actuacion-para-ninos-18-agosto-en-terra-natura\/"]}]},{"@type":"ImageObject","inLanguage":"fr-FR","@id":"https:\/\/hotelpalmeral.com\/actuacion-para-ninos-18-agosto-en-terra-natura\/#primaryimage","url":"http:\/\/toolbarqueries.google.com\/favicon.ico","contentUrl":"http:\/\/toolbarqueries.google.com\/favicon.ico"},{"@type":"BreadcrumbList","@id":"https:\/\/hotelpalmeral.com\/actuacion-para-ninos-18-agosto-en-terra-natura\/#breadcrumb","itemListElement":[{"@type":"ListItem","position":1,"name":"Portada","item":"https:\/\/hotelpalmeral.com\/"},{"@type":"ListItem","position":2,"name":"Actuaci\u00f3n para ni\u00f1os 18 agosto en Terra natura"}]},{"@type":"WebSite","@id":"https:\/\/hotelpalmeral.com\/#website","url":"https:\/\/hotelpalmeral.com\/","name":"Hotel El Palmeral","description":"Hotel en Benidorm","publisher":{"@id":"https:\/\/hotelpalmeral.com\/#organization"},"potentialAction":[{"@type":"SearchAction","target":{"@type":"EntryPoint","urlTemplate":"https:\/\/hotelpalmeral.com\/?s={search_term_string}"},"query-input":{"@type":"PropertyValueSpecification","valueRequired":true,"valueName":"search_term_string"}}],"inLanguage":"fr-FR"},{"@type":"Organization","@id":"https:\/\/hotelpalmeral.com\/#organization","name":"Hotel El Palmeral","url":"https:\/\/hotelpalmeral.com\/","logo":{"@type":"ImageObject","inLanguage":"fr-FR","@id":"https:\/\/hotelpalmeral.com\/#\/schema\/logo\/image\/","url":"https:\/\/hotelpalmeral.com\/wp-content\/uploads\/2023\/03\/Logo-footer.png","contentUrl":"https:\/\/hotelpalmeral.com\/wp-content\/uploads\/2023\/03\/Logo-footer.png","width":229,"height":265,"caption":"Hotel El Palmeral"},"image":{"@id":"https:\/\/hotelpalmeral.com\/#\/schema\/logo\/image\/"},"sameAs":["https:\/\/www.facebook.com\/HotelPalmeralBenidorm","https:\/\/x.com\/hotelelpalmeral","https:\/\/www.instagram.com\/hotelpalmeralbenidorm\/"]},{"@type":"Person","@id":"https:\/\/hotelpalmeral.com\/#\/schema\/person\/c8066d1b13fdf1bac6d45a1394738ca6","name":"admin_palmeral","image":{"@type":"ImageObject","inLanguage":"fr-FR","@id":"https:\/\/secure.gravatar.com\/avatar\/6b12524dda5bc713fd067188ac2e02862b3e463150f6095efe68cfd0e19d3b11?s=96&d=mm&r=g","url":"https:\/\/secure.gravatar.com\/avatar\/6b12524dda5bc713fd067188ac2e02862b3e463150f6095efe68cfd0e19d3b11?s=96&d=mm&r=g","contentUrl":"https:\/\/secure.gravatar.com\/avatar\/6b12524dda5bc713fd067188ac2e02862b3e463150f6095efe68cfd0e19d3b11?s=96&d=mm&r=g","caption":"admin_palmeral"},"sameAs":["http:\/\/hotelpalmeral.com"],"url":"https:\/\/hotelpalmeral.com\/fr\/author\/admin_palmeral\/"}]}},"_links":{"self":[{"href":"https:\/\/hotelpalmeral.com\/fr\/wp-json\/wp\/v2\/posts\/1150","targetHints":{"allow":["GET"]}}],"collection":[{"href":"https:\/\/hotelpalmeral.com\/fr\/wp-json\/wp\/v2\/posts"}],"about":[{"href":"https:\/\/hotelpalmeral.com\/fr\/wp-json\/wp\/v2\/types\/post"}],"author":[{"embeddable":true,"href":"https:\/\/hotelpalmeral.com\/fr\/wp-json\/wp\/v2\/users\/1"}],"replies":[{"embeddable":true,"href":"https:\/\/hotelpalmeral.com\/fr\/wp-json\/wp\/v2\/comments?post=1150"}],"version-history":[{"count":0,"href":"https:\/\/hotelpalmeral.com\/fr\/wp-json\/wp\/v2\/posts\/1150\/revisions"}],"wp:attachment":[{"href":"https:\/\/hotelpalmeral.com\/fr\/wp-json\/wp\/v2\/media?parent=1150"}],"wp:term":[{"taxonomy":"category","embeddable":true,"href":"https:\/\/hotelpalmeral.com\/fr\/wp-json\/wp\/v2\/categories?post=1150"},{"taxonomy":"post_tag","embeddable":true,"href":"https:\/\/hotelpalmeral.com\/fr\/wp-json\/wp\/v2\/tags?post=1150"}],"curies":[{"name":"wp","href":"https:\/\/api.w.org\/{rel}","templated":true}]}}