{"id":1147,"date":"2010-08-20T11:41:00","date_gmt":"2010-08-20T11:41:00","guid":{"rendered":"http:\/\/blog.hotelpalmeral.com\/?p=884"},"modified":"2010-08-20T11:41:00","modified_gmt":"2010-08-20T11:41:00","slug":"conciertos-de-guitarra-espanola-agosto-y-septiembre-2010","status":"publish","type":"post","link":"https:\/\/hotelpalmeral.com\/fr\/conciertos-de-guitarra-espanola-agosto-y-septiembre-2010\/","title":{"rendered":"Conciertos de Guitarra espa\u00f1ola agosto y septiembre 2010"},"content":{"rendered":"<p>Los amantes de este instrumento que est\u00e9n pasando sus vacaciones en Benidorm pueden aprovechar la ocasi\u00f3n para disfrutar de la actuaci\u00f3n de los virtuosos de la guitarra cl\u00e1sica espa\u00f1ola Vicent Ballester y Miquel P\u00e9rez. <\/p>\n<p>Las actuaciones incluyen m\u00fasica de los compositores Fernando Sor, Enrique Granados, Manuel de Falla y Luigi Boccherini. <\/p>\n<p>Hay varias actuaciones para poder elegir la que mejor te venga. Son de hoy al domingo y del jueves al domingo de la semana que viene\u00a0 (19, 20, 21 y 22 de agosto\/ 26, 27, 28, 29 de agosto\/ 2, 3\u00a0 y 4 de septiembre \/\u00a0 9, 10, 11 de septiembre).<\/p>\n<p>Todas las actuaciones son a las 20:30 y se celebran en la Iglesia Escandinava situada en la Avenida de Madrid, 26 (ver mapa).<\/p>\n<p>Las entradas se pueden reservar en el tel\u00e9fono 621 617 155.<\/p>\n<p>Para m\u00e1s informaci\u00f3n puedes visitar la web www.guitarduo.org<br \/>Un saludo<br \/>Hotel Palmeral, <a href=\"https:\/\/hotelpalmeral.com\/fr\/\">hotel Cala Benidorm<\/a><\/p>","protected":false},"excerpt":{"rendered":"<p>Los amantes de este instrumento que est\u00e9n pasando sus vacaciones en Benidorm pueden aprovechar la ocasi\u00f3n para disfrutar de la actuaci\u00f3n de los virtuosos de la guitarra cl\u00e1sica espa\u00f1ola Vicent Ballester y Miquel P\u00e9rez. Las actuaciones incluyen m\u00fasica de los compositores Fernando Sor, Enrique Granados, Manuel de Falla y Luigi Boccherini. Hay varias actuaciones para [&hellip;]<\/p>\n","protected":false},"author":1,"featured_media":0,"comment_status":"open","ping_status":"open","sticky":false,"template":"","format":"standard","meta":{"inline_featured_image":false,"footnotes":""},"categories":[16],"tags":[],"class_list":["post-1147","post","type-post","status-publish","format-standard","hentry","category-agenda-cultural-y-de-ocio-de-benidorm"],"yoast_head":"<!-- This site is optimized with the Yoast SEO plugin v27.4 - https:\/\/yoast.com\/product\/yoast-seo-wordpress\/ -->\r\n<title>Conciertos de Guitarra espa\u00f1ola agosto y septiembre 2010 - Hotel El Palmeral<\/title>\r\n<meta name=\"robots\" content=\"index, follow, max-snippet:-1, max-image-preview:large, max-video-preview:-1\" \/>\r\n<link rel=\"canonical\" href=\"https:\/\/hotelpalmeral.com\/fr\/conciertos-de-guitarra-espanola-agosto-y-septiembre-2010\/\" \/>\r\n<meta property=\"og:locale\" content=\"fr_FR\" \/>\r\n<meta property=\"og:type\" content=\"article\" \/>\r\n<meta property=\"og:title\" content=\"Conciertos de Guitarra espa\u00f1ola agosto y septiembre 2010 - Hotel El Palmeral\" \/>\r\n<meta property=\"og:description\" content=\"Los amantes de este instrumento que est\u00e9n pasando sus vacaciones en Benidorm pueden aprovechar la ocasi\u00f3n para disfrutar de la actuaci\u00f3n de los virtuosos de la guitarra cl\u00e1sica espa\u00f1ola Vicent Ballester y Miquel P\u00e9rez. Las actuaciones incluyen m\u00fasica de los compositores Fernando Sor, Enrique Granados, Manuel de Falla y Luigi Boccherini. Hay varias actuaciones para [&hellip;]\" \/>\r\n<meta property=\"og:url\" content=\"https:\/\/hotelpalmeral.com\/fr\/conciertos-de-guitarra-espanola-agosto-y-septiembre-2010\/\" \/>\r\n<meta property=\"og:site_name\" content=\"Hotel El Palmeral\" \/>\r\n<meta property=\"article:publisher\" content=\"https:\/\/www.facebook.com\/HotelPalmeralBenidorm\" \/>\r\n<meta property=\"article:published_time\" content=\"2010-08-20T11:41:00+00:00\" \/>\r\n<meta name=\"author\" content=\"admin_palmeral\" \/>\r\n<meta name=\"twitter:card\" content=\"summary_large_image\" \/>\r\n<meta name=\"twitter:creator\" content=\"@hotelelpalmeral\" \/>\r\n<meta name=\"twitter:site\" content=\"@hotelelpalmeral\" \/>\r\n<meta name=\"twitter:label1\" content=\"\u00c9crit par\" \/>\n\t<meta name=\"twitter:data1\" content=\"admin_palmeral\" \/>\n\t<meta name=\"twitter:label2\" content=\"Dur\u00e9e de lecture estim\u00e9e\" \/>\n\t<meta name=\"twitter:data2\" content=\"1 minute\" \/>\r\n<script type=\"application\/ld+json\" class=\"yoast-schema-graph\">{\"@context\":\"https:\\\/\\\/schema.org\",\"@graph\":[{\"@type\":\"Article\",\"@id\":\"https:\\\/\\\/hotelpalmeral.com\\\/conciertos-de-guitarra-espanola-agosto-y-septiembre-2010\\\/#article\",\"isPartOf\":{\"@id\":\"https:\\\/\\\/hotelpalmeral.com\\\/conciertos-de-guitarra-espanola-agosto-y-septiembre-2010\\\/\"},\"author\":{\"name\":\"admin_palmeral\",\"@id\":\"https:\\\/\\\/hotelpalmeral.com\\\/#\\\/schema\\\/person\\\/c8066d1b13fdf1bac6d45a1394738ca6\"},\"headline\":\"Conciertos de Guitarra espa\u00f1ola agosto y septiembre 2010\",\"datePublished\":\"2010-08-20T11:41:00+00:00\",\"mainEntityOfPage\":{\"@id\":\"https:\\\/\\\/hotelpalmeral.com\\\/conciertos-de-guitarra-espanola-agosto-y-septiembre-2010\\\/\"},\"wordCount\":149,\"commentCount\":0,\"publisher\":{\"@id\":\"https:\\\/\\\/hotelpalmeral.com\\\/#organization\"},\"articleSection\":[\"Agenda cultural y de ocio de Benidorm\"],\"inLanguage\":\"fr-FR\",\"potentialAction\":[{\"@type\":\"CommentAction\",\"name\":\"Comment\",\"target\":[\"https:\\\/\\\/hotelpalmeral.com\\\/conciertos-de-guitarra-espanola-agosto-y-septiembre-2010\\\/#respond\"]}]},{\"@type\":\"WebPage\",\"@id\":\"https:\\\/\\\/hotelpalmeral.com\\\/conciertos-de-guitarra-espanola-agosto-y-septiembre-2010\\\/\",\"url\":\"https:\\\/\\\/hotelpalmeral.com\\\/conciertos-de-guitarra-espanola-agosto-y-septiembre-2010\\\/\",\"name\":\"Conciertos de Guitarra espa\u00f1ola agosto y septiembre 2010 - Hotel El Palmeral\",\"isPartOf\":{\"@id\":\"https:\\\/\\\/hotelpalmeral.com\\\/#website\"},\"datePublished\":\"2010-08-20T11:41:00+00:00\",\"breadcrumb\":{\"@id\":\"https:\\\/\\\/hotelpalmeral.com\\\/conciertos-de-guitarra-espanola-agosto-y-septiembre-2010\\\/#breadcrumb\"},\"inLanguage\":\"fr-FR\",\"potentialAction\":[{\"@type\":\"ReadAction\",\"target\":[\"https:\\\/\\\/hotelpalmeral.com\\\/conciertos-de-guitarra-espanola-agosto-y-septiembre-2010\\\/\"]}]},{\"@type\":\"BreadcrumbList\",\"@id\":\"https:\\\/\\\/hotelpalmeral.com\\\/conciertos-de-guitarra-espanola-agosto-y-septiembre-2010\\\/#breadcrumb\",\"itemListElement\":[{\"@type\":\"ListItem\",\"position\":1,\"name\":\"Portada\",\"item\":\"https:\\\/\\\/hotelpalmeral.com\\\/\"},{\"@type\":\"ListItem\",\"position\":2,\"name\":\"Conciertos de Guitarra espa\u00f1ola agosto y septiembre 2010\"}]},{\"@type\":\"WebSite\",\"@id\":\"https:\\\/\\\/hotelpalmeral.com\\\/#website\",\"url\":\"https:\\\/\\\/hotelpalmeral.com\\\/\",\"name\":\"Hotel El Palmeral\",\"description\":\"Hotel en Benidorm\",\"publisher\":{\"@id\":\"https:\\\/\\\/hotelpalmeral.com\\\/#organization\"},\"potentialAction\":[{\"@type\":\"SearchAction\",\"target\":{\"@type\":\"EntryPoint\",\"urlTemplate\":\"https:\\\/\\\/hotelpalmeral.com\\\/?s={search_term_string}\"},\"query-input\":{\"@type\":\"PropertyValueSpecification\",\"valueRequired\":true,\"valueName\":\"search_term_string\"}}],\"inLanguage\":\"fr-FR\"},{\"@type\":\"Organization\",\"@id\":\"https:\\\/\\\/hotelpalmeral.com\\\/#organization\",\"name\":\"Hotel El Palmeral\",\"url\":\"https:\\\/\\\/hotelpalmeral.com\\\/\",\"logo\":{\"@type\":\"ImageObject\",\"inLanguage\":\"fr-FR\",\"@id\":\"https:\\\/\\\/hotelpalmeral.com\\\/#\\\/schema\\\/logo\\\/image\\\/\",\"url\":\"https:\\\/\\\/hotelpalmeral.com\\\/wp-content\\\/uploads\\\/2023\\\/03\\\/Logo-footer.png\",\"contentUrl\":\"https:\\\/\\\/hotelpalmeral.com\\\/wp-content\\\/uploads\\\/2023\\\/03\\\/Logo-footer.png\",\"width\":229,\"height\":265,\"caption\":\"Hotel El Palmeral\"},\"image\":{\"@id\":\"https:\\\/\\\/hotelpalmeral.com\\\/#\\\/schema\\\/logo\\\/image\\\/\"},\"sameAs\":[\"https:\\\/\\\/www.facebook.com\\\/HotelPalmeralBenidorm\",\"https:\\\/\\\/x.com\\\/hotelelpalmeral\",\"https:\\\/\\\/www.instagram.com\\\/hotelpalmeralbenidorm\\\/\"]},{\"@type\":\"Person\",\"@id\":\"https:\\\/\\\/hotelpalmeral.com\\\/#\\\/schema\\\/person\\\/c8066d1b13fdf1bac6d45a1394738ca6\",\"name\":\"admin_palmeral\",\"image\":{\"@type\":\"ImageObject\",\"inLanguage\":\"fr-FR\",\"@id\":\"https:\\\/\\\/secure.gravatar.com\\\/avatar\\\/6b12524dda5bc713fd067188ac2e02862b3e463150f6095efe68cfd0e19d3b11?s=96&d=mm&r=g\",\"url\":\"https:\\\/\\\/secure.gravatar.com\\\/avatar\\\/6b12524dda5bc713fd067188ac2e02862b3e463150f6095efe68cfd0e19d3b11?s=96&d=mm&r=g\",\"contentUrl\":\"https:\\\/\\\/secure.gravatar.com\\\/avatar\\\/6b12524dda5bc713fd067188ac2e02862b3e463150f6095efe68cfd0e19d3b11?s=96&d=mm&r=g\",\"caption\":\"admin_palmeral\"},\"sameAs\":[\"http:\\\/\\\/hotelpalmeral.com\"],\"url\":\"https:\\\/\\\/hotelpalmeral.com\\\/fr\\\/author\\\/admin_palmeral\\\/\"}]}<\/script>\r\n<!-- \/ Yoast SEO plugin. -->","yoast_head_json":{"title":"Conciertos de Guitarra espa\u00f1ola agosto y septiembre 2010 - Hotel El Palmeral","robots":{"index":"index","follow":"follow","max-snippet":"max-snippet:-1","max-image-preview":"max-image-preview:large","max-video-preview":"max-video-preview:-1"},"canonical":"https:\/\/hotelpalmeral.com\/fr\/conciertos-de-guitarra-espanola-agosto-y-septiembre-2010\/","og_locale":"fr_FR","og_type":"article","og_title":"Conciertos de Guitarra espa\u00f1ola agosto y septiembre 2010 - Hotel El Palmeral","og_description":"Los amantes de este instrumento que est\u00e9n pasando sus vacaciones en Benidorm pueden aprovechar la ocasi\u00f3n para disfrutar de la actuaci\u00f3n de los virtuosos de la guitarra cl\u00e1sica espa\u00f1ola Vicent Ballester y Miquel P\u00e9rez. Las actuaciones incluyen m\u00fasica de los compositores Fernando Sor, Enrique Granados, Manuel de Falla y Luigi Boccherini. Hay varias actuaciones para [&hellip;]","og_url":"https:\/\/hotelpalmeral.com\/fr\/conciertos-de-guitarra-espanola-agosto-y-septiembre-2010\/","og_site_name":"Hotel El Palmeral","article_publisher":"https:\/\/www.facebook.com\/HotelPalmeralBenidorm","article_published_time":"2010-08-20T11:41:00+00:00","author":"admin_palmeral","twitter_card":"summary_large_image","twitter_creator":"@hotelelpalmeral","twitter_site":"@hotelelpalmeral","twitter_misc":{"\u00c9crit par":"admin_palmeral","Dur\u00e9e de lecture estim\u00e9e":"1 minute"},"schema":{"@context":"https:\/\/schema.org","@graph":[{"@type":"Article","@id":"https:\/\/hotelpalmeral.com\/conciertos-de-guitarra-espanola-agosto-y-septiembre-2010\/#article","isPartOf":{"@id":"https:\/\/hotelpalmeral.com\/conciertos-de-guitarra-espanola-agosto-y-septiembre-2010\/"},"author":{"name":"admin_palmeral","@id":"https:\/\/hotelpalmeral.com\/#\/schema\/person\/c8066d1b13fdf1bac6d45a1394738ca6"},"headline":"Conciertos de Guitarra espa\u00f1ola agosto y septiembre 2010","datePublished":"2010-08-20T11:41:00+00:00","mainEntityOfPage":{"@id":"https:\/\/hotelpalmeral.com\/conciertos-de-guitarra-espanola-agosto-y-septiembre-2010\/"},"wordCount":149,"commentCount":0,"publisher":{"@id":"https:\/\/hotelpalmeral.com\/#organization"},"articleSection":["Agenda cultural y de ocio de Benidorm"],"inLanguage":"fr-FR","potentialAction":[{"@type":"CommentAction","name":"Comment","target":["https:\/\/hotelpalmeral.com\/conciertos-de-guitarra-espanola-agosto-y-septiembre-2010\/#respond"]}]},{"@type":"WebPage","@id":"https:\/\/hotelpalmeral.com\/conciertos-de-guitarra-espanola-agosto-y-septiembre-2010\/","url":"https:\/\/hotelpalmeral.com\/conciertos-de-guitarra-espanola-agosto-y-septiembre-2010\/","name":"Conciertos de Guitarra espa\u00f1ola agosto y septiembre 2010 - Hotel El Palmeral","isPartOf":{"@id":"https:\/\/hotelpalmeral.com\/#website"},"datePublished":"2010-08-20T11:41:00+00:00","breadcrumb":{"@id":"https:\/\/hotelpalmeral.com\/conciertos-de-guitarra-espanola-agosto-y-septiembre-2010\/#breadcrumb"},"inLanguage":"fr-FR","potentialAction":[{"@type":"ReadAction","target":["https:\/\/hotelpalmeral.com\/conciertos-de-guitarra-espanola-agosto-y-septiembre-2010\/"]}]},{"@type":"BreadcrumbList","@id":"https:\/\/hotelpalmeral.com\/conciertos-de-guitarra-espanola-agosto-y-septiembre-2010\/#breadcrumb","itemListElement":[{"@type":"ListItem","position":1,"name":"Portada","item":"https:\/\/hotelpalmeral.com\/"},{"@type":"ListItem","position":2,"name":"Conciertos de Guitarra espa\u00f1ola agosto y septiembre 2010"}]},{"@type":"WebSite","@id":"https:\/\/hotelpalmeral.com\/#website","url":"https:\/\/hotelpalmeral.com\/","name":"Hotel El Palmeral","description":"Hotel en Benidorm","publisher":{"@id":"https:\/\/hotelpalmeral.com\/#organization"},"potentialAction":[{"@type":"SearchAction","target":{"@type":"EntryPoint","urlTemplate":"https:\/\/hotelpalmeral.com\/?s={search_term_string}"},"query-input":{"@type":"PropertyValueSpecification","valueRequired":true,"valueName":"search_term_string"}}],"inLanguage":"fr-FR"},{"@type":"Organization","@id":"https:\/\/hotelpalmeral.com\/#organization","name":"Hotel El Palmeral","url":"https:\/\/hotelpalmeral.com\/","logo":{"@type":"ImageObject","inLanguage":"fr-FR","@id":"https:\/\/hotelpalmeral.com\/#\/schema\/logo\/image\/","url":"https:\/\/hotelpalmeral.com\/wp-content\/uploads\/2023\/03\/Logo-footer.png","contentUrl":"https:\/\/hotelpalmeral.com\/wp-content\/uploads\/2023\/03\/Logo-footer.png","width":229,"height":265,"caption":"Hotel El Palmeral"},"image":{"@id":"https:\/\/hotelpalmeral.com\/#\/schema\/logo\/image\/"},"sameAs":["https:\/\/www.facebook.com\/HotelPalmeralBenidorm","https:\/\/x.com\/hotelelpalmeral","https:\/\/www.instagram.com\/hotelpalmeralbenidorm\/"]},{"@type":"Person","@id":"https:\/\/hotelpalmeral.com\/#\/schema\/person\/c8066d1b13fdf1bac6d45a1394738ca6","name":"admin_palmeral","image":{"@type":"ImageObject","inLanguage":"fr-FR","@id":"https:\/\/secure.gravatar.com\/avatar\/6b12524dda5bc713fd067188ac2e02862b3e463150f6095efe68cfd0e19d3b11?s=96&d=mm&r=g","url":"https:\/\/secure.gravatar.com\/avatar\/6b12524dda5bc713fd067188ac2e02862b3e463150f6095efe68cfd0e19d3b11?s=96&d=mm&r=g","contentUrl":"https:\/\/secure.gravatar.com\/avatar\/6b12524dda5bc713fd067188ac2e02862b3e463150f6095efe68cfd0e19d3b11?s=96&d=mm&r=g","caption":"admin_palmeral"},"sameAs":["http:\/\/hotelpalmeral.com"],"url":"https:\/\/hotelpalmeral.com\/fr\/author\/admin_palmeral\/"}]}},"_links":{"self":[{"href":"https:\/\/hotelpalmeral.com\/fr\/wp-json\/wp\/v2\/posts\/1147","targetHints":{"allow":["GET"]}}],"collection":[{"href":"https:\/\/hotelpalmeral.com\/fr\/wp-json\/wp\/v2\/posts"}],"about":[{"href":"https:\/\/hotelpalmeral.com\/fr\/wp-json\/wp\/v2\/types\/post"}],"author":[{"embeddable":true,"href":"https:\/\/hotelpalmeral.com\/fr\/wp-json\/wp\/v2\/users\/1"}],"replies":[{"embeddable":true,"href":"https:\/\/hotelpalmeral.com\/fr\/wp-json\/wp\/v2\/comments?post=1147"}],"version-history":[{"count":0,"href":"https:\/\/hotelpalmeral.com\/fr\/wp-json\/wp\/v2\/posts\/1147\/revisions"}],"wp:attachment":[{"href":"https:\/\/hotelpalmeral.com\/fr\/wp-json\/wp\/v2\/media?parent=1147"}],"wp:term":[{"taxonomy":"category","embeddable":true,"href":"https:\/\/hotelpalmeral.com\/fr\/wp-json\/wp\/v2\/categories?post=1147"},{"taxonomy":"post_tag","embeddable":true,"href":"https:\/\/hotelpalmeral.com\/fr\/wp-json\/wp\/v2\/tags?post=1147"}],"curies":[{"name":"wp","href":"https:\/\/api.w.org\/{rel}","templated":true}]}}