{"id":227,"date":"2012-09-08T13:20:00","date_gmt":"2012-09-08T13:20:00","guid":{"rendered":"http:\/\/blog.hotelpalmeral.com\/?p=227"},"modified":"2012-09-08T13:20:00","modified_gmt":"2012-09-08T13:20:00","slug":"agenda-musical-para-este-mes-de-septiembre-en-benidorm","status":"publish","type":"post","link":"https:\/\/hotelpalmeral.com\/en\/agenda-musical-para-este-mes-de-septiembre-en-benidorm\/","title":{"rendered":"Agenda musical para este mes de septiembre en Benidorm"},"content":{"rendered":"<p>Os hacemos llegar la agenda musical prevista para este mes de septiembre seg\u00fan la informaci\u00f3n facilidata por la concejal\u00eda de cultura:<\/p>\n<p>&#8211; Durante todo el mes de septiembre por las noches en el castillo se organizan veladas ambientadas por m\u00fasica en vivo. Adem\u00e1s alrededor de la plaza del castillo se montan puestos de arte y artesan\u00eda.<\/p>\n<p>&#8211; El domingo 30 de seotiembre hay un cocnierto de la Sociedad M\u00fasical L\u00edrica de Benidorm en el sal\u00f3n de actos del ayuntamiento a las 12h.<\/p>\n<p>Un saludo<\/p>\n<p>Hotel El Palmeral,<br \/>www.hotelpalmeral.com<br \/>Telf.: 965 850 176<\/p>","protected":false},"excerpt":{"rendered":"<p>Os hacemos llegar la agenda musical prevista para este mes de septiembre seg\u00fan la informaci\u00f3n facilidata por la concejal\u00eda de cultura: &#8211; Durante todo el mes de septiembre por las noches en el castillo se organizan veladas ambientadas por m\u00fasica en vivo. Adem\u00e1s alrededor de la plaza del castillo se montan puestos de arte y [&hellip;]<\/p>\n","protected":false},"author":1,"featured_media":0,"comment_status":"open","ping_status":"open","sticky":false,"template":"","format":"standard","meta":{"inline_featured_image":false,"footnotes":""},"categories":[16],"tags":[],"class_list":["post-227","post","type-post","status-publish","format-standard","hentry","category-agenda-cultural-y-de-ocio-de-benidorm"],"yoast_head":"<!-- This site is optimized with the Yoast SEO plugin v27.5 - https:\/\/yoast.com\/product\/yoast-seo-wordpress\/ -->\r\n<title>Agenda musical para este mes de septiembre en Benidorm - Hotel El Palmeral<\/title>\r\n<meta name=\"robots\" content=\"index, follow, max-snippet:-1, max-image-preview:large, max-video-preview:-1\" \/>\r\n<link rel=\"canonical\" href=\"https:\/\/hotelpalmeral.com\/en\/agenda-musical-para-este-mes-de-septiembre-en-benidorm\/\" \/>\r\n<meta property=\"og:locale\" content=\"en_GB\" \/>\r\n<meta property=\"og:type\" content=\"article\" \/>\r\n<meta property=\"og:title\" content=\"Agenda musical para este mes de septiembre en Benidorm - Hotel El Palmeral\" \/>\r\n<meta property=\"og:description\" content=\"Os hacemos llegar la agenda musical prevista para este mes de septiembre seg\u00fan la informaci\u00f3n facilidata por la concejal\u00eda de cultura: &#8211; Durante todo el mes de septiembre por las noches en el castillo se organizan veladas ambientadas por m\u00fasica en vivo. Adem\u00e1s alrededor de la plaza del castillo se montan puestos de arte y [&hellip;]\" \/>\r\n<meta property=\"og:url\" content=\"https:\/\/hotelpalmeral.com\/en\/agenda-musical-para-este-mes-de-septiembre-en-benidorm\/\" \/>\r\n<meta property=\"og:site_name\" content=\"Hotel El Palmeral\" \/>\r\n<meta property=\"article:publisher\" content=\"https:\/\/www.facebook.com\/HotelPalmeralBenidorm\" \/>\r\n<meta property=\"article:published_time\" content=\"2012-09-08T13:20:00+00:00\" \/>\r\n<meta name=\"author\" content=\"admin_palmeral\" \/>\r\n<meta name=\"twitter:card\" content=\"summary_large_image\" \/>\r\n<meta name=\"twitter:creator\" content=\"@hotelelpalmeral\" \/>\r\n<meta name=\"twitter:site\" content=\"@hotelelpalmeral\" \/>\r\n<meta name=\"twitter:label1\" content=\"Written by\" \/>\n\t<meta name=\"twitter:data1\" content=\"admin_palmeral\" \/>\r\n<script type=\"application\/ld+json\" class=\"yoast-schema-graph\">{\"@context\":\"https:\\\/\\\/schema.org\",\"@graph\":[{\"@type\":\"Article\",\"@id\":\"https:\\\/\\\/hotelpalmeral.com\\\/agenda-musical-para-este-mes-de-septiembre-en-benidorm\\\/#article\",\"isPartOf\":{\"@id\":\"https:\\\/\\\/hotelpalmeral.com\\\/agenda-musical-para-este-mes-de-septiembre-en-benidorm\\\/\"},\"author\":{\"name\":\"admin_palmeral\",\"@id\":\"https:\\\/\\\/hotelpalmeral.com\\\/#\\\/schema\\\/person\\\/c8066d1b13fdf1bac6d45a1394738ca6\"},\"headline\":\"Agenda musical para este mes de septiembre en Benidorm\",\"datePublished\":\"2012-09-08T13:20:00+00:00\",\"mainEntityOfPage\":{\"@id\":\"https:\\\/\\\/hotelpalmeral.com\\\/agenda-musical-para-este-mes-de-septiembre-en-benidorm\\\/\"},\"wordCount\":107,\"commentCount\":0,\"publisher\":{\"@id\":\"https:\\\/\\\/hotelpalmeral.com\\\/#organization\"},\"articleSection\":[\"Agenda cultural y de ocio de Benidorm\"],\"inLanguage\":\"en-GB\",\"potentialAction\":[{\"@type\":\"CommentAction\",\"name\":\"Comment\",\"target\":[\"https:\\\/\\\/hotelpalmeral.com\\\/agenda-musical-para-este-mes-de-septiembre-en-benidorm\\\/#respond\"]}]},{\"@type\":\"WebPage\",\"@id\":\"https:\\\/\\\/hotelpalmeral.com\\\/agenda-musical-para-este-mes-de-septiembre-en-benidorm\\\/\",\"url\":\"https:\\\/\\\/hotelpalmeral.com\\\/agenda-musical-para-este-mes-de-septiembre-en-benidorm\\\/\",\"name\":\"Agenda musical para este mes de septiembre en Benidorm - Hotel El Palmeral\",\"isPartOf\":{\"@id\":\"https:\\\/\\\/hotelpalmeral.com\\\/#website\"},\"datePublished\":\"2012-09-08T13:20:00+00:00\",\"breadcrumb\":{\"@id\":\"https:\\\/\\\/hotelpalmeral.com\\\/agenda-musical-para-este-mes-de-septiembre-en-benidorm\\\/#breadcrumb\"},\"inLanguage\":\"en-GB\",\"potentialAction\":[{\"@type\":\"ReadAction\",\"target\":[\"https:\\\/\\\/hotelpalmeral.com\\\/agenda-musical-para-este-mes-de-septiembre-en-benidorm\\\/\"]}]},{\"@type\":\"BreadcrumbList\",\"@id\":\"https:\\\/\\\/hotelpalmeral.com\\\/agenda-musical-para-este-mes-de-septiembre-en-benidorm\\\/#breadcrumb\",\"itemListElement\":[{\"@type\":\"ListItem\",\"position\":1,\"name\":\"Portada\",\"item\":\"https:\\\/\\\/hotelpalmeral.com\\\/\"},{\"@type\":\"ListItem\",\"position\":2,\"name\":\"Agenda musical para este mes de septiembre en Benidorm\"}]},{\"@type\":\"WebSite\",\"@id\":\"https:\\\/\\\/hotelpalmeral.com\\\/#website\",\"url\":\"https:\\\/\\\/hotelpalmeral.com\\\/\",\"name\":\"Hotel El Palmeral\",\"description\":\"Hotel en Benidorm\",\"publisher\":{\"@id\":\"https:\\\/\\\/hotelpalmeral.com\\\/#organization\"},\"potentialAction\":[{\"@type\":\"SearchAction\",\"target\":{\"@type\":\"EntryPoint\",\"urlTemplate\":\"https:\\\/\\\/hotelpalmeral.com\\\/?s={search_term_string}\"},\"query-input\":{\"@type\":\"PropertyValueSpecification\",\"valueRequired\":true,\"valueName\":\"search_term_string\"}}],\"inLanguage\":\"en-GB\"},{\"@type\":\"Organization\",\"@id\":\"https:\\\/\\\/hotelpalmeral.com\\\/#organization\",\"name\":\"Hotel El Palmeral\",\"url\":\"https:\\\/\\\/hotelpalmeral.com\\\/\",\"logo\":{\"@type\":\"ImageObject\",\"inLanguage\":\"en-GB\",\"@id\":\"https:\\\/\\\/hotelpalmeral.com\\\/#\\\/schema\\\/logo\\\/image\\\/\",\"url\":\"https:\\\/\\\/hotelpalmeral.com\\\/wp-content\\\/uploads\\\/2023\\\/03\\\/Logo-footer.png\",\"contentUrl\":\"https:\\\/\\\/hotelpalmeral.com\\\/wp-content\\\/uploads\\\/2023\\\/03\\\/Logo-footer.png\",\"width\":229,\"height\":265,\"caption\":\"Hotel El Palmeral\"},\"image\":{\"@id\":\"https:\\\/\\\/hotelpalmeral.com\\\/#\\\/schema\\\/logo\\\/image\\\/\"},\"sameAs\":[\"https:\\\/\\\/www.facebook.com\\\/HotelPalmeralBenidorm\",\"https:\\\/\\\/x.com\\\/hotelelpalmeral\",\"https:\\\/\\\/www.instagram.com\\\/hotelpalmeralbenidorm\\\/\"]},{\"@type\":\"Person\",\"@id\":\"https:\\\/\\\/hotelpalmeral.com\\\/#\\\/schema\\\/person\\\/c8066d1b13fdf1bac6d45a1394738ca6\",\"name\":\"admin_palmeral\",\"image\":{\"@type\":\"ImageObject\",\"inLanguage\":\"en-GB\",\"@id\":\"https:\\\/\\\/secure.gravatar.com\\\/avatar\\\/6b12524dda5bc713fd067188ac2e02862b3e463150f6095efe68cfd0e19d3b11?s=96&d=mm&r=g\",\"url\":\"https:\\\/\\\/secure.gravatar.com\\\/avatar\\\/6b12524dda5bc713fd067188ac2e02862b3e463150f6095efe68cfd0e19d3b11?s=96&d=mm&r=g\",\"contentUrl\":\"https:\\\/\\\/secure.gravatar.com\\\/avatar\\\/6b12524dda5bc713fd067188ac2e02862b3e463150f6095efe68cfd0e19d3b11?s=96&d=mm&r=g\",\"caption\":\"admin_palmeral\"},\"sameAs\":[\"http:\\\/\\\/hotelpalmeral.com\"],\"url\":\"https:\\\/\\\/hotelpalmeral.com\\\/en\\\/author\\\/admin_palmeral\\\/\"}]}<\/script>\r\n<!-- \/ Yoast SEO plugin. -->","yoast_head_json":{"title":"Agenda musical para este mes de septiembre en Benidorm - Hotel El Palmeral","robots":{"index":"index","follow":"follow","max-snippet":"max-snippet:-1","max-image-preview":"max-image-preview:large","max-video-preview":"max-video-preview:-1"},"canonical":"https:\/\/hotelpalmeral.com\/en\/agenda-musical-para-este-mes-de-septiembre-en-benidorm\/","og_locale":"en_GB","og_type":"article","og_title":"Agenda musical para este mes de septiembre en Benidorm - Hotel El Palmeral","og_description":"Os hacemos llegar la agenda musical prevista para este mes de septiembre seg\u00fan la informaci\u00f3n facilidata por la concejal\u00eda de cultura: &#8211; Durante todo el mes de septiembre por las noches en el castillo se organizan veladas ambientadas por m\u00fasica en vivo. Adem\u00e1s alrededor de la plaza del castillo se montan puestos de arte y [&hellip;]","og_url":"https:\/\/hotelpalmeral.com\/en\/agenda-musical-para-este-mes-de-septiembre-en-benidorm\/","og_site_name":"Hotel El Palmeral","article_publisher":"https:\/\/www.facebook.com\/HotelPalmeralBenidorm","article_published_time":"2012-09-08T13:20:00+00:00","author":"admin_palmeral","twitter_card":"summary_large_image","twitter_creator":"@hotelelpalmeral","twitter_site":"@hotelelpalmeral","twitter_misc":{"Written by":"admin_palmeral"},"schema":{"@context":"https:\/\/schema.org","@graph":[{"@type":"Article","@id":"https:\/\/hotelpalmeral.com\/agenda-musical-para-este-mes-de-septiembre-en-benidorm\/#article","isPartOf":{"@id":"https:\/\/hotelpalmeral.com\/agenda-musical-para-este-mes-de-septiembre-en-benidorm\/"},"author":{"name":"admin_palmeral","@id":"https:\/\/hotelpalmeral.com\/#\/schema\/person\/c8066d1b13fdf1bac6d45a1394738ca6"},"headline":"Agenda musical para este mes de septiembre en Benidorm","datePublished":"2012-09-08T13:20:00+00:00","mainEntityOfPage":{"@id":"https:\/\/hotelpalmeral.com\/agenda-musical-para-este-mes-de-septiembre-en-benidorm\/"},"wordCount":107,"commentCount":0,"publisher":{"@id":"https:\/\/hotelpalmeral.com\/#organization"},"articleSection":["Agenda cultural y de ocio de Benidorm"],"inLanguage":"en-GB","potentialAction":[{"@type":"CommentAction","name":"Comment","target":["https:\/\/hotelpalmeral.com\/agenda-musical-para-este-mes-de-septiembre-en-benidorm\/#respond"]}]},{"@type":"WebPage","@id":"https:\/\/hotelpalmeral.com\/agenda-musical-para-este-mes-de-septiembre-en-benidorm\/","url":"https:\/\/hotelpalmeral.com\/agenda-musical-para-este-mes-de-septiembre-en-benidorm\/","name":"Agenda musical para este mes de septiembre en Benidorm - Hotel El Palmeral","isPartOf":{"@id":"https:\/\/hotelpalmeral.com\/#website"},"datePublished":"2012-09-08T13:20:00+00:00","breadcrumb":{"@id":"https:\/\/hotelpalmeral.com\/agenda-musical-para-este-mes-de-septiembre-en-benidorm\/#breadcrumb"},"inLanguage":"en-GB","potentialAction":[{"@type":"ReadAction","target":["https:\/\/hotelpalmeral.com\/agenda-musical-para-este-mes-de-septiembre-en-benidorm\/"]}]},{"@type":"BreadcrumbList","@id":"https:\/\/hotelpalmeral.com\/agenda-musical-para-este-mes-de-septiembre-en-benidorm\/#breadcrumb","itemListElement":[{"@type":"ListItem","position":1,"name":"Portada","item":"https:\/\/hotelpalmeral.com\/"},{"@type":"ListItem","position":2,"name":"Agenda musical para este mes de septiembre en Benidorm"}]},{"@type":"WebSite","@id":"https:\/\/hotelpalmeral.com\/#website","url":"https:\/\/hotelpalmeral.com\/","name":"Hotel El Palmeral","description":"Hotel en Benidorm","publisher":{"@id":"https:\/\/hotelpalmeral.com\/#organization"},"potentialAction":[{"@type":"SearchAction","target":{"@type":"EntryPoint","urlTemplate":"https:\/\/hotelpalmeral.com\/?s={search_term_string}"},"query-input":{"@type":"PropertyValueSpecification","valueRequired":true,"valueName":"search_term_string"}}],"inLanguage":"en-GB"},{"@type":"Organization","@id":"https:\/\/hotelpalmeral.com\/#organization","name":"Hotel El Palmeral","url":"https:\/\/hotelpalmeral.com\/","logo":{"@type":"ImageObject","inLanguage":"en-GB","@id":"https:\/\/hotelpalmeral.com\/#\/schema\/logo\/image\/","url":"https:\/\/hotelpalmeral.com\/wp-content\/uploads\/2023\/03\/Logo-footer.png","contentUrl":"https:\/\/hotelpalmeral.com\/wp-content\/uploads\/2023\/03\/Logo-footer.png","width":229,"height":265,"caption":"Hotel El Palmeral"},"image":{"@id":"https:\/\/hotelpalmeral.com\/#\/schema\/logo\/image\/"},"sameAs":["https:\/\/www.facebook.com\/HotelPalmeralBenidorm","https:\/\/x.com\/hotelelpalmeral","https:\/\/www.instagram.com\/hotelpalmeralbenidorm\/"]},{"@type":"Person","@id":"https:\/\/hotelpalmeral.com\/#\/schema\/person\/c8066d1b13fdf1bac6d45a1394738ca6","name":"admin_palmeral","image":{"@type":"ImageObject","inLanguage":"en-GB","@id":"https:\/\/secure.gravatar.com\/avatar\/6b12524dda5bc713fd067188ac2e02862b3e463150f6095efe68cfd0e19d3b11?s=96&d=mm&r=g","url":"https:\/\/secure.gravatar.com\/avatar\/6b12524dda5bc713fd067188ac2e02862b3e463150f6095efe68cfd0e19d3b11?s=96&d=mm&r=g","contentUrl":"https:\/\/secure.gravatar.com\/avatar\/6b12524dda5bc713fd067188ac2e02862b3e463150f6095efe68cfd0e19d3b11?s=96&d=mm&r=g","caption":"admin_palmeral"},"sameAs":["http:\/\/hotelpalmeral.com"],"url":"https:\/\/hotelpalmeral.com\/en\/author\/admin_palmeral\/"}]}},"_links":{"self":[{"href":"https:\/\/hotelpalmeral.com\/en\/wp-json\/wp\/v2\/posts\/227","targetHints":{"allow":["GET"]}}],"collection":[{"href":"https:\/\/hotelpalmeral.com\/en\/wp-json\/wp\/v2\/posts"}],"about":[{"href":"https:\/\/hotelpalmeral.com\/en\/wp-json\/wp\/v2\/types\/post"}],"author":[{"embeddable":true,"href":"https:\/\/hotelpalmeral.com\/en\/wp-json\/wp\/v2\/users\/1"}],"replies":[{"embeddable":true,"href":"https:\/\/hotelpalmeral.com\/en\/wp-json\/wp\/v2\/comments?post=227"}],"version-history":[{"count":0,"href":"https:\/\/hotelpalmeral.com\/en\/wp-json\/wp\/v2\/posts\/227\/revisions"}],"wp:attachment":[{"href":"https:\/\/hotelpalmeral.com\/en\/wp-json\/wp\/v2\/media?parent=227"}],"wp:term":[{"taxonomy":"category","embeddable":true,"href":"https:\/\/hotelpalmeral.com\/en\/wp-json\/wp\/v2\/categories?post=227"},{"taxonomy":"post_tag","embeddable":true,"href":"https:\/\/hotelpalmeral.com\/en\/wp-json\/wp\/v2\/tags?post=227"}],"curies":[{"name":"wp","href":"https:\/\/api.w.org\/{rel}","templated":true}]}}