{"id":1784,"date":"2013-03-15T14:56:00","date_gmt":"2013-03-15T14:56:00","guid":{"rendered":"http:\/\/blog.hotelpalmeral.com\/?p=114"},"modified":"2013-03-15T14:56:00","modified_gmt":"2013-03-15T14:56:00","slug":"fallas-2013-activity-programme-in-benidorm","status":"publish","type":"post","link":"https:\/\/hotelpalmeral.com\/en\/fallas-2013-activity-programme-in-benidorm\/","title":{"rendered":"Fallas 2013: Activity programme in Benidorm"},"content":{"rendered":"<p><b><span>FRIDAY 15TH MARCH<\/span><\/b><br \/>\u00abPLANT\u00c1\u00bb (setting up) of the Falla:<br \/>Falla Benidorm: Plaza de la Hispanidad.<br \/>Falla Rinc\u00f3n: Av. Ametlla de Mar (opposite Burguer King).<br \/>Falla Els Tolls: Tom\u00e1s Ortu\u00f1o street.<\/p>\n<p><b><span>SATURDAY 16TH MARCH: <\/span><\/b>Commemoration of the Founding of the Virgin.<br \/>05:30 h. At dawn, air bombing, bell ringing and prayer to the Virgin of the Suffrage, at Plaza de San Jaime. Then there will be a procession of the Virgin around the Old Town and a visit to the beaches, to end with the traditional verse to the Virgin. When that ends, there will be chocolate and cake for all the people present.<br \/>10:00 h. Solemn Mass in the Church of Saint James.<br \/>18:00 h. SOLEMN PARADE AND FLOWER OFFERING to the Virgin of the Suffrage.<br \/>ITINERARY: Parque de Elche, Paseo de la Carretera, Plaza de la Cruz, Alameda, Mayor street and Plaza San Jaime. Afterwards, they will sing the traditional \u201cCopletes\u201d and the Infant Queen 2013 will recite a verse in honour to the Virgin. When that ends, there will be a FIREWORK DISPLAY, at Plaza Castelar.<\/p>\n<p><span><b>SUNDAY 17TH MARCH<\/b><\/span><br \/>10:30 h. Band Parade, by the streets around the Falla \u201cRinc\u00f3n de Loix\u201d.<br \/>11:00 h. Parade of Falla \u201cEls Tolls, around their quarter.<br \/>12:00 h. Parade of Falla \u201cRinc\u00f3n de Loix\u201d to visit Falla \u201cBenidorm\u201d and then, both Fallas, will go visit the Falla \u201cEls Tolls\u201d.<br \/>17:30 h. Parade of Falla \u201cEls Tolls\u201d to visit Falla \u201cBenidorm\u201d and, afterwards, both Fallas will go visit the Falla \u201cRinc\u00f3n de Loix\u201d.<br \/>20:00 h. Concert by the A.C.R \u201cLa Barqueta\u201d, in the Church of Saint James, in honour of the Virgin of the Suffrage.<\/p>\n<p><b><span>MONDAY 18TH MARCH<\/span><\/b><br \/>08:00. \u00abDESPERT\u00c0\u00bb (everyone will wake up with the sound of firecrackers), in the streets surrounding the \u201cFalla Rinc\u00f3n de Loix.\u201d<br \/>12:00 h. Parade, of the three Fallas members, around their quarter.<br \/>18:00 h. FLOWER OFFERING to the Virgin of the Suffrage and Saint James, with the participation of the three Fallas Commissions. They will meet at Av. Europa \/ Av. Mediterr\u00e1neo.<br \/>ITINERARY: Av. Mediterr\u00e1neo, Plaza de la Hispanidad, Gambo, Alameda, Mayor and Plaza de San Jaime.<br \/>There will be a BIG FIREWORK DISPLAY after the offering.<\/p>\n<p><span><b>TUESDAY 19TH MARCH<\/b><\/span>: Saint Joseph\u00b4s Day<br \/>08:00 \u2013 08:30 h. \u00abDESPERT\u00c0\u00bb, on the streets surrounding the three Fallas.<br \/>12:00 h. Religious service, in honour of Saint Joseph.<br \/>Falla Els Tolls: Buen Pastor Church.<br \/>Falla Rinc\u00f3n: Nuestra Se\u00f1ora del Mar Church.<br \/>13:00 h. Falla \u201cBenidorm\u201d. Religious service, in honour of Saint Joseph, at Saint James Church.<br \/>14:00 h. MAGNIFICENT \u00abMASCLET\u00c1\u00bb (firecrackers sound show) at Falla \u201cBenidorm\u201d (Plaza de la Hispanidad).<br \/>18:00 h. BIG PARADE OF FLOATS, with the participation of the three Fallas Commissions. ITINERARY: Marqu\u00e9s de Comillas, Almendros, Marte, Venus, Ruzafa and Mart\u00ednez Alejos avenue.<br \/>23:00 h. \u00abCREM\u00c1\u00bb (Bonfire) of the children Fallas: Benidorm, Rinc\u00f3n and Els Tolls.<br \/>00:00 h. \u00abCREM\u00c1\u00bb of Falla Rinc\u00f3n de Loix.<br \/>00:30 h. \u00abCREM\u00c1\u00bb of Falla Benidorm.<br \/>01:00 h. \u00abCREM\u00c1\u00bb of Falla Els Tolls.<\/p>\n<p>Best regards<br \/>Hotel El Palmeral,<br \/>Telf.: 965 85 01 76<br \/><a href=\"https:\/\/hotelpalmeral.com\/en\/\">www.hotelpalmeral.com<\/a><\/p>","protected":false},"excerpt":{"rendered":"<p>FRIDAY 15TH MARCH\u00abPLANT\u00c1\u00bb (setting up) of the Falla:Falla Benidorm: Plaza de la Hispanidad.Falla Rinc\u00f3n: Av. Ametlla de Mar (opposite Burguer King).Falla Els Tolls: Tom\u00e1s Ortu\u00f1o street. SATURDAY 16TH MARCH: Commemoration of the Founding of the Virgin.05:30 h. At dawn, air bombing, bell ringing and prayer to the Virgin of the Suffrage, at Plaza de San [&hellip;]<\/p>\n","protected":false},"author":1,"featured_media":0,"comment_status":"open","ping_status":"open","sticky":false,"template":"","format":"standard","meta":{"inline_featured_image":false,"footnotes":""},"categories":[27,16],"tags":[],"class_list":["post-1784","post","type-post","status-publish","format-standard","hentry","category-actividades-con-ninos-en-benidorm","category-agenda-cultural-y-de-ocio-de-benidorm"],"yoast_head":"<!-- This site is optimized with the Yoast SEO plugin v27.5 - https:\/\/yoast.com\/product\/yoast-seo-wordpress\/ -->\r\n<title>Fallas 2013: Activity programme in Benidorm - Hotel El Palmeral<\/title>\r\n<meta name=\"robots\" content=\"index, follow, max-snippet:-1, max-image-preview:large, max-video-preview:-1\" \/>\r\n<link rel=\"canonical\" href=\"https:\/\/hotelpalmeral.com\/en\/fallas-2013-activity-programme-in-benidorm\/\" \/>\r\n<meta property=\"og:locale\" content=\"en_GB\" \/>\r\n<meta property=\"og:type\" content=\"article\" \/>\r\n<meta property=\"og:title\" content=\"Fallas 2013: Activity programme in Benidorm - Hotel El Palmeral\" \/>\r\n<meta property=\"og:description\" content=\"FRIDAY 15TH MARCH\u00abPLANT\u00c1\u00bb (setting up) of the Falla:Falla Benidorm: Plaza de la Hispanidad.Falla Rinc\u00f3n: Av. Ametlla de Mar (opposite Burguer King).Falla Els Tolls: Tom\u00e1s Ortu\u00f1o street. SATURDAY 16TH MARCH: Commemoration of the Founding of the Virgin.05:30 h. At dawn, air bombing, bell ringing and prayer to the Virgin of the Suffrage, at Plaza de San [&hellip;]\" \/>\r\n<meta property=\"og:url\" content=\"https:\/\/hotelpalmeral.com\/en\/fallas-2013-activity-programme-in-benidorm\/\" \/>\r\n<meta property=\"og:site_name\" content=\"Hotel El Palmeral\" \/>\r\n<meta property=\"article:publisher\" content=\"https:\/\/www.facebook.com\/HotelPalmeralBenidorm\" \/>\r\n<meta property=\"article:published_time\" content=\"2013-03-15T14:56:00+00:00\" \/>\r\n<meta name=\"author\" content=\"admin_palmeral\" \/>\r\n<meta name=\"twitter:card\" content=\"summary_large_image\" \/>\r\n<meta name=\"twitter:creator\" content=\"@hotelelpalmeral\" \/>\r\n<meta name=\"twitter:site\" content=\"@hotelelpalmeral\" \/>\r\n<meta name=\"twitter:label1\" content=\"Written by\" \/>\n\t<meta name=\"twitter:data1\" content=\"admin_palmeral\" \/>\n\t<meta name=\"twitter:label2\" content=\"Estimated reading time\" \/>\n\t<meta name=\"twitter:data2\" content=\"2 minutes\" \/>\r\n<script type=\"application\/ld+json\" class=\"yoast-schema-graph\">{\"@context\":\"https:\\\/\\\/schema.org\",\"@graph\":[{\"@type\":\"Article\",\"@id\":\"https:\\\/\\\/hotelpalmeral.com\\\/fallas-2013-activity-programme-in-benidorm\\\/#article\",\"isPartOf\":{\"@id\":\"https:\\\/\\\/hotelpalmeral.com\\\/fallas-2013-activity-programme-in-benidorm\\\/\"},\"author\":{\"name\":\"admin_palmeral\",\"@id\":\"https:\\\/\\\/hotelpalmeral.com\\\/#\\\/schema\\\/person\\\/c8066d1b13fdf1bac6d45a1394738ca6\"},\"headline\":\"Fallas 2013: Activity programme in Benidorm\",\"datePublished\":\"2013-03-15T14:56:00+00:00\",\"mainEntityOfPage\":{\"@id\":\"https:\\\/\\\/hotelpalmeral.com\\\/fallas-2013-activity-programme-in-benidorm\\\/\"},\"wordCount\":497,\"commentCount\":0,\"publisher\":{\"@id\":\"https:\\\/\\\/hotelpalmeral.com\\\/#organization\"},\"articleSection\":[\"actividades con ni\u00f1os en Benidorm\",\"Agenda cultural y de ocio de Benidorm\"],\"inLanguage\":\"en-GB\",\"potentialAction\":[{\"@type\":\"CommentAction\",\"name\":\"Comment\",\"target\":[\"https:\\\/\\\/hotelpalmeral.com\\\/fallas-2013-activity-programme-in-benidorm\\\/#respond\"]}]},{\"@type\":\"WebPage\",\"@id\":\"https:\\\/\\\/hotelpalmeral.com\\\/fallas-2013-activity-programme-in-benidorm\\\/\",\"url\":\"https:\\\/\\\/hotelpalmeral.com\\\/fallas-2013-activity-programme-in-benidorm\\\/\",\"name\":\"Fallas 2013: Activity programme in Benidorm - Hotel El Palmeral\",\"isPartOf\":{\"@id\":\"https:\\\/\\\/hotelpalmeral.com\\\/#website\"},\"datePublished\":\"2013-03-15T14:56:00+00:00\",\"breadcrumb\":{\"@id\":\"https:\\\/\\\/hotelpalmeral.com\\\/fallas-2013-activity-programme-in-benidorm\\\/#breadcrumb\"},\"inLanguage\":\"en-GB\",\"potentialAction\":[{\"@type\":\"ReadAction\",\"target\":[\"https:\\\/\\\/hotelpalmeral.com\\\/fallas-2013-activity-programme-in-benidorm\\\/\"]}]},{\"@type\":\"BreadcrumbList\",\"@id\":\"https:\\\/\\\/hotelpalmeral.com\\\/fallas-2013-activity-programme-in-benidorm\\\/#breadcrumb\",\"itemListElement\":[{\"@type\":\"ListItem\",\"position\":1,\"name\":\"Portada\",\"item\":\"https:\\\/\\\/hotelpalmeral.com\\\/\"},{\"@type\":\"ListItem\",\"position\":2,\"name\":\"Fallas 2013: Activity programme in Benidorm\"}]},{\"@type\":\"WebSite\",\"@id\":\"https:\\\/\\\/hotelpalmeral.com\\\/#website\",\"url\":\"https:\\\/\\\/hotelpalmeral.com\\\/\",\"name\":\"Hotel El Palmeral\",\"description\":\"Hotel en Benidorm\",\"publisher\":{\"@id\":\"https:\\\/\\\/hotelpalmeral.com\\\/#organization\"},\"potentialAction\":[{\"@type\":\"SearchAction\",\"target\":{\"@type\":\"EntryPoint\",\"urlTemplate\":\"https:\\\/\\\/hotelpalmeral.com\\\/?s={search_term_string}\"},\"query-input\":{\"@type\":\"PropertyValueSpecification\",\"valueRequired\":true,\"valueName\":\"search_term_string\"}}],\"inLanguage\":\"en-GB\"},{\"@type\":\"Organization\",\"@id\":\"https:\\\/\\\/hotelpalmeral.com\\\/#organization\",\"name\":\"Hotel El Palmeral\",\"url\":\"https:\\\/\\\/hotelpalmeral.com\\\/\",\"logo\":{\"@type\":\"ImageObject\",\"inLanguage\":\"en-GB\",\"@id\":\"https:\\\/\\\/hotelpalmeral.com\\\/#\\\/schema\\\/logo\\\/image\\\/\",\"url\":\"https:\\\/\\\/hotelpalmeral.com\\\/wp-content\\\/uploads\\\/2023\\\/03\\\/Logo-footer.png\",\"contentUrl\":\"https:\\\/\\\/hotelpalmeral.com\\\/wp-content\\\/uploads\\\/2023\\\/03\\\/Logo-footer.png\",\"width\":229,\"height\":265,\"caption\":\"Hotel El Palmeral\"},\"image\":{\"@id\":\"https:\\\/\\\/hotelpalmeral.com\\\/#\\\/schema\\\/logo\\\/image\\\/\"},\"sameAs\":[\"https:\\\/\\\/www.facebook.com\\\/HotelPalmeralBenidorm\",\"https:\\\/\\\/x.com\\\/hotelelpalmeral\",\"https:\\\/\\\/www.instagram.com\\\/hotelpalmeralbenidorm\\\/\"]},{\"@type\":\"Person\",\"@id\":\"https:\\\/\\\/hotelpalmeral.com\\\/#\\\/schema\\\/person\\\/c8066d1b13fdf1bac6d45a1394738ca6\",\"name\":\"admin_palmeral\",\"image\":{\"@type\":\"ImageObject\",\"inLanguage\":\"en-GB\",\"@id\":\"https:\\\/\\\/secure.gravatar.com\\\/avatar\\\/6b12524dda5bc713fd067188ac2e02862b3e463150f6095efe68cfd0e19d3b11?s=96&d=mm&r=g\",\"url\":\"https:\\\/\\\/secure.gravatar.com\\\/avatar\\\/6b12524dda5bc713fd067188ac2e02862b3e463150f6095efe68cfd0e19d3b11?s=96&d=mm&r=g\",\"contentUrl\":\"https:\\\/\\\/secure.gravatar.com\\\/avatar\\\/6b12524dda5bc713fd067188ac2e02862b3e463150f6095efe68cfd0e19d3b11?s=96&d=mm&r=g\",\"caption\":\"admin_palmeral\"},\"sameAs\":[\"http:\\\/\\\/hotelpalmeral.com\"],\"url\":\"https:\\\/\\\/hotelpalmeral.com\\\/en\\\/author\\\/admin_palmeral\\\/\"}]}<\/script>\r\n<!-- \/ Yoast SEO plugin. -->","yoast_head_json":{"title":"Fallas 2013: Activity programme in Benidorm - Hotel El Palmeral","robots":{"index":"index","follow":"follow","max-snippet":"max-snippet:-1","max-image-preview":"max-image-preview:large","max-video-preview":"max-video-preview:-1"},"canonical":"https:\/\/hotelpalmeral.com\/en\/fallas-2013-activity-programme-in-benidorm\/","og_locale":"en_GB","og_type":"article","og_title":"Fallas 2013: Activity programme in Benidorm - Hotel El Palmeral","og_description":"FRIDAY 15TH MARCH\u00abPLANT\u00c1\u00bb (setting up) of the Falla:Falla Benidorm: Plaza de la Hispanidad.Falla Rinc\u00f3n: Av. Ametlla de Mar (opposite Burguer King).Falla Els Tolls: Tom\u00e1s Ortu\u00f1o street. SATURDAY 16TH MARCH: Commemoration of the Founding of the Virgin.05:30 h. At dawn, air bombing, bell ringing and prayer to the Virgin of the Suffrage, at Plaza de San [&hellip;]","og_url":"https:\/\/hotelpalmeral.com\/en\/fallas-2013-activity-programme-in-benidorm\/","og_site_name":"Hotel El Palmeral","article_publisher":"https:\/\/www.facebook.com\/HotelPalmeralBenidorm","article_published_time":"2013-03-15T14:56:00+00:00","author":"admin_palmeral","twitter_card":"summary_large_image","twitter_creator":"@hotelelpalmeral","twitter_site":"@hotelelpalmeral","twitter_misc":{"Written by":"admin_palmeral","Estimated reading time":"2 minutes"},"schema":{"@context":"https:\/\/schema.org","@graph":[{"@type":"Article","@id":"https:\/\/hotelpalmeral.com\/fallas-2013-activity-programme-in-benidorm\/#article","isPartOf":{"@id":"https:\/\/hotelpalmeral.com\/fallas-2013-activity-programme-in-benidorm\/"},"author":{"name":"admin_palmeral","@id":"https:\/\/hotelpalmeral.com\/#\/schema\/person\/c8066d1b13fdf1bac6d45a1394738ca6"},"headline":"Fallas 2013: Activity programme in Benidorm","datePublished":"2013-03-15T14:56:00+00:00","mainEntityOfPage":{"@id":"https:\/\/hotelpalmeral.com\/fallas-2013-activity-programme-in-benidorm\/"},"wordCount":497,"commentCount":0,"publisher":{"@id":"https:\/\/hotelpalmeral.com\/#organization"},"articleSection":["actividades con ni\u00f1os en Benidorm","Agenda cultural y de ocio de Benidorm"],"inLanguage":"en-GB","potentialAction":[{"@type":"CommentAction","name":"Comment","target":["https:\/\/hotelpalmeral.com\/fallas-2013-activity-programme-in-benidorm\/#respond"]}]},{"@type":"WebPage","@id":"https:\/\/hotelpalmeral.com\/fallas-2013-activity-programme-in-benidorm\/","url":"https:\/\/hotelpalmeral.com\/fallas-2013-activity-programme-in-benidorm\/","name":"Fallas 2013: Activity programme in Benidorm - Hotel El Palmeral","isPartOf":{"@id":"https:\/\/hotelpalmeral.com\/#website"},"datePublished":"2013-03-15T14:56:00+00:00","breadcrumb":{"@id":"https:\/\/hotelpalmeral.com\/fallas-2013-activity-programme-in-benidorm\/#breadcrumb"},"inLanguage":"en-GB","potentialAction":[{"@type":"ReadAction","target":["https:\/\/hotelpalmeral.com\/fallas-2013-activity-programme-in-benidorm\/"]}]},{"@type":"BreadcrumbList","@id":"https:\/\/hotelpalmeral.com\/fallas-2013-activity-programme-in-benidorm\/#breadcrumb","itemListElement":[{"@type":"ListItem","position":1,"name":"Portada","item":"https:\/\/hotelpalmeral.com\/"},{"@type":"ListItem","position":2,"name":"Fallas 2013: Activity programme in Benidorm"}]},{"@type":"WebSite","@id":"https:\/\/hotelpalmeral.com\/#website","url":"https:\/\/hotelpalmeral.com\/","name":"Hotel El Palmeral","description":"Hotel en Benidorm","publisher":{"@id":"https:\/\/hotelpalmeral.com\/#organization"},"potentialAction":[{"@type":"SearchAction","target":{"@type":"EntryPoint","urlTemplate":"https:\/\/hotelpalmeral.com\/?s={search_term_string}"},"query-input":{"@type":"PropertyValueSpecification","valueRequired":true,"valueName":"search_term_string"}}],"inLanguage":"en-GB"},{"@type":"Organization","@id":"https:\/\/hotelpalmeral.com\/#organization","name":"Hotel El Palmeral","url":"https:\/\/hotelpalmeral.com\/","logo":{"@type":"ImageObject","inLanguage":"en-GB","@id":"https:\/\/hotelpalmeral.com\/#\/schema\/logo\/image\/","url":"https:\/\/hotelpalmeral.com\/wp-content\/uploads\/2023\/03\/Logo-footer.png","contentUrl":"https:\/\/hotelpalmeral.com\/wp-content\/uploads\/2023\/03\/Logo-footer.png","width":229,"height":265,"caption":"Hotel El Palmeral"},"image":{"@id":"https:\/\/hotelpalmeral.com\/#\/schema\/logo\/image\/"},"sameAs":["https:\/\/www.facebook.com\/HotelPalmeralBenidorm","https:\/\/x.com\/hotelelpalmeral","https:\/\/www.instagram.com\/hotelpalmeralbenidorm\/"]},{"@type":"Person","@id":"https:\/\/hotelpalmeral.com\/#\/schema\/person\/c8066d1b13fdf1bac6d45a1394738ca6","name":"admin_palmeral","image":{"@type":"ImageObject","inLanguage":"en-GB","@id":"https:\/\/secure.gravatar.com\/avatar\/6b12524dda5bc713fd067188ac2e02862b3e463150f6095efe68cfd0e19d3b11?s=96&d=mm&r=g","url":"https:\/\/secure.gravatar.com\/avatar\/6b12524dda5bc713fd067188ac2e02862b3e463150f6095efe68cfd0e19d3b11?s=96&d=mm&r=g","contentUrl":"https:\/\/secure.gravatar.com\/avatar\/6b12524dda5bc713fd067188ac2e02862b3e463150f6095efe68cfd0e19d3b11?s=96&d=mm&r=g","caption":"admin_palmeral"},"sameAs":["http:\/\/hotelpalmeral.com"],"url":"https:\/\/hotelpalmeral.com\/en\/author\/admin_palmeral\/"}]}},"_links":{"self":[{"href":"https:\/\/hotelpalmeral.com\/en\/wp-json\/wp\/v2\/posts\/1784","targetHints":{"allow":["GET"]}}],"collection":[{"href":"https:\/\/hotelpalmeral.com\/en\/wp-json\/wp\/v2\/posts"}],"about":[{"href":"https:\/\/hotelpalmeral.com\/en\/wp-json\/wp\/v2\/types\/post"}],"author":[{"embeddable":true,"href":"https:\/\/hotelpalmeral.com\/en\/wp-json\/wp\/v2\/users\/1"}],"replies":[{"embeddable":true,"href":"https:\/\/hotelpalmeral.com\/en\/wp-json\/wp\/v2\/comments?post=1784"}],"version-history":[{"count":0,"href":"https:\/\/hotelpalmeral.com\/en\/wp-json\/wp\/v2\/posts\/1784\/revisions"}],"wp:attachment":[{"href":"https:\/\/hotelpalmeral.com\/en\/wp-json\/wp\/v2\/media?parent=1784"}],"wp:term":[{"taxonomy":"category","embeddable":true,"href":"https:\/\/hotelpalmeral.com\/en\/wp-json\/wp\/v2\/categories?post=1784"},{"taxonomy":"post_tag","embeddable":true,"href":"https:\/\/hotelpalmeral.com\/en\/wp-json\/wp\/v2\/tags?post=1784"}],"curies":[{"name":"wp","href":"https:\/\/api.w.org\/{rel}","templated":true}]}}