{"id":1770,"date":"2013-01-28T10:53:00","date_gmt":"2013-01-28T10:53:00","guid":{"rendered":"http:\/\/blog.hotelpalmeral.com\/?p=139"},"modified":"2013-01-28T10:53:00","modified_gmt":"2013-01-28T10:53:00","slug":"un-plan-para-san-valentin-en-benidorm","status":"publish","type":"post","link":"https:\/\/hotelpalmeral.com\/en\/un-plan-para-san-valentin-en-benidorm\/","title":{"rendered":"Un plan para San Valent\u00edn en Benidorm"},"content":{"rendered":"<p>Los pr\u00f3xiumos d\u00edas 14,15 y 16 de febrero celebra San Valent\u00edn en la sala de fiestas del Benidorm Palace.<br \/>En estos d\u00edas tan especiales Paco Arrojo pondr\u00e1 voz al amor.<br \/>Paco Arrojo es un cantante que ha estado en el programa de \u00abLa voz\u00bb de Telecinco y su coach ha sido\u00a0 David Bisbal.<br \/>El precio para ver s\u00f3lo el espect\u00e1culo es de 29 euros por persona. Tambi\u00e9n existe la opci\u00f3n de cena m\u00e1s espect\u00e1culo con un precio de 49 euros por persona.<br \/>Para m\u00e1s info siempre se puede consultar la web del Benidorm Palace.<br \/>Un saludo<\/p>\n<p>Hotel El Palmeral, <a href=\"https:\/\/hotelpalmeral.com\/en\/\">Hotel en la Playa de Benidorm<\/a><br \/><a href=\"https:\/\/hotelpalmeral.com\/en\/\">www.hotelpalmeral.com<\/a><br \/>Telf.: 965 850 176<\/p>\n<div><a href=\"http:\/\/3.bp.blogspot.com\/-dZceiIaDjwE\/UQJkA-_xv4I\/AAAAAAAADCY\/tWVxS4vR1QQ\/s1600\/logo+xmas.png\" imageanchor=\"1\"><img loading=\"lazy\" decoding=\"async\" border=\"0\" height=\"75\" src=\"http:\/\/3.bp.blogspot.com\/-dZceiIaDjwE\/UQJkA-_xv4I\/AAAAAAAADCY\/tWVxS4vR1QQ\/s200\/logo+xmas.png\" width=\"200\"><\/a><\/div>\n<p><\/p>","protected":false},"excerpt":{"rendered":"<p>Los pr\u00f3xiumos d\u00edas 14,15 y 16 de febrero celebra San Valent\u00edn en la sala de fiestas del Benidorm Palace.En estos d\u00edas tan especiales Paco Arrojo pondr\u00e1 voz al amor.Paco Arrojo es un cantante que ha estado en el programa de \u00abLa voz\u00bb de Telecinco y su coach ha sido\u00a0 David Bisbal.El precio para ver s\u00f3lo [&hellip;]<\/p>\n","protected":false},"author":1,"featured_media":0,"comment_status":"open","ping_status":"open","sticky":false,"template":"","format":"standard","meta":{"inline_featured_image":false,"footnotes":""},"categories":[16],"tags":[],"class_list":["post-1770","post","type-post","status-publish","format-standard","hentry","category-agenda-cultural-y-de-ocio-de-benidorm"],"yoast_head":"<!-- This site is optimized with the Yoast SEO plugin v27.5 - https:\/\/yoast.com\/product\/yoast-seo-wordpress\/ -->\r\n<title>Un plan para San Valent\u00edn en Benidorm - Hotel El Palmeral<\/title>\r\n<meta name=\"robots\" content=\"index, follow, max-snippet:-1, max-image-preview:large, max-video-preview:-1\" \/>\r\n<link rel=\"canonical\" href=\"https:\/\/hotelpalmeral.com\/en\/un-plan-para-san-valentin-en-benidorm\/\" \/>\r\n<meta property=\"og:locale\" content=\"en_GB\" \/>\r\n<meta property=\"og:type\" content=\"article\" \/>\r\n<meta property=\"og:title\" content=\"Un plan para San Valent\u00edn en Benidorm - Hotel El Palmeral\" \/>\r\n<meta property=\"og:description\" content=\"Los pr\u00f3xiumos d\u00edas 14,15 y 16 de febrero celebra San Valent\u00edn en la sala de fiestas del Benidorm Palace.En estos d\u00edas tan especiales Paco Arrojo pondr\u00e1 voz al amor.Paco Arrojo es un cantante que ha estado en el programa de \u00abLa voz\u00bb de Telecinco y su coach ha sido\u00a0 David Bisbal.El precio para ver s\u00f3lo [&hellip;]\" \/>\r\n<meta property=\"og:url\" content=\"https:\/\/hotelpalmeral.com\/en\/un-plan-para-san-valentin-en-benidorm\/\" \/>\r\n<meta property=\"og:site_name\" content=\"Hotel El Palmeral\" \/>\r\n<meta property=\"article:publisher\" content=\"https:\/\/www.facebook.com\/HotelPalmeralBenidorm\" \/>\r\n<meta property=\"article:published_time\" content=\"2013-01-28T10:53:00+00:00\" \/>\r\n<meta property=\"og:image\" content=\"http:\/\/3.bp.blogspot.com\/-dZceiIaDjwE\/UQJkA-_xv4I\/AAAAAAAADCY\/tWVxS4vR1QQ\/s200\/logo+xmas.png\" \/>\r\n<meta name=\"author\" content=\"admin_palmeral\" \/>\r\n<meta name=\"twitter:card\" content=\"summary_large_image\" \/>\r\n<meta name=\"twitter:creator\" content=\"@hotelelpalmeral\" \/>\r\n<meta name=\"twitter:site\" content=\"@hotelelpalmeral\" \/>\r\n<meta name=\"twitter:label1\" content=\"Written by\" \/>\n\t<meta name=\"twitter:data1\" content=\"admin_palmeral\" \/>\n\t<meta name=\"twitter:label2\" content=\"Estimated reading time\" \/>\n\t<meta name=\"twitter:data2\" content=\"1 minute\" \/>\r\n<script type=\"application\/ld+json\" class=\"yoast-schema-graph\">{\"@context\":\"https:\\\/\\\/schema.org\",\"@graph\":[{\"@type\":\"Article\",\"@id\":\"https:\\\/\\\/hotelpalmeral.com\\\/un-plan-para-san-valentin-en-benidorm\\\/#article\",\"isPartOf\":{\"@id\":\"https:\\\/\\\/hotelpalmeral.com\\\/un-plan-para-san-valentin-en-benidorm\\\/\"},\"author\":{\"name\":\"admin_palmeral\",\"@id\":\"https:\\\/\\\/hotelpalmeral.com\\\/#\\\/schema\\\/person\\\/c8066d1b13fdf1bac6d45a1394738ca6\"},\"headline\":\"Un plan para San Valent\u00edn en Benidorm\",\"datePublished\":\"2013-01-28T10:53:00+00:00\",\"mainEntityOfPage\":{\"@id\":\"https:\\\/\\\/hotelpalmeral.com\\\/un-plan-para-san-valentin-en-benidorm\\\/\"},\"wordCount\":124,\"commentCount\":0,\"publisher\":{\"@id\":\"https:\\\/\\\/hotelpalmeral.com\\\/#organization\"},\"image\":{\"@id\":\"https:\\\/\\\/hotelpalmeral.com\\\/un-plan-para-san-valentin-en-benidorm\\\/#primaryimage\"},\"thumbnailUrl\":\"http:\\\/\\\/3.bp.blogspot.com\\\/-dZceiIaDjwE\\\/UQJkA-_xv4I\\\/AAAAAAAADCY\\\/tWVxS4vR1QQ\\\/s200\\\/logo+xmas.png\",\"articleSection\":[\"Agenda cultural y de ocio de Benidorm\"],\"inLanguage\":\"en-GB\",\"potentialAction\":[{\"@type\":\"CommentAction\",\"name\":\"Comment\",\"target\":[\"https:\\\/\\\/hotelpalmeral.com\\\/un-plan-para-san-valentin-en-benidorm\\\/#respond\"]}]},{\"@type\":\"WebPage\",\"@id\":\"https:\\\/\\\/hotelpalmeral.com\\\/un-plan-para-san-valentin-en-benidorm\\\/\",\"url\":\"https:\\\/\\\/hotelpalmeral.com\\\/un-plan-para-san-valentin-en-benidorm\\\/\",\"name\":\"Un plan para San Valent\u00edn en Benidorm - Hotel El Palmeral\",\"isPartOf\":{\"@id\":\"https:\\\/\\\/hotelpalmeral.com\\\/#website\"},\"primaryImageOfPage\":{\"@id\":\"https:\\\/\\\/hotelpalmeral.com\\\/un-plan-para-san-valentin-en-benidorm\\\/#primaryimage\"},\"image\":{\"@id\":\"https:\\\/\\\/hotelpalmeral.com\\\/un-plan-para-san-valentin-en-benidorm\\\/#primaryimage\"},\"thumbnailUrl\":\"http:\\\/\\\/3.bp.blogspot.com\\\/-dZceiIaDjwE\\\/UQJkA-_xv4I\\\/AAAAAAAADCY\\\/tWVxS4vR1QQ\\\/s200\\\/logo+xmas.png\",\"datePublished\":\"2013-01-28T10:53:00+00:00\",\"breadcrumb\":{\"@id\":\"https:\\\/\\\/hotelpalmeral.com\\\/un-plan-para-san-valentin-en-benidorm\\\/#breadcrumb\"},\"inLanguage\":\"en-GB\",\"potentialAction\":[{\"@type\":\"ReadAction\",\"target\":[\"https:\\\/\\\/hotelpalmeral.com\\\/un-plan-para-san-valentin-en-benidorm\\\/\"]}]},{\"@type\":\"ImageObject\",\"inLanguage\":\"en-GB\",\"@id\":\"https:\\\/\\\/hotelpalmeral.com\\\/un-plan-para-san-valentin-en-benidorm\\\/#primaryimage\",\"url\":\"http:\\\/\\\/3.bp.blogspot.com\\\/-dZceiIaDjwE\\\/UQJkA-_xv4I\\\/AAAAAAAADCY\\\/tWVxS4vR1QQ\\\/s200\\\/logo+xmas.png\",\"contentUrl\":\"http:\\\/\\\/3.bp.blogspot.com\\\/-dZceiIaDjwE\\\/UQJkA-_xv4I\\\/AAAAAAAADCY\\\/tWVxS4vR1QQ\\\/s200\\\/logo+xmas.png\"},{\"@type\":\"BreadcrumbList\",\"@id\":\"https:\\\/\\\/hotelpalmeral.com\\\/un-plan-para-san-valentin-en-benidorm\\\/#breadcrumb\",\"itemListElement\":[{\"@type\":\"ListItem\",\"position\":1,\"name\":\"Portada\",\"item\":\"https:\\\/\\\/hotelpalmeral.com\\\/\"},{\"@type\":\"ListItem\",\"position\":2,\"name\":\"Un plan para San Valent\u00edn en Benidorm\"}]},{\"@type\":\"WebSite\",\"@id\":\"https:\\\/\\\/hotelpalmeral.com\\\/#website\",\"url\":\"https:\\\/\\\/hotelpalmeral.com\\\/\",\"name\":\"Hotel El Palmeral\",\"description\":\"Hotel en Benidorm\",\"publisher\":{\"@id\":\"https:\\\/\\\/hotelpalmeral.com\\\/#organization\"},\"potentialAction\":[{\"@type\":\"SearchAction\",\"target\":{\"@type\":\"EntryPoint\",\"urlTemplate\":\"https:\\\/\\\/hotelpalmeral.com\\\/?s={search_term_string}\"},\"query-input\":{\"@type\":\"PropertyValueSpecification\",\"valueRequired\":true,\"valueName\":\"search_term_string\"}}],\"inLanguage\":\"en-GB\"},{\"@type\":\"Organization\",\"@id\":\"https:\\\/\\\/hotelpalmeral.com\\\/#organization\",\"name\":\"Hotel El Palmeral\",\"url\":\"https:\\\/\\\/hotelpalmeral.com\\\/\",\"logo\":{\"@type\":\"ImageObject\",\"inLanguage\":\"en-GB\",\"@id\":\"https:\\\/\\\/hotelpalmeral.com\\\/#\\\/schema\\\/logo\\\/image\\\/\",\"url\":\"https:\\\/\\\/hotelpalmeral.com\\\/wp-content\\\/uploads\\\/2023\\\/03\\\/Logo-footer.png\",\"contentUrl\":\"https:\\\/\\\/hotelpalmeral.com\\\/wp-content\\\/uploads\\\/2023\\\/03\\\/Logo-footer.png\",\"width\":229,\"height\":265,\"caption\":\"Hotel El Palmeral\"},\"image\":{\"@id\":\"https:\\\/\\\/hotelpalmeral.com\\\/#\\\/schema\\\/logo\\\/image\\\/\"},\"sameAs\":[\"https:\\\/\\\/www.facebook.com\\\/HotelPalmeralBenidorm\",\"https:\\\/\\\/x.com\\\/hotelelpalmeral\",\"https:\\\/\\\/www.instagram.com\\\/hotelpalmeralbenidorm\\\/\"]},{\"@type\":\"Person\",\"@id\":\"https:\\\/\\\/hotelpalmeral.com\\\/#\\\/schema\\\/person\\\/c8066d1b13fdf1bac6d45a1394738ca6\",\"name\":\"admin_palmeral\",\"image\":{\"@type\":\"ImageObject\",\"inLanguage\":\"en-GB\",\"@id\":\"https:\\\/\\\/secure.gravatar.com\\\/avatar\\\/6b12524dda5bc713fd067188ac2e02862b3e463150f6095efe68cfd0e19d3b11?s=96&d=mm&r=g\",\"url\":\"https:\\\/\\\/secure.gravatar.com\\\/avatar\\\/6b12524dda5bc713fd067188ac2e02862b3e463150f6095efe68cfd0e19d3b11?s=96&d=mm&r=g\",\"contentUrl\":\"https:\\\/\\\/secure.gravatar.com\\\/avatar\\\/6b12524dda5bc713fd067188ac2e02862b3e463150f6095efe68cfd0e19d3b11?s=96&d=mm&r=g\",\"caption\":\"admin_palmeral\"},\"sameAs\":[\"http:\\\/\\\/hotelpalmeral.com\"],\"url\":\"https:\\\/\\\/hotelpalmeral.com\\\/en\\\/author\\\/admin_palmeral\\\/\"}]}<\/script>\r\n<!-- \/ Yoast SEO plugin. -->","yoast_head_json":{"title":"Un plan para San Valent\u00edn en Benidorm - Hotel El Palmeral","robots":{"index":"index","follow":"follow","max-snippet":"max-snippet:-1","max-image-preview":"max-image-preview:large","max-video-preview":"max-video-preview:-1"},"canonical":"https:\/\/hotelpalmeral.com\/en\/un-plan-para-san-valentin-en-benidorm\/","og_locale":"en_GB","og_type":"article","og_title":"Un plan para San Valent\u00edn en Benidorm - Hotel El Palmeral","og_description":"Los pr\u00f3xiumos d\u00edas 14,15 y 16 de febrero celebra San Valent\u00edn en la sala de fiestas del Benidorm Palace.En estos d\u00edas tan especiales Paco Arrojo pondr\u00e1 voz al amor.Paco Arrojo es un cantante que ha estado en el programa de \u00abLa voz\u00bb de Telecinco y su coach ha sido\u00a0 David Bisbal.El precio para ver s\u00f3lo [&hellip;]","og_url":"https:\/\/hotelpalmeral.com\/en\/un-plan-para-san-valentin-en-benidorm\/","og_site_name":"Hotel El Palmeral","article_publisher":"https:\/\/www.facebook.com\/HotelPalmeralBenidorm","article_published_time":"2013-01-28T10:53:00+00:00","og_image":[{"url":"http:\/\/3.bp.blogspot.com\/-dZceiIaDjwE\/UQJkA-_xv4I\/AAAAAAAADCY\/tWVxS4vR1QQ\/s200\/logo+xmas.png","type":"","width":"","height":""}],"author":"admin_palmeral","twitter_card":"summary_large_image","twitter_creator":"@hotelelpalmeral","twitter_site":"@hotelelpalmeral","twitter_misc":{"Written by":"admin_palmeral","Estimated reading time":"1 minute"},"schema":{"@context":"https:\/\/schema.org","@graph":[{"@type":"Article","@id":"https:\/\/hotelpalmeral.com\/un-plan-para-san-valentin-en-benidorm\/#article","isPartOf":{"@id":"https:\/\/hotelpalmeral.com\/un-plan-para-san-valentin-en-benidorm\/"},"author":{"name":"admin_palmeral","@id":"https:\/\/hotelpalmeral.com\/#\/schema\/person\/c8066d1b13fdf1bac6d45a1394738ca6"},"headline":"Un plan para San Valent\u00edn en Benidorm","datePublished":"2013-01-28T10:53:00+00:00","mainEntityOfPage":{"@id":"https:\/\/hotelpalmeral.com\/un-plan-para-san-valentin-en-benidorm\/"},"wordCount":124,"commentCount":0,"publisher":{"@id":"https:\/\/hotelpalmeral.com\/#organization"},"image":{"@id":"https:\/\/hotelpalmeral.com\/un-plan-para-san-valentin-en-benidorm\/#primaryimage"},"thumbnailUrl":"http:\/\/3.bp.blogspot.com\/-dZceiIaDjwE\/UQJkA-_xv4I\/AAAAAAAADCY\/tWVxS4vR1QQ\/s200\/logo+xmas.png","articleSection":["Agenda cultural y de ocio de Benidorm"],"inLanguage":"en-GB","potentialAction":[{"@type":"CommentAction","name":"Comment","target":["https:\/\/hotelpalmeral.com\/un-plan-para-san-valentin-en-benidorm\/#respond"]}]},{"@type":"WebPage","@id":"https:\/\/hotelpalmeral.com\/un-plan-para-san-valentin-en-benidorm\/","url":"https:\/\/hotelpalmeral.com\/un-plan-para-san-valentin-en-benidorm\/","name":"Un plan para San Valent\u00edn en Benidorm - Hotel El Palmeral","isPartOf":{"@id":"https:\/\/hotelpalmeral.com\/#website"},"primaryImageOfPage":{"@id":"https:\/\/hotelpalmeral.com\/un-plan-para-san-valentin-en-benidorm\/#primaryimage"},"image":{"@id":"https:\/\/hotelpalmeral.com\/un-plan-para-san-valentin-en-benidorm\/#primaryimage"},"thumbnailUrl":"http:\/\/3.bp.blogspot.com\/-dZceiIaDjwE\/UQJkA-_xv4I\/AAAAAAAADCY\/tWVxS4vR1QQ\/s200\/logo+xmas.png","datePublished":"2013-01-28T10:53:00+00:00","breadcrumb":{"@id":"https:\/\/hotelpalmeral.com\/un-plan-para-san-valentin-en-benidorm\/#breadcrumb"},"inLanguage":"en-GB","potentialAction":[{"@type":"ReadAction","target":["https:\/\/hotelpalmeral.com\/un-plan-para-san-valentin-en-benidorm\/"]}]},{"@type":"ImageObject","inLanguage":"en-GB","@id":"https:\/\/hotelpalmeral.com\/un-plan-para-san-valentin-en-benidorm\/#primaryimage","url":"http:\/\/3.bp.blogspot.com\/-dZceiIaDjwE\/UQJkA-_xv4I\/AAAAAAAADCY\/tWVxS4vR1QQ\/s200\/logo+xmas.png","contentUrl":"http:\/\/3.bp.blogspot.com\/-dZceiIaDjwE\/UQJkA-_xv4I\/AAAAAAAADCY\/tWVxS4vR1QQ\/s200\/logo+xmas.png"},{"@type":"BreadcrumbList","@id":"https:\/\/hotelpalmeral.com\/un-plan-para-san-valentin-en-benidorm\/#breadcrumb","itemListElement":[{"@type":"ListItem","position":1,"name":"Portada","item":"https:\/\/hotelpalmeral.com\/"},{"@type":"ListItem","position":2,"name":"Un plan para San Valent\u00edn en Benidorm"}]},{"@type":"WebSite","@id":"https:\/\/hotelpalmeral.com\/#website","url":"https:\/\/hotelpalmeral.com\/","name":"Hotel El Palmeral","description":"Hotel en Benidorm","publisher":{"@id":"https:\/\/hotelpalmeral.com\/#organization"},"potentialAction":[{"@type":"SearchAction","target":{"@type":"EntryPoint","urlTemplate":"https:\/\/hotelpalmeral.com\/?s={search_term_string}"},"query-input":{"@type":"PropertyValueSpecification","valueRequired":true,"valueName":"search_term_string"}}],"inLanguage":"en-GB"},{"@type":"Organization","@id":"https:\/\/hotelpalmeral.com\/#organization","name":"Hotel El Palmeral","url":"https:\/\/hotelpalmeral.com\/","logo":{"@type":"ImageObject","inLanguage":"en-GB","@id":"https:\/\/hotelpalmeral.com\/#\/schema\/logo\/image\/","url":"https:\/\/hotelpalmeral.com\/wp-content\/uploads\/2023\/03\/Logo-footer.png","contentUrl":"https:\/\/hotelpalmeral.com\/wp-content\/uploads\/2023\/03\/Logo-footer.png","width":229,"height":265,"caption":"Hotel El Palmeral"},"image":{"@id":"https:\/\/hotelpalmeral.com\/#\/schema\/logo\/image\/"},"sameAs":["https:\/\/www.facebook.com\/HotelPalmeralBenidorm","https:\/\/x.com\/hotelelpalmeral","https:\/\/www.instagram.com\/hotelpalmeralbenidorm\/"]},{"@type":"Person","@id":"https:\/\/hotelpalmeral.com\/#\/schema\/person\/c8066d1b13fdf1bac6d45a1394738ca6","name":"admin_palmeral","image":{"@type":"ImageObject","inLanguage":"en-GB","@id":"https:\/\/secure.gravatar.com\/avatar\/6b12524dda5bc713fd067188ac2e02862b3e463150f6095efe68cfd0e19d3b11?s=96&d=mm&r=g","url":"https:\/\/secure.gravatar.com\/avatar\/6b12524dda5bc713fd067188ac2e02862b3e463150f6095efe68cfd0e19d3b11?s=96&d=mm&r=g","contentUrl":"https:\/\/secure.gravatar.com\/avatar\/6b12524dda5bc713fd067188ac2e02862b3e463150f6095efe68cfd0e19d3b11?s=96&d=mm&r=g","caption":"admin_palmeral"},"sameAs":["http:\/\/hotelpalmeral.com"],"url":"https:\/\/hotelpalmeral.com\/en\/author\/admin_palmeral\/"}]}},"_links":{"self":[{"href":"https:\/\/hotelpalmeral.com\/en\/wp-json\/wp\/v2\/posts\/1770","targetHints":{"allow":["GET"]}}],"collection":[{"href":"https:\/\/hotelpalmeral.com\/en\/wp-json\/wp\/v2\/posts"}],"about":[{"href":"https:\/\/hotelpalmeral.com\/en\/wp-json\/wp\/v2\/types\/post"}],"author":[{"embeddable":true,"href":"https:\/\/hotelpalmeral.com\/en\/wp-json\/wp\/v2\/users\/1"}],"replies":[{"embeddable":true,"href":"https:\/\/hotelpalmeral.com\/en\/wp-json\/wp\/v2\/comments?post=1770"}],"version-history":[{"count":0,"href":"https:\/\/hotelpalmeral.com\/en\/wp-json\/wp\/v2\/posts\/1770\/revisions"}],"wp:attachment":[{"href":"https:\/\/hotelpalmeral.com\/en\/wp-json\/wp\/v2\/media?parent=1770"}],"wp:term":[{"taxonomy":"category","embeddable":true,"href":"https:\/\/hotelpalmeral.com\/en\/wp-json\/wp\/v2\/categories?post=1770"},{"taxonomy":"post_tag","embeddable":true,"href":"https:\/\/hotelpalmeral.com\/en\/wp-json\/wp\/v2\/tags?post=1770"}],"curies":[{"name":"wp","href":"https:\/\/api.w.org\/{rel}","templated":true}]}}