{"id":1597,"date":"2012-05-10T11:55:00","date_gmt":"2012-05-10T11:55:00","guid":{"rendered":"http:\/\/blog.hotelpalmeral.com\/?p=335"},"modified":"2012-05-10T11:55:00","modified_gmt":"2012-05-10T11:55:00","slug":"iv-jornadas-de-flora-de-los-espacios-protegidos-de-las-marinas","status":"publish","type":"post","link":"https:\/\/hotelpalmeral.com\/en\/iv-jornadas-de-flora-de-los-espacios-protegidos-de-las-marinas\/","title":{"rendered":"Iv Jornadas de Flora de los espacios protegidos de las marinas"},"content":{"rendered":"<p>Como parte de estas jornadas para conocer la naturaleza de nuestra zona, este fin de semana hay un programa dedicado al Paisaje Protegido del Puig Campana y el Ponotx.<\/p>\n<div>El primer evento del programa ser\u00e1 el viernes 11 y son unas charlas que se har\u00e1n en la Casa de Cultura de Finestrat. Las charlas comienzan a las 5 de la tarde, durar\u00e1n unas 2 horas y media y son:<\/div>\n<div>&#8211; Al trencall del maror. Un passeig per la vegetaci\u00f3 litoral. (Parque Natural de la Serra Gelada).<br \/>&#8211; Jardines aut\u00f3ctonos, jardines vivos. (Parque Natural del Montg\u00f3).<br \/>&#8211; Les plantes aqu\u00e0tiques de la Marjal de Pego-Oliva: dels ullals a les jonqueres. (Parque Natural de la Marjal de Pego &#8211; Oliva).<br \/>&#8211; \u00bfQue se esconde en las rocas del Penyal?. (Parque Natural Penyal d\u2019Ifac).<br \/>&#8211; Comunidades flor\u00edsticas de inter\u00e9s en la umbr\u00eda del Puigcampana. (Paisaje Protegido del Puigcampana y el Ponotx).<\/div>\n<div>El programa sigue el s\u00e1bado 12 y, este d\u00eda, consiste en una visita guiada para conocer la evoluci\u00f3n durante la historia de la flora en el Paisaje Protegido del Puigcampana. Si te interesa hacerla, el punto de encuentro es el \u00e1rea recreativa de la Font del Moli en Finestrat a las 10 de la ma\u00f1ana y la visita durar\u00e1 unas 3 horas (el recorrido es de 5,6 km. Ida y vuelta). Como s\u00f3lo van a haber 20 plazas para esta actividad, ten en cuenta que para asistir primero tendr\u00e1s que inscribirte a trav\u00e9s de <a href=\"mailto:paisaje_puigcampana@gva.es\">paisaje_puigcampana@gva.es<\/a> o en el tel\u00e9fono 606856958. Adem\u00e1s tendr\u00e1n preferencia los que tambi\u00e9n hayan atendido a las charlas.<\/div>\n<div>Para m\u00e1s informaci\u00f3n puedes consultar la web <a href=\"http:\/\/www.cma.gva.es\/puigcampana\">www.cma.gva.es\/puigcampana<\/a>\n<\/div>\n<div><\/div>\n<div>Nos parece un buen plan para el fin de semana y tambi\u00e9n para ir con ni\u00f1os.<\/div>\n<div>Un saludo<\/div>\n<div><\/div>\n<div>Hotel El Palmeral, <a href=\"https:\/\/hotelpalmeral.com\/en\/\">hotel en la playa de Benidorm<\/a>\n<\/div>\n<div><a href=\"https:\/\/hotelpalmeral.com\/en\/\">www.hotelpalmeral.com<\/a><\/div>\n<div>Telf.: 965 850 176 <\/div>","protected":false},"excerpt":{"rendered":"<p>Como parte de estas jornadas para conocer la naturaleza de nuestra zona, este fin de semana hay un programa dedicado al Paisaje Protegido del Puig Campana y el Ponotx. El primer evento del programa ser\u00e1 el viernes 11 y son unas charlas que se har\u00e1n en la Casa de Cultura de Finestrat. Las charlas comienzan [&hellip;]<\/p>\n","protected":false},"author":1,"featured_media":0,"comment_status":"open","ping_status":"open","sticky":false,"template":"","format":"standard","meta":{"inline_featured_image":false,"footnotes":""},"categories":[27,16,26],"tags":[],"class_list":["post-1597","post","type-post","status-publish","format-standard","hentry","category-actividades-con-ninos-en-benidorm","category-agenda-cultural-y-de-ocio-de-benidorm","category-senderismo-en-benidorm"],"yoast_head":"<!-- This site is optimized with the Yoast SEO plugin v27.5 - https:\/\/yoast.com\/product\/yoast-seo-wordpress\/ -->\r\n<title>Iv Jornadas de Flora de los espacios protegidos de las marinas - Hotel El Palmeral<\/title>\r\n<meta name=\"robots\" content=\"index, follow, max-snippet:-1, max-image-preview:large, max-video-preview:-1\" \/>\r\n<link rel=\"canonical\" href=\"https:\/\/hotelpalmeral.com\/en\/iv-jornadas-de-flora-de-los-espacios-protegidos-de-las-marinas\/\" \/>\r\n<meta property=\"og:locale\" content=\"en_GB\" \/>\r\n<meta property=\"og:type\" content=\"article\" \/>\r\n<meta property=\"og:title\" content=\"Iv Jornadas de Flora de los espacios protegidos de las marinas - Hotel El Palmeral\" \/>\r\n<meta property=\"og:description\" content=\"Como parte de estas jornadas para conocer la naturaleza de nuestra zona, este fin de semana hay un programa dedicado al Paisaje Protegido del Puig Campana y el Ponotx. El primer evento del programa ser\u00e1 el viernes 11 y son unas charlas que se har\u00e1n en la Casa de Cultura de Finestrat. Las charlas comienzan [&hellip;]\" \/>\r\n<meta property=\"og:url\" content=\"https:\/\/hotelpalmeral.com\/en\/iv-jornadas-de-flora-de-los-espacios-protegidos-de-las-marinas\/\" \/>\r\n<meta property=\"og:site_name\" content=\"Hotel El Palmeral\" \/>\r\n<meta property=\"article:publisher\" content=\"https:\/\/www.facebook.com\/HotelPalmeralBenidorm\" \/>\r\n<meta property=\"article:published_time\" content=\"2012-05-10T11:55:00+00:00\" \/>\r\n<meta name=\"author\" content=\"admin_palmeral\" \/>\r\n<meta name=\"twitter:card\" content=\"summary_large_image\" \/>\r\n<meta name=\"twitter:creator\" content=\"@hotelelpalmeral\" \/>\r\n<meta name=\"twitter:site\" content=\"@hotelelpalmeral\" \/>\r\n<meta name=\"twitter:label1\" content=\"Written by\" \/>\n\t<meta name=\"twitter:data1\" content=\"admin_palmeral\" \/>\n\t<meta name=\"twitter:label2\" content=\"Estimated reading time\" \/>\n\t<meta name=\"twitter:data2\" content=\"2 minutes\" \/>\r\n<script type=\"application\/ld+json\" class=\"yoast-schema-graph\">{\"@context\":\"https:\\\/\\\/schema.org\",\"@graph\":[{\"@type\":\"Article\",\"@id\":\"https:\\\/\\\/hotelpalmeral.com\\\/iv-jornadas-de-flora-de-los-espacios-protegidos-de-las-marinas\\\/#article\",\"isPartOf\":{\"@id\":\"https:\\\/\\\/hotelpalmeral.com\\\/iv-jornadas-de-flora-de-los-espacios-protegidos-de-las-marinas\\\/\"},\"author\":{\"name\":\"admin_palmeral\",\"@id\":\"https:\\\/\\\/hotelpalmeral.com\\\/#\\\/schema\\\/person\\\/c8066d1b13fdf1bac6d45a1394738ca6\"},\"headline\":\"Iv Jornadas de Flora de los espacios protegidos de las marinas\",\"datePublished\":\"2012-05-10T11:55:00+00:00\",\"mainEntityOfPage\":{\"@id\":\"https:\\\/\\\/hotelpalmeral.com\\\/iv-jornadas-de-flora-de-los-espacios-protegidos-de-las-marinas\\\/\"},\"wordCount\":330,\"commentCount\":0,\"publisher\":{\"@id\":\"https:\\\/\\\/hotelpalmeral.com\\\/#organization\"},\"articleSection\":[\"actividades con ni\u00f1os en Benidorm\",\"Agenda cultural y de ocio de Benidorm\",\"senderismo en Benidorm\"],\"inLanguage\":\"en-GB\",\"potentialAction\":[{\"@type\":\"CommentAction\",\"name\":\"Comment\",\"target\":[\"https:\\\/\\\/hotelpalmeral.com\\\/iv-jornadas-de-flora-de-los-espacios-protegidos-de-las-marinas\\\/#respond\"]}]},{\"@type\":\"WebPage\",\"@id\":\"https:\\\/\\\/hotelpalmeral.com\\\/iv-jornadas-de-flora-de-los-espacios-protegidos-de-las-marinas\\\/\",\"url\":\"https:\\\/\\\/hotelpalmeral.com\\\/iv-jornadas-de-flora-de-los-espacios-protegidos-de-las-marinas\\\/\",\"name\":\"Iv Jornadas de Flora de los espacios protegidos de las marinas - Hotel El Palmeral\",\"isPartOf\":{\"@id\":\"https:\\\/\\\/hotelpalmeral.com\\\/#website\"},\"datePublished\":\"2012-05-10T11:55:00+00:00\",\"breadcrumb\":{\"@id\":\"https:\\\/\\\/hotelpalmeral.com\\\/iv-jornadas-de-flora-de-los-espacios-protegidos-de-las-marinas\\\/#breadcrumb\"},\"inLanguage\":\"en-GB\",\"potentialAction\":[{\"@type\":\"ReadAction\",\"target\":[\"https:\\\/\\\/hotelpalmeral.com\\\/iv-jornadas-de-flora-de-los-espacios-protegidos-de-las-marinas\\\/\"]}]},{\"@type\":\"BreadcrumbList\",\"@id\":\"https:\\\/\\\/hotelpalmeral.com\\\/iv-jornadas-de-flora-de-los-espacios-protegidos-de-las-marinas\\\/#breadcrumb\",\"itemListElement\":[{\"@type\":\"ListItem\",\"position\":1,\"name\":\"Portada\",\"item\":\"https:\\\/\\\/hotelpalmeral.com\\\/\"},{\"@type\":\"ListItem\",\"position\":2,\"name\":\"Iv Jornadas de Flora de los espacios protegidos de las marinas\"}]},{\"@type\":\"WebSite\",\"@id\":\"https:\\\/\\\/hotelpalmeral.com\\\/#website\",\"url\":\"https:\\\/\\\/hotelpalmeral.com\\\/\",\"name\":\"Hotel El Palmeral\",\"description\":\"Hotel en Benidorm\",\"publisher\":{\"@id\":\"https:\\\/\\\/hotelpalmeral.com\\\/#organization\"},\"potentialAction\":[{\"@type\":\"SearchAction\",\"target\":{\"@type\":\"EntryPoint\",\"urlTemplate\":\"https:\\\/\\\/hotelpalmeral.com\\\/?s={search_term_string}\"},\"query-input\":{\"@type\":\"PropertyValueSpecification\",\"valueRequired\":true,\"valueName\":\"search_term_string\"}}],\"inLanguage\":\"en-GB\"},{\"@type\":\"Organization\",\"@id\":\"https:\\\/\\\/hotelpalmeral.com\\\/#organization\",\"name\":\"Hotel El Palmeral\",\"url\":\"https:\\\/\\\/hotelpalmeral.com\\\/\",\"logo\":{\"@type\":\"ImageObject\",\"inLanguage\":\"en-GB\",\"@id\":\"https:\\\/\\\/hotelpalmeral.com\\\/#\\\/schema\\\/logo\\\/image\\\/\",\"url\":\"https:\\\/\\\/hotelpalmeral.com\\\/wp-content\\\/uploads\\\/2023\\\/03\\\/Logo-footer.png\",\"contentUrl\":\"https:\\\/\\\/hotelpalmeral.com\\\/wp-content\\\/uploads\\\/2023\\\/03\\\/Logo-footer.png\",\"width\":229,\"height\":265,\"caption\":\"Hotel El Palmeral\"},\"image\":{\"@id\":\"https:\\\/\\\/hotelpalmeral.com\\\/#\\\/schema\\\/logo\\\/image\\\/\"},\"sameAs\":[\"https:\\\/\\\/www.facebook.com\\\/HotelPalmeralBenidorm\",\"https:\\\/\\\/x.com\\\/hotelelpalmeral\",\"https:\\\/\\\/www.instagram.com\\\/hotelpalmeralbenidorm\\\/\"]},{\"@type\":\"Person\",\"@id\":\"https:\\\/\\\/hotelpalmeral.com\\\/#\\\/schema\\\/person\\\/c8066d1b13fdf1bac6d45a1394738ca6\",\"name\":\"admin_palmeral\",\"image\":{\"@type\":\"ImageObject\",\"inLanguage\":\"en-GB\",\"@id\":\"https:\\\/\\\/secure.gravatar.com\\\/avatar\\\/6b12524dda5bc713fd067188ac2e02862b3e463150f6095efe68cfd0e19d3b11?s=96&d=mm&r=g\",\"url\":\"https:\\\/\\\/secure.gravatar.com\\\/avatar\\\/6b12524dda5bc713fd067188ac2e02862b3e463150f6095efe68cfd0e19d3b11?s=96&d=mm&r=g\",\"contentUrl\":\"https:\\\/\\\/secure.gravatar.com\\\/avatar\\\/6b12524dda5bc713fd067188ac2e02862b3e463150f6095efe68cfd0e19d3b11?s=96&d=mm&r=g\",\"caption\":\"admin_palmeral\"},\"sameAs\":[\"http:\\\/\\\/hotelpalmeral.com\"],\"url\":\"https:\\\/\\\/hotelpalmeral.com\\\/en\\\/author\\\/admin_palmeral\\\/\"}]}<\/script>\r\n<!-- \/ Yoast SEO plugin. -->","yoast_head_json":{"title":"Iv Jornadas de Flora de los espacios protegidos de las marinas - Hotel El Palmeral","robots":{"index":"index","follow":"follow","max-snippet":"max-snippet:-1","max-image-preview":"max-image-preview:large","max-video-preview":"max-video-preview:-1"},"canonical":"https:\/\/hotelpalmeral.com\/en\/iv-jornadas-de-flora-de-los-espacios-protegidos-de-las-marinas\/","og_locale":"en_GB","og_type":"article","og_title":"Iv Jornadas de Flora de los espacios protegidos de las marinas - Hotel El Palmeral","og_description":"Como parte de estas jornadas para conocer la naturaleza de nuestra zona, este fin de semana hay un programa dedicado al Paisaje Protegido del Puig Campana y el Ponotx. El primer evento del programa ser\u00e1 el viernes 11 y son unas charlas que se har\u00e1n en la Casa de Cultura de Finestrat. Las charlas comienzan [&hellip;]","og_url":"https:\/\/hotelpalmeral.com\/en\/iv-jornadas-de-flora-de-los-espacios-protegidos-de-las-marinas\/","og_site_name":"Hotel El Palmeral","article_publisher":"https:\/\/www.facebook.com\/HotelPalmeralBenidorm","article_published_time":"2012-05-10T11:55:00+00:00","author":"admin_palmeral","twitter_card":"summary_large_image","twitter_creator":"@hotelelpalmeral","twitter_site":"@hotelelpalmeral","twitter_misc":{"Written by":"admin_palmeral","Estimated reading time":"2 minutes"},"schema":{"@context":"https:\/\/schema.org","@graph":[{"@type":"Article","@id":"https:\/\/hotelpalmeral.com\/iv-jornadas-de-flora-de-los-espacios-protegidos-de-las-marinas\/#article","isPartOf":{"@id":"https:\/\/hotelpalmeral.com\/iv-jornadas-de-flora-de-los-espacios-protegidos-de-las-marinas\/"},"author":{"name":"admin_palmeral","@id":"https:\/\/hotelpalmeral.com\/#\/schema\/person\/c8066d1b13fdf1bac6d45a1394738ca6"},"headline":"Iv Jornadas de Flora de los espacios protegidos de las marinas","datePublished":"2012-05-10T11:55:00+00:00","mainEntityOfPage":{"@id":"https:\/\/hotelpalmeral.com\/iv-jornadas-de-flora-de-los-espacios-protegidos-de-las-marinas\/"},"wordCount":330,"commentCount":0,"publisher":{"@id":"https:\/\/hotelpalmeral.com\/#organization"},"articleSection":["actividades con ni\u00f1os en Benidorm","Agenda cultural y de ocio de Benidorm","senderismo en Benidorm"],"inLanguage":"en-GB","potentialAction":[{"@type":"CommentAction","name":"Comment","target":["https:\/\/hotelpalmeral.com\/iv-jornadas-de-flora-de-los-espacios-protegidos-de-las-marinas\/#respond"]}]},{"@type":"WebPage","@id":"https:\/\/hotelpalmeral.com\/iv-jornadas-de-flora-de-los-espacios-protegidos-de-las-marinas\/","url":"https:\/\/hotelpalmeral.com\/iv-jornadas-de-flora-de-los-espacios-protegidos-de-las-marinas\/","name":"Iv Jornadas de Flora de los espacios protegidos de las marinas - Hotel El Palmeral","isPartOf":{"@id":"https:\/\/hotelpalmeral.com\/#website"},"datePublished":"2012-05-10T11:55:00+00:00","breadcrumb":{"@id":"https:\/\/hotelpalmeral.com\/iv-jornadas-de-flora-de-los-espacios-protegidos-de-las-marinas\/#breadcrumb"},"inLanguage":"en-GB","potentialAction":[{"@type":"ReadAction","target":["https:\/\/hotelpalmeral.com\/iv-jornadas-de-flora-de-los-espacios-protegidos-de-las-marinas\/"]}]},{"@type":"BreadcrumbList","@id":"https:\/\/hotelpalmeral.com\/iv-jornadas-de-flora-de-los-espacios-protegidos-de-las-marinas\/#breadcrumb","itemListElement":[{"@type":"ListItem","position":1,"name":"Portada","item":"https:\/\/hotelpalmeral.com\/"},{"@type":"ListItem","position":2,"name":"Iv Jornadas de Flora de los espacios protegidos de las marinas"}]},{"@type":"WebSite","@id":"https:\/\/hotelpalmeral.com\/#website","url":"https:\/\/hotelpalmeral.com\/","name":"Hotel El Palmeral","description":"Hotel en Benidorm","publisher":{"@id":"https:\/\/hotelpalmeral.com\/#organization"},"potentialAction":[{"@type":"SearchAction","target":{"@type":"EntryPoint","urlTemplate":"https:\/\/hotelpalmeral.com\/?s={search_term_string}"},"query-input":{"@type":"PropertyValueSpecification","valueRequired":true,"valueName":"search_term_string"}}],"inLanguage":"en-GB"},{"@type":"Organization","@id":"https:\/\/hotelpalmeral.com\/#organization","name":"Hotel El Palmeral","url":"https:\/\/hotelpalmeral.com\/","logo":{"@type":"ImageObject","inLanguage":"en-GB","@id":"https:\/\/hotelpalmeral.com\/#\/schema\/logo\/image\/","url":"https:\/\/hotelpalmeral.com\/wp-content\/uploads\/2023\/03\/Logo-footer.png","contentUrl":"https:\/\/hotelpalmeral.com\/wp-content\/uploads\/2023\/03\/Logo-footer.png","width":229,"height":265,"caption":"Hotel El Palmeral"},"image":{"@id":"https:\/\/hotelpalmeral.com\/#\/schema\/logo\/image\/"},"sameAs":["https:\/\/www.facebook.com\/HotelPalmeralBenidorm","https:\/\/x.com\/hotelelpalmeral","https:\/\/www.instagram.com\/hotelpalmeralbenidorm\/"]},{"@type":"Person","@id":"https:\/\/hotelpalmeral.com\/#\/schema\/person\/c8066d1b13fdf1bac6d45a1394738ca6","name":"admin_palmeral","image":{"@type":"ImageObject","inLanguage":"en-GB","@id":"https:\/\/secure.gravatar.com\/avatar\/6b12524dda5bc713fd067188ac2e02862b3e463150f6095efe68cfd0e19d3b11?s=96&d=mm&r=g","url":"https:\/\/secure.gravatar.com\/avatar\/6b12524dda5bc713fd067188ac2e02862b3e463150f6095efe68cfd0e19d3b11?s=96&d=mm&r=g","contentUrl":"https:\/\/secure.gravatar.com\/avatar\/6b12524dda5bc713fd067188ac2e02862b3e463150f6095efe68cfd0e19d3b11?s=96&d=mm&r=g","caption":"admin_palmeral"},"sameAs":["http:\/\/hotelpalmeral.com"],"url":"https:\/\/hotelpalmeral.com\/en\/author\/admin_palmeral\/"}]}},"_links":{"self":[{"href":"https:\/\/hotelpalmeral.com\/en\/wp-json\/wp\/v2\/posts\/1597","targetHints":{"allow":["GET"]}}],"collection":[{"href":"https:\/\/hotelpalmeral.com\/en\/wp-json\/wp\/v2\/posts"}],"about":[{"href":"https:\/\/hotelpalmeral.com\/en\/wp-json\/wp\/v2\/types\/post"}],"author":[{"embeddable":true,"href":"https:\/\/hotelpalmeral.com\/en\/wp-json\/wp\/v2\/users\/1"}],"replies":[{"embeddable":true,"href":"https:\/\/hotelpalmeral.com\/en\/wp-json\/wp\/v2\/comments?post=1597"}],"version-history":[{"count":0,"href":"https:\/\/hotelpalmeral.com\/en\/wp-json\/wp\/v2\/posts\/1597\/revisions"}],"wp:attachment":[{"href":"https:\/\/hotelpalmeral.com\/en\/wp-json\/wp\/v2\/media?parent=1597"}],"wp:term":[{"taxonomy":"category","embeddable":true,"href":"https:\/\/hotelpalmeral.com\/en\/wp-json\/wp\/v2\/categories?post=1597"},{"taxonomy":"post_tag","embeddable":true,"href":"https:\/\/hotelpalmeral.com\/en\/wp-json\/wp\/v2\/tags?post=1597"}],"curies":[{"name":"wp","href":"https:\/\/api.w.org\/{rel}","templated":true}]}}