{"id":1462,"date":"2011-08-25T11:05:00","date_gmt":"2011-08-25T11:05:00","guid":{"rendered":"http:\/\/blog.hotelpalmeral.com\/?p=554"},"modified":"2011-08-25T11:05:00","modified_gmt":"2011-08-25T11:05:00","slug":"tiempo-en-benidorm-hoy-jueves-25-de-agosto","status":"publish","type":"post","link":"https:\/\/hotelpalmeral.com\/en\/tiempo-en-benidorm-hoy-jueves-25-de-agosto\/","title":{"rendered":"Tiempo en Benidorm hoy jueves 25 de agosto"},"content":{"rendered":"<p>Qu\u00e9 tiempo hace hoy, 25 de agosto jueves, en Benidorm?<br \/>Pues un d\u00eda clauroso pero agradable al lado del mar.<br \/>Un d\u00eda m\u00e1s el termoemtro pasar\u00e1 los 30\u00baC.<br \/>El sol pegando muy fuerte.<br \/>La playa est\u00e1 fant\u00e1stica con brisa y bandera verde.<br \/>Os pasamos una foto de la playa Poniente de Benidorm tomada hoy a las 12:30h.<br \/>Un saludo<\/p>\n<p>Hotel El Palmeral, <a href=\"https:\/\/hotelpalmeral.com\/en\/\">Hotel Benidorm<\/a><br \/><a href=\"https:\/\/hotelpalmeral.com\/en\/\">www.hotelpalmeral.com<\/a><br \/>Telf.: 965 850 176<\/p>\n<div><a href=\"http:\/\/1.bp.blogspot.com\/-CCb4epUt62Y\/TlYsO1_iUfI\/AAAAAAAAA-A\/wSnBD-I_t9A\/s1600\/playa+benidorm.jpg\" imageanchor=\"1\"><img loading=\"lazy\" decoding=\"async\" border=\"0\" height=\"240\" src=\"http:\/\/1.bp.blogspot.com\/-CCb4epUt62Y\/TlYsO1_iUfI\/AAAAAAAAA-A\/wSnBD-I_t9A\/s320\/playa+benidorm.jpg\" width=\"320\"><\/a><\/div>\n<p><\/p>","protected":false},"excerpt":{"rendered":"<p>Qu\u00e9 tiempo hace hoy, 25 de agosto jueves, en Benidorm?Pues un d\u00eda clauroso pero agradable al lado del mar.Un d\u00eda m\u00e1s el termoemtro pasar\u00e1 los 30\u00baC.El sol pegando muy fuerte.La playa est\u00e1 fant\u00e1stica con brisa y bandera verde.Os pasamos una foto de la playa Poniente de Benidorm tomada hoy a las 12:30h.Un saludo Hotel El [&hellip;]<\/p>\n","protected":false},"author":1,"featured_media":0,"comment_status":"open","ping_status":"open","sticky":false,"template":"","format":"standard","meta":{"inline_featured_image":false,"footnotes":""},"categories":[29],"tags":[],"class_list":["post-1462","post","type-post","status-publish","format-standard","hentry","category-tiempo-en-benidorm"],"yoast_head":"<!-- This site is optimized with the Yoast SEO plugin v27.4 - https:\/\/yoast.com\/product\/yoast-seo-wordpress\/ -->\r\n<title>Tiempo en Benidorm hoy jueves 25 de agosto - Hotel El Palmeral<\/title>\r\n<meta name=\"robots\" content=\"index, follow, max-snippet:-1, max-image-preview:large, max-video-preview:-1\" \/>\r\n<link rel=\"canonical\" href=\"http:\/\/hotelpalmeral.com\/en\/tiempo-en-benidorm-hoy-jueves-25-de-agosto\/\" \/>\r\n<meta property=\"og:locale\" content=\"en_GB\" \/>\r\n<meta property=\"og:type\" content=\"article\" \/>\r\n<meta property=\"og:title\" content=\"Tiempo en Benidorm hoy jueves 25 de agosto - Hotel El Palmeral\" \/>\r\n<meta property=\"og:description\" content=\"Qu\u00e9 tiempo hace hoy, 25 de agosto jueves, en Benidorm?Pues un d\u00eda clauroso pero agradable al lado del mar.Un d\u00eda m\u00e1s el termoemtro pasar\u00e1 los 30\u00baC.El sol pegando muy fuerte.La playa est\u00e1 fant\u00e1stica con brisa y bandera verde.Os pasamos una foto de la playa Poniente de Benidorm tomada hoy a las 12:30h.Un saludo Hotel El [&hellip;]\" \/>\r\n<meta property=\"og:url\" content=\"http:\/\/hotelpalmeral.com\/en\/tiempo-en-benidorm-hoy-jueves-25-de-agosto\/\" \/>\r\n<meta property=\"og:site_name\" content=\"Hotel El Palmeral\" \/>\r\n<meta property=\"article:publisher\" content=\"https:\/\/www.facebook.com\/HotelPalmeralBenidorm\" \/>\r\n<meta property=\"article:published_time\" content=\"2011-08-25T11:05:00+00:00\" \/>\r\n<meta property=\"og:image\" content=\"http:\/\/1.bp.blogspot.com\/-CCb4epUt62Y\/TlYsO1_iUfI\/AAAAAAAAA-A\/wSnBD-I_t9A\/s320\/playa+benidorm.jpg\" \/>\r\n<meta name=\"author\" content=\"admin_palmeral\" \/>\r\n<meta name=\"twitter:card\" content=\"summary_large_image\" \/>\r\n<meta name=\"twitter:creator\" content=\"@hotelelpalmeral\" \/>\r\n<meta name=\"twitter:site\" content=\"@hotelelpalmeral\" \/>\r\n<meta name=\"twitter:label1\" content=\"Written by\" \/>\n\t<meta name=\"twitter:data1\" content=\"admin_palmeral\" \/>\r\n<script type=\"application\/ld+json\" class=\"yoast-schema-graph\">{\"@context\":\"https:\\\/\\\/schema.org\",\"@graph\":[{\"@type\":\"Article\",\"@id\":\"http:\\\/\\\/hotelpalmeral.com\\\/fr\\\/tiempo-en-benidorm-hoy-jueves-25-de-agosto\\\/#article\",\"isPartOf\":{\"@id\":\"http:\\\/\\\/hotelpalmeral.com\\\/fr\\\/tiempo-en-benidorm-hoy-jueves-25-de-agosto\\\/\"},\"author\":{\"name\":\"admin_palmeral\",\"@id\":\"https:\\\/\\\/hotelpalmeral.com\\\/#\\\/schema\\\/person\\\/c8066d1b13fdf1bac6d45a1394738ca6\"},\"headline\":\"Tiempo en Benidorm hoy jueves 25 de agosto\",\"datePublished\":\"2011-08-25T11:05:00+00:00\",\"mainEntityOfPage\":{\"@id\":\"http:\\\/\\\/hotelpalmeral.com\\\/fr\\\/tiempo-en-benidorm-hoy-jueves-25-de-agosto\\\/\"},\"wordCount\":78,\"commentCount\":0,\"publisher\":{\"@id\":\"https:\\\/\\\/hotelpalmeral.com\\\/#organization\"},\"image\":{\"@id\":\"http:\\\/\\\/hotelpalmeral.com\\\/fr\\\/tiempo-en-benidorm-hoy-jueves-25-de-agosto\\\/#primaryimage\"},\"thumbnailUrl\":\"http:\\\/\\\/1.bp.blogspot.com\\\/-CCb4epUt62Y\\\/TlYsO1_iUfI\\\/AAAAAAAAA-A\\\/wSnBD-I_t9A\\\/s320\\\/playa+benidorm.jpg\",\"articleSection\":[\"Tiempo en Benidorm\"],\"inLanguage\":\"en-GB\",\"potentialAction\":[{\"@type\":\"CommentAction\",\"name\":\"Comment\",\"target\":[\"http:\\\/\\\/hotelpalmeral.com\\\/fr\\\/tiempo-en-benidorm-hoy-jueves-25-de-agosto\\\/#respond\"]}]},{\"@type\":\"WebPage\",\"@id\":\"http:\\\/\\\/hotelpalmeral.com\\\/fr\\\/tiempo-en-benidorm-hoy-jueves-25-de-agosto\\\/\",\"url\":\"http:\\\/\\\/hotelpalmeral.com\\\/fr\\\/tiempo-en-benidorm-hoy-jueves-25-de-agosto\\\/\",\"name\":\"Tiempo en Benidorm hoy jueves 25 de agosto - Hotel El Palmeral\",\"isPartOf\":{\"@id\":\"https:\\\/\\\/hotelpalmeral.com\\\/#website\"},\"primaryImageOfPage\":{\"@id\":\"http:\\\/\\\/hotelpalmeral.com\\\/fr\\\/tiempo-en-benidorm-hoy-jueves-25-de-agosto\\\/#primaryimage\"},\"image\":{\"@id\":\"http:\\\/\\\/hotelpalmeral.com\\\/fr\\\/tiempo-en-benidorm-hoy-jueves-25-de-agosto\\\/#primaryimage\"},\"thumbnailUrl\":\"http:\\\/\\\/1.bp.blogspot.com\\\/-CCb4epUt62Y\\\/TlYsO1_iUfI\\\/AAAAAAAAA-A\\\/wSnBD-I_t9A\\\/s320\\\/playa+benidorm.jpg\",\"datePublished\":\"2011-08-25T11:05:00+00:00\",\"breadcrumb\":{\"@id\":\"http:\\\/\\\/hotelpalmeral.com\\\/fr\\\/tiempo-en-benidorm-hoy-jueves-25-de-agosto\\\/#breadcrumb\"},\"inLanguage\":\"en-GB\",\"potentialAction\":[{\"@type\":\"ReadAction\",\"target\":[\"http:\\\/\\\/hotelpalmeral.com\\\/fr\\\/tiempo-en-benidorm-hoy-jueves-25-de-agosto\\\/\"]}]},{\"@type\":\"ImageObject\",\"inLanguage\":\"en-GB\",\"@id\":\"http:\\\/\\\/hotelpalmeral.com\\\/fr\\\/tiempo-en-benidorm-hoy-jueves-25-de-agosto\\\/#primaryimage\",\"url\":\"http:\\\/\\\/1.bp.blogspot.com\\\/-CCb4epUt62Y\\\/TlYsO1_iUfI\\\/AAAAAAAAA-A\\\/wSnBD-I_t9A\\\/s320\\\/playa+benidorm.jpg\",\"contentUrl\":\"http:\\\/\\\/1.bp.blogspot.com\\\/-CCb4epUt62Y\\\/TlYsO1_iUfI\\\/AAAAAAAAA-A\\\/wSnBD-I_t9A\\\/s320\\\/playa+benidorm.jpg\"},{\"@type\":\"BreadcrumbList\",\"@id\":\"http:\\\/\\\/hotelpalmeral.com\\\/fr\\\/tiempo-en-benidorm-hoy-jueves-25-de-agosto\\\/#breadcrumb\",\"itemListElement\":[{\"@type\":\"ListItem\",\"position\":1,\"name\":\"Portada\",\"item\":\"https:\\\/\\\/hotelpalmeral.com\\\/\"},{\"@type\":\"ListItem\",\"position\":2,\"name\":\"Tiempo en Benidorm hoy jueves 25 de agosto\"}]},{\"@type\":\"WebSite\",\"@id\":\"https:\\\/\\\/hotelpalmeral.com\\\/#website\",\"url\":\"https:\\\/\\\/hotelpalmeral.com\\\/\",\"name\":\"Hotel El Palmeral\",\"description\":\"Hotel en Benidorm\",\"publisher\":{\"@id\":\"https:\\\/\\\/hotelpalmeral.com\\\/#organization\"},\"potentialAction\":[{\"@type\":\"SearchAction\",\"target\":{\"@type\":\"EntryPoint\",\"urlTemplate\":\"https:\\\/\\\/hotelpalmeral.com\\\/?s={search_term_string}\"},\"query-input\":{\"@type\":\"PropertyValueSpecification\",\"valueRequired\":true,\"valueName\":\"search_term_string\"}}],\"inLanguage\":\"en-GB\"},{\"@type\":\"Organization\",\"@id\":\"https:\\\/\\\/hotelpalmeral.com\\\/#organization\",\"name\":\"Hotel El Palmeral\",\"url\":\"https:\\\/\\\/hotelpalmeral.com\\\/\",\"logo\":{\"@type\":\"ImageObject\",\"inLanguage\":\"en-GB\",\"@id\":\"https:\\\/\\\/hotelpalmeral.com\\\/#\\\/schema\\\/logo\\\/image\\\/\",\"url\":\"https:\\\/\\\/hotelpalmeral.com\\\/wp-content\\\/uploads\\\/2023\\\/03\\\/Logo-footer.png\",\"contentUrl\":\"https:\\\/\\\/hotelpalmeral.com\\\/wp-content\\\/uploads\\\/2023\\\/03\\\/Logo-footer.png\",\"width\":229,\"height\":265,\"caption\":\"Hotel El Palmeral\"},\"image\":{\"@id\":\"https:\\\/\\\/hotelpalmeral.com\\\/#\\\/schema\\\/logo\\\/image\\\/\"},\"sameAs\":[\"https:\\\/\\\/www.facebook.com\\\/HotelPalmeralBenidorm\",\"https:\\\/\\\/x.com\\\/hotelelpalmeral\",\"https:\\\/\\\/www.instagram.com\\\/hotelpalmeralbenidorm\\\/\"]},{\"@type\":\"Person\",\"@id\":\"https:\\\/\\\/hotelpalmeral.com\\\/#\\\/schema\\\/person\\\/c8066d1b13fdf1bac6d45a1394738ca6\",\"name\":\"admin_palmeral\",\"image\":{\"@type\":\"ImageObject\",\"inLanguage\":\"en-GB\",\"@id\":\"https:\\\/\\\/secure.gravatar.com\\\/avatar\\\/6b12524dda5bc713fd067188ac2e02862b3e463150f6095efe68cfd0e19d3b11?s=96&d=mm&r=g\",\"url\":\"https:\\\/\\\/secure.gravatar.com\\\/avatar\\\/6b12524dda5bc713fd067188ac2e02862b3e463150f6095efe68cfd0e19d3b11?s=96&d=mm&r=g\",\"contentUrl\":\"https:\\\/\\\/secure.gravatar.com\\\/avatar\\\/6b12524dda5bc713fd067188ac2e02862b3e463150f6095efe68cfd0e19d3b11?s=96&d=mm&r=g\",\"caption\":\"admin_palmeral\"},\"sameAs\":[\"http:\\\/\\\/hotelpalmeral.com\"],\"url\":\"https:\\\/\\\/hotelpalmeral.com\\\/en\\\/author\\\/admin_palmeral\\\/\"}]}<\/script>\r\n<!-- \/ Yoast SEO plugin. -->","yoast_head_json":{"title":"Tiempo en Benidorm hoy jueves 25 de agosto - Hotel El Palmeral","robots":{"index":"index","follow":"follow","max-snippet":"max-snippet:-1","max-image-preview":"max-image-preview:large","max-video-preview":"max-video-preview:-1"},"canonical":"http:\/\/hotelpalmeral.com\/en\/tiempo-en-benidorm-hoy-jueves-25-de-agosto\/","og_locale":"en_GB","og_type":"article","og_title":"Tiempo en Benidorm hoy jueves 25 de agosto - Hotel El Palmeral","og_description":"Qu\u00e9 tiempo hace hoy, 25 de agosto jueves, en Benidorm?Pues un d\u00eda clauroso pero agradable al lado del mar.Un d\u00eda m\u00e1s el termoemtro pasar\u00e1 los 30\u00baC.El sol pegando muy fuerte.La playa est\u00e1 fant\u00e1stica con brisa y bandera verde.Os pasamos una foto de la playa Poniente de Benidorm tomada hoy a las 12:30h.Un saludo Hotel El [&hellip;]","og_url":"http:\/\/hotelpalmeral.com\/en\/tiempo-en-benidorm-hoy-jueves-25-de-agosto\/","og_site_name":"Hotel El Palmeral","article_publisher":"https:\/\/www.facebook.com\/HotelPalmeralBenidorm","article_published_time":"2011-08-25T11:05:00+00:00","og_image":[{"url":"http:\/\/1.bp.blogspot.com\/-CCb4epUt62Y\/TlYsO1_iUfI\/AAAAAAAAA-A\/wSnBD-I_t9A\/s320\/playa+benidorm.jpg","type":"","width":"","height":""}],"author":"admin_palmeral","twitter_card":"summary_large_image","twitter_creator":"@hotelelpalmeral","twitter_site":"@hotelelpalmeral","twitter_misc":{"Written by":"admin_palmeral"},"schema":{"@context":"https:\/\/schema.org","@graph":[{"@type":"Article","@id":"http:\/\/hotelpalmeral.com\/fr\/tiempo-en-benidorm-hoy-jueves-25-de-agosto\/#article","isPartOf":{"@id":"http:\/\/hotelpalmeral.com\/fr\/tiempo-en-benidorm-hoy-jueves-25-de-agosto\/"},"author":{"name":"admin_palmeral","@id":"https:\/\/hotelpalmeral.com\/#\/schema\/person\/c8066d1b13fdf1bac6d45a1394738ca6"},"headline":"Tiempo en Benidorm hoy jueves 25 de agosto","datePublished":"2011-08-25T11:05:00+00:00","mainEntityOfPage":{"@id":"http:\/\/hotelpalmeral.com\/fr\/tiempo-en-benidorm-hoy-jueves-25-de-agosto\/"},"wordCount":78,"commentCount":0,"publisher":{"@id":"https:\/\/hotelpalmeral.com\/#organization"},"image":{"@id":"http:\/\/hotelpalmeral.com\/fr\/tiempo-en-benidorm-hoy-jueves-25-de-agosto\/#primaryimage"},"thumbnailUrl":"http:\/\/1.bp.blogspot.com\/-CCb4epUt62Y\/TlYsO1_iUfI\/AAAAAAAAA-A\/wSnBD-I_t9A\/s320\/playa+benidorm.jpg","articleSection":["Tiempo en Benidorm"],"inLanguage":"en-GB","potentialAction":[{"@type":"CommentAction","name":"Comment","target":["http:\/\/hotelpalmeral.com\/fr\/tiempo-en-benidorm-hoy-jueves-25-de-agosto\/#respond"]}]},{"@type":"WebPage","@id":"http:\/\/hotelpalmeral.com\/fr\/tiempo-en-benidorm-hoy-jueves-25-de-agosto\/","url":"http:\/\/hotelpalmeral.com\/fr\/tiempo-en-benidorm-hoy-jueves-25-de-agosto\/","name":"Tiempo en Benidorm hoy jueves 25 de agosto - Hotel El Palmeral","isPartOf":{"@id":"https:\/\/hotelpalmeral.com\/#website"},"primaryImageOfPage":{"@id":"http:\/\/hotelpalmeral.com\/fr\/tiempo-en-benidorm-hoy-jueves-25-de-agosto\/#primaryimage"},"image":{"@id":"http:\/\/hotelpalmeral.com\/fr\/tiempo-en-benidorm-hoy-jueves-25-de-agosto\/#primaryimage"},"thumbnailUrl":"http:\/\/1.bp.blogspot.com\/-CCb4epUt62Y\/TlYsO1_iUfI\/AAAAAAAAA-A\/wSnBD-I_t9A\/s320\/playa+benidorm.jpg","datePublished":"2011-08-25T11:05:00+00:00","breadcrumb":{"@id":"http:\/\/hotelpalmeral.com\/fr\/tiempo-en-benidorm-hoy-jueves-25-de-agosto\/#breadcrumb"},"inLanguage":"en-GB","potentialAction":[{"@type":"ReadAction","target":["http:\/\/hotelpalmeral.com\/fr\/tiempo-en-benidorm-hoy-jueves-25-de-agosto\/"]}]},{"@type":"ImageObject","inLanguage":"en-GB","@id":"http:\/\/hotelpalmeral.com\/fr\/tiempo-en-benidorm-hoy-jueves-25-de-agosto\/#primaryimage","url":"http:\/\/1.bp.blogspot.com\/-CCb4epUt62Y\/TlYsO1_iUfI\/AAAAAAAAA-A\/wSnBD-I_t9A\/s320\/playa+benidorm.jpg","contentUrl":"http:\/\/1.bp.blogspot.com\/-CCb4epUt62Y\/TlYsO1_iUfI\/AAAAAAAAA-A\/wSnBD-I_t9A\/s320\/playa+benidorm.jpg"},{"@type":"BreadcrumbList","@id":"http:\/\/hotelpalmeral.com\/fr\/tiempo-en-benidorm-hoy-jueves-25-de-agosto\/#breadcrumb","itemListElement":[{"@type":"ListItem","position":1,"name":"Portada","item":"https:\/\/hotelpalmeral.com\/"},{"@type":"ListItem","position":2,"name":"Tiempo en Benidorm hoy jueves 25 de agosto"}]},{"@type":"WebSite","@id":"https:\/\/hotelpalmeral.com\/#website","url":"https:\/\/hotelpalmeral.com\/","name":"Hotel El Palmeral","description":"Hotel en Benidorm","publisher":{"@id":"https:\/\/hotelpalmeral.com\/#organization"},"potentialAction":[{"@type":"SearchAction","target":{"@type":"EntryPoint","urlTemplate":"https:\/\/hotelpalmeral.com\/?s={search_term_string}"},"query-input":{"@type":"PropertyValueSpecification","valueRequired":true,"valueName":"search_term_string"}}],"inLanguage":"en-GB"},{"@type":"Organization","@id":"https:\/\/hotelpalmeral.com\/#organization","name":"Hotel El Palmeral","url":"https:\/\/hotelpalmeral.com\/","logo":{"@type":"ImageObject","inLanguage":"en-GB","@id":"https:\/\/hotelpalmeral.com\/#\/schema\/logo\/image\/","url":"https:\/\/hotelpalmeral.com\/wp-content\/uploads\/2023\/03\/Logo-footer.png","contentUrl":"https:\/\/hotelpalmeral.com\/wp-content\/uploads\/2023\/03\/Logo-footer.png","width":229,"height":265,"caption":"Hotel El Palmeral"},"image":{"@id":"https:\/\/hotelpalmeral.com\/#\/schema\/logo\/image\/"},"sameAs":["https:\/\/www.facebook.com\/HotelPalmeralBenidorm","https:\/\/x.com\/hotelelpalmeral","https:\/\/www.instagram.com\/hotelpalmeralbenidorm\/"]},{"@type":"Person","@id":"https:\/\/hotelpalmeral.com\/#\/schema\/person\/c8066d1b13fdf1bac6d45a1394738ca6","name":"admin_palmeral","image":{"@type":"ImageObject","inLanguage":"en-GB","@id":"https:\/\/secure.gravatar.com\/avatar\/6b12524dda5bc713fd067188ac2e02862b3e463150f6095efe68cfd0e19d3b11?s=96&d=mm&r=g","url":"https:\/\/secure.gravatar.com\/avatar\/6b12524dda5bc713fd067188ac2e02862b3e463150f6095efe68cfd0e19d3b11?s=96&d=mm&r=g","contentUrl":"https:\/\/secure.gravatar.com\/avatar\/6b12524dda5bc713fd067188ac2e02862b3e463150f6095efe68cfd0e19d3b11?s=96&d=mm&r=g","caption":"admin_palmeral"},"sameAs":["http:\/\/hotelpalmeral.com"],"url":"https:\/\/hotelpalmeral.com\/en\/author\/admin_palmeral\/"}]}},"_links":{"self":[{"href":"https:\/\/hotelpalmeral.com\/en\/wp-json\/wp\/v2\/posts\/1462","targetHints":{"allow":["GET"]}}],"collection":[{"href":"https:\/\/hotelpalmeral.com\/en\/wp-json\/wp\/v2\/posts"}],"about":[{"href":"https:\/\/hotelpalmeral.com\/en\/wp-json\/wp\/v2\/types\/post"}],"author":[{"embeddable":true,"href":"https:\/\/hotelpalmeral.com\/en\/wp-json\/wp\/v2\/users\/1"}],"replies":[{"embeddable":true,"href":"https:\/\/hotelpalmeral.com\/en\/wp-json\/wp\/v2\/comments?post=1462"}],"version-history":[{"count":0,"href":"https:\/\/hotelpalmeral.com\/en\/wp-json\/wp\/v2\/posts\/1462\/revisions"}],"wp:attachment":[{"href":"https:\/\/hotelpalmeral.com\/en\/wp-json\/wp\/v2\/media?parent=1462"}],"wp:term":[{"taxonomy":"category","embeddable":true,"href":"https:\/\/hotelpalmeral.com\/en\/wp-json\/wp\/v2\/categories?post=1462"},{"taxonomy":"post_tag","embeddable":true,"href":"https:\/\/hotelpalmeral.com\/en\/wp-json\/wp\/v2\/tags?post=1462"}],"curies":[{"name":"wp","href":"https:\/\/api.w.org\/{rel}","templated":true}]}}