{"id":1409,"date":"2011-07-12T13:55:00","date_gmt":"2011-07-12T13:55:00","guid":{"rendered":"http:\/\/blog.hotelpalmeral.com\/?p=614"},"modified":"2011-07-12T13:55:00","modified_gmt":"2011-07-12T13:55:00","slug":"tiempo-en-benidorm-hoy-martes-12-de-julio","status":"publish","type":"post","link":"https:\/\/hotelpalmeral.com\/en\/tiempo-en-benidorm-hoy-martes-12-de-julio\/","title":{"rendered":"Tiempo en Benidorm hoy martes 12 de julio"},"content":{"rendered":"<p>Buenos d\u00edas a todos desde Benidorm.<br \/>Os contamos el tiempo en Benidorm y en directo.<br \/>Hoy hace calor. Unos 30\u00baC m\u00e1s o menos como todos los d\u00edas anteriores.<br \/>Sin embargo, hoy el sol brilla por su ausencia.<br \/>Est\u00e1 el d\u00eda nublado. Corre una ligera brisa.<br \/>Un buen d\u00eda para aquellos que pasen mucho calor en la playa.<br \/>Os pasamos una foto de la playa de Benidorm tomada a las 12h para que ve\u00e1is las nubes que tenemos.<br \/>a\u00fan as\u00ed , dudo mucho que llueva.<br \/>Un saludo<\/p>\n<p>Hotel El Palmeral, <a href=\"https:\/\/hotelpalmeral.com\/en\/\">Hotel Benidorm<\/a><br \/><a href=\"https:\/\/hotelpalmeral.com\/en\/\">www.hotelpalmeral.com<\/a><br \/>Telf.: 96 585 01 76<\/p>\n<p><\/p>\n<div><a href=\"http:\/\/4.bp.blogspot.com\/-rvc80foTu20\/ThxR6_1homI\/AAAAAAAAA6w\/pcxSkEQDB9o\/s1600\/12072011.jpg\" imageanchor=\"1\"><img loading=\"lazy\" decoding=\"async\" border=\"0\" height=\"640\" src=\"http:\/\/4.bp.blogspot.com\/-rvc80foTu20\/ThxR6_1homI\/AAAAAAAAA6w\/pcxSkEQDB9o\/s640\/12072011.jpg\" width=\"480\"><\/a><\/div>","protected":false},"excerpt":{"rendered":"<p>Buenos d\u00edas a todos desde Benidorm.Os contamos el tiempo en Benidorm y en directo.Hoy hace calor. Unos 30\u00baC m\u00e1s o menos como todos los d\u00edas anteriores.Sin embargo, hoy el sol brilla por su ausencia.Est\u00e1 el d\u00eda nublado. Corre una ligera brisa.Un buen d\u00eda para aquellos que pasen mucho calor en la playa.Os pasamos una foto [&hellip;]<\/p>\n","protected":false},"author":1,"featured_media":0,"comment_status":"open","ping_status":"open","sticky":false,"template":"","format":"standard","meta":{"inline_featured_image":false,"footnotes":""},"categories":[29],"tags":[],"class_list":["post-1409","post","type-post","status-publish","format-standard","hentry","category-tiempo-en-benidorm"],"yoast_head":"<!-- This site is optimized with the Yoast SEO plugin v27.4 - https:\/\/yoast.com\/product\/yoast-seo-wordpress\/ -->\r\n<title>Tiempo en Benidorm hoy martes 12 de julio - Hotel El Palmeral<\/title>\r\n<meta name=\"robots\" content=\"index, follow, max-snippet:-1, max-image-preview:large, max-video-preview:-1\" \/>\r\n<link rel=\"canonical\" href=\"https:\/\/hotelpalmeral.com\/en\/tiempo-en-benidorm-hoy-martes-12-de-julio\/\" \/>\r\n<meta property=\"og:locale\" content=\"en_GB\" \/>\r\n<meta property=\"og:type\" content=\"article\" \/>\r\n<meta property=\"og:title\" content=\"Tiempo en Benidorm hoy martes 12 de julio - Hotel El Palmeral\" \/>\r\n<meta property=\"og:description\" content=\"Buenos d\u00edas a todos desde Benidorm.Os contamos el tiempo en Benidorm y en directo.Hoy hace calor. Unos 30\u00baC m\u00e1s o menos como todos los d\u00edas anteriores.Sin embargo, hoy el sol brilla por su ausencia.Est\u00e1 el d\u00eda nublado. Corre una ligera brisa.Un buen d\u00eda para aquellos que pasen mucho calor en la playa.Os pasamos una foto [&hellip;]\" \/>\r\n<meta property=\"og:url\" content=\"https:\/\/hotelpalmeral.com\/en\/tiempo-en-benidorm-hoy-martes-12-de-julio\/\" \/>\r\n<meta property=\"og:site_name\" content=\"Hotel El Palmeral\" \/>\r\n<meta property=\"article:publisher\" content=\"https:\/\/www.facebook.com\/HotelPalmeralBenidorm\" \/>\r\n<meta property=\"article:published_time\" content=\"2011-07-12T13:55:00+00:00\" \/>\r\n<meta property=\"og:image\" content=\"http:\/\/4.bp.blogspot.com\/-rvc80foTu20\/ThxR6_1homI\/AAAAAAAAA6w\/pcxSkEQDB9o\/s640\/12072011.jpg\" \/>\r\n<meta name=\"author\" content=\"admin_palmeral\" \/>\r\n<meta name=\"twitter:card\" content=\"summary_large_image\" \/>\r\n<meta name=\"twitter:creator\" content=\"@hotelelpalmeral\" \/>\r\n<meta name=\"twitter:site\" content=\"@hotelelpalmeral\" \/>\r\n<meta name=\"twitter:label1\" content=\"Written by\" \/>\n\t<meta name=\"twitter:data1\" content=\"admin_palmeral\" \/>\r\n<script type=\"application\/ld+json\" class=\"yoast-schema-graph\">{\"@context\":\"https:\\\/\\\/schema.org\",\"@graph\":[{\"@type\":\"Article\",\"@id\":\"https:\\\/\\\/hotelpalmeral.com\\\/tiempo-en-benidorm-hoy-martes-12-de-julio\\\/#article\",\"isPartOf\":{\"@id\":\"https:\\\/\\\/hotelpalmeral.com\\\/tiempo-en-benidorm-hoy-martes-12-de-julio\\\/\"},\"author\":{\"name\":\"admin_palmeral\",\"@id\":\"https:\\\/\\\/hotelpalmeral.com\\\/#\\\/schema\\\/person\\\/c8066d1b13fdf1bac6d45a1394738ca6\"},\"headline\":\"Tiempo en Benidorm hoy martes 12 de julio\",\"datePublished\":\"2011-07-12T13:55:00+00:00\",\"mainEntityOfPage\":{\"@id\":\"https:\\\/\\\/hotelpalmeral.com\\\/tiempo-en-benidorm-hoy-martes-12-de-julio\\\/\"},\"wordCount\":108,\"commentCount\":0,\"publisher\":{\"@id\":\"https:\\\/\\\/hotelpalmeral.com\\\/#organization\"},\"image\":{\"@id\":\"https:\\\/\\\/hotelpalmeral.com\\\/tiempo-en-benidorm-hoy-martes-12-de-julio\\\/#primaryimage\"},\"thumbnailUrl\":\"http:\\\/\\\/4.bp.blogspot.com\\\/-rvc80foTu20\\\/ThxR6_1homI\\\/AAAAAAAAA6w\\\/pcxSkEQDB9o\\\/s640\\\/12072011.jpg\",\"articleSection\":[\"Tiempo en Benidorm\"],\"inLanguage\":\"en-GB\",\"potentialAction\":[{\"@type\":\"CommentAction\",\"name\":\"Comment\",\"target\":[\"https:\\\/\\\/hotelpalmeral.com\\\/tiempo-en-benidorm-hoy-martes-12-de-julio\\\/#respond\"]}]},{\"@type\":\"WebPage\",\"@id\":\"https:\\\/\\\/hotelpalmeral.com\\\/tiempo-en-benidorm-hoy-martes-12-de-julio\\\/\",\"url\":\"https:\\\/\\\/hotelpalmeral.com\\\/tiempo-en-benidorm-hoy-martes-12-de-julio\\\/\",\"name\":\"Tiempo en Benidorm hoy martes 12 de julio - Hotel El Palmeral\",\"isPartOf\":{\"@id\":\"https:\\\/\\\/hotelpalmeral.com\\\/#website\"},\"primaryImageOfPage\":{\"@id\":\"https:\\\/\\\/hotelpalmeral.com\\\/tiempo-en-benidorm-hoy-martes-12-de-julio\\\/#primaryimage\"},\"image\":{\"@id\":\"https:\\\/\\\/hotelpalmeral.com\\\/tiempo-en-benidorm-hoy-martes-12-de-julio\\\/#primaryimage\"},\"thumbnailUrl\":\"http:\\\/\\\/4.bp.blogspot.com\\\/-rvc80foTu20\\\/ThxR6_1homI\\\/AAAAAAAAA6w\\\/pcxSkEQDB9o\\\/s640\\\/12072011.jpg\",\"datePublished\":\"2011-07-12T13:55:00+00:00\",\"breadcrumb\":{\"@id\":\"https:\\\/\\\/hotelpalmeral.com\\\/tiempo-en-benidorm-hoy-martes-12-de-julio\\\/#breadcrumb\"},\"inLanguage\":\"en-GB\",\"potentialAction\":[{\"@type\":\"ReadAction\",\"target\":[\"https:\\\/\\\/hotelpalmeral.com\\\/tiempo-en-benidorm-hoy-martes-12-de-julio\\\/\"]}]},{\"@type\":\"ImageObject\",\"inLanguage\":\"en-GB\",\"@id\":\"https:\\\/\\\/hotelpalmeral.com\\\/tiempo-en-benidorm-hoy-martes-12-de-julio\\\/#primaryimage\",\"url\":\"http:\\\/\\\/4.bp.blogspot.com\\\/-rvc80foTu20\\\/ThxR6_1homI\\\/AAAAAAAAA6w\\\/pcxSkEQDB9o\\\/s640\\\/12072011.jpg\",\"contentUrl\":\"http:\\\/\\\/4.bp.blogspot.com\\\/-rvc80foTu20\\\/ThxR6_1homI\\\/AAAAAAAAA6w\\\/pcxSkEQDB9o\\\/s640\\\/12072011.jpg\"},{\"@type\":\"BreadcrumbList\",\"@id\":\"https:\\\/\\\/hotelpalmeral.com\\\/tiempo-en-benidorm-hoy-martes-12-de-julio\\\/#breadcrumb\",\"itemListElement\":[{\"@type\":\"ListItem\",\"position\":1,\"name\":\"Portada\",\"item\":\"https:\\\/\\\/hotelpalmeral.com\\\/\"},{\"@type\":\"ListItem\",\"position\":2,\"name\":\"Tiempo en Benidorm hoy martes 12 de julio\"}]},{\"@type\":\"WebSite\",\"@id\":\"https:\\\/\\\/hotelpalmeral.com\\\/#website\",\"url\":\"https:\\\/\\\/hotelpalmeral.com\\\/\",\"name\":\"Hotel El Palmeral\",\"description\":\"Hotel en Benidorm\",\"publisher\":{\"@id\":\"https:\\\/\\\/hotelpalmeral.com\\\/#organization\"},\"potentialAction\":[{\"@type\":\"SearchAction\",\"target\":{\"@type\":\"EntryPoint\",\"urlTemplate\":\"https:\\\/\\\/hotelpalmeral.com\\\/?s={search_term_string}\"},\"query-input\":{\"@type\":\"PropertyValueSpecification\",\"valueRequired\":true,\"valueName\":\"search_term_string\"}}],\"inLanguage\":\"en-GB\"},{\"@type\":\"Organization\",\"@id\":\"https:\\\/\\\/hotelpalmeral.com\\\/#organization\",\"name\":\"Hotel El Palmeral\",\"url\":\"https:\\\/\\\/hotelpalmeral.com\\\/\",\"logo\":{\"@type\":\"ImageObject\",\"inLanguage\":\"en-GB\",\"@id\":\"https:\\\/\\\/hotelpalmeral.com\\\/#\\\/schema\\\/logo\\\/image\\\/\",\"url\":\"https:\\\/\\\/hotelpalmeral.com\\\/wp-content\\\/uploads\\\/2023\\\/03\\\/Logo-footer.png\",\"contentUrl\":\"https:\\\/\\\/hotelpalmeral.com\\\/wp-content\\\/uploads\\\/2023\\\/03\\\/Logo-footer.png\",\"width\":229,\"height\":265,\"caption\":\"Hotel El Palmeral\"},\"image\":{\"@id\":\"https:\\\/\\\/hotelpalmeral.com\\\/#\\\/schema\\\/logo\\\/image\\\/\"},\"sameAs\":[\"https:\\\/\\\/www.facebook.com\\\/HotelPalmeralBenidorm\",\"https:\\\/\\\/x.com\\\/hotelelpalmeral\",\"https:\\\/\\\/www.instagram.com\\\/hotelpalmeralbenidorm\\\/\"]},{\"@type\":\"Person\",\"@id\":\"https:\\\/\\\/hotelpalmeral.com\\\/#\\\/schema\\\/person\\\/c8066d1b13fdf1bac6d45a1394738ca6\",\"name\":\"admin_palmeral\",\"image\":{\"@type\":\"ImageObject\",\"inLanguage\":\"en-GB\",\"@id\":\"https:\\\/\\\/secure.gravatar.com\\\/avatar\\\/6b12524dda5bc713fd067188ac2e02862b3e463150f6095efe68cfd0e19d3b11?s=96&d=mm&r=g\",\"url\":\"https:\\\/\\\/secure.gravatar.com\\\/avatar\\\/6b12524dda5bc713fd067188ac2e02862b3e463150f6095efe68cfd0e19d3b11?s=96&d=mm&r=g\",\"contentUrl\":\"https:\\\/\\\/secure.gravatar.com\\\/avatar\\\/6b12524dda5bc713fd067188ac2e02862b3e463150f6095efe68cfd0e19d3b11?s=96&d=mm&r=g\",\"caption\":\"admin_palmeral\"},\"sameAs\":[\"http:\\\/\\\/hotelpalmeral.com\"],\"url\":\"https:\\\/\\\/hotelpalmeral.com\\\/en\\\/author\\\/admin_palmeral\\\/\"}]}<\/script>\r\n<!-- \/ Yoast SEO plugin. -->","yoast_head_json":{"title":"Tiempo en Benidorm hoy martes 12 de julio - Hotel El Palmeral","robots":{"index":"index","follow":"follow","max-snippet":"max-snippet:-1","max-image-preview":"max-image-preview:large","max-video-preview":"max-video-preview:-1"},"canonical":"https:\/\/hotelpalmeral.com\/en\/tiempo-en-benidorm-hoy-martes-12-de-julio\/","og_locale":"en_GB","og_type":"article","og_title":"Tiempo en Benidorm hoy martes 12 de julio - Hotel El Palmeral","og_description":"Buenos d\u00edas a todos desde Benidorm.Os contamos el tiempo en Benidorm y en directo.Hoy hace calor. Unos 30\u00baC m\u00e1s o menos como todos los d\u00edas anteriores.Sin embargo, hoy el sol brilla por su ausencia.Est\u00e1 el d\u00eda nublado. Corre una ligera brisa.Un buen d\u00eda para aquellos que pasen mucho calor en la playa.Os pasamos una foto [&hellip;]","og_url":"https:\/\/hotelpalmeral.com\/en\/tiempo-en-benidorm-hoy-martes-12-de-julio\/","og_site_name":"Hotel El Palmeral","article_publisher":"https:\/\/www.facebook.com\/HotelPalmeralBenidorm","article_published_time":"2011-07-12T13:55:00+00:00","og_image":[{"url":"http:\/\/4.bp.blogspot.com\/-rvc80foTu20\/ThxR6_1homI\/AAAAAAAAA6w\/pcxSkEQDB9o\/s640\/12072011.jpg","type":"","width":"","height":""}],"author":"admin_palmeral","twitter_card":"summary_large_image","twitter_creator":"@hotelelpalmeral","twitter_site":"@hotelelpalmeral","twitter_misc":{"Written by":"admin_palmeral"},"schema":{"@context":"https:\/\/schema.org","@graph":[{"@type":"Article","@id":"https:\/\/hotelpalmeral.com\/tiempo-en-benidorm-hoy-martes-12-de-julio\/#article","isPartOf":{"@id":"https:\/\/hotelpalmeral.com\/tiempo-en-benidorm-hoy-martes-12-de-julio\/"},"author":{"name":"admin_palmeral","@id":"https:\/\/hotelpalmeral.com\/#\/schema\/person\/c8066d1b13fdf1bac6d45a1394738ca6"},"headline":"Tiempo en Benidorm hoy martes 12 de julio","datePublished":"2011-07-12T13:55:00+00:00","mainEntityOfPage":{"@id":"https:\/\/hotelpalmeral.com\/tiempo-en-benidorm-hoy-martes-12-de-julio\/"},"wordCount":108,"commentCount":0,"publisher":{"@id":"https:\/\/hotelpalmeral.com\/#organization"},"image":{"@id":"https:\/\/hotelpalmeral.com\/tiempo-en-benidorm-hoy-martes-12-de-julio\/#primaryimage"},"thumbnailUrl":"http:\/\/4.bp.blogspot.com\/-rvc80foTu20\/ThxR6_1homI\/AAAAAAAAA6w\/pcxSkEQDB9o\/s640\/12072011.jpg","articleSection":["Tiempo en Benidorm"],"inLanguage":"en-GB","potentialAction":[{"@type":"CommentAction","name":"Comment","target":["https:\/\/hotelpalmeral.com\/tiempo-en-benidorm-hoy-martes-12-de-julio\/#respond"]}]},{"@type":"WebPage","@id":"https:\/\/hotelpalmeral.com\/tiempo-en-benidorm-hoy-martes-12-de-julio\/","url":"https:\/\/hotelpalmeral.com\/tiempo-en-benidorm-hoy-martes-12-de-julio\/","name":"Tiempo en Benidorm hoy martes 12 de julio - Hotel El Palmeral","isPartOf":{"@id":"https:\/\/hotelpalmeral.com\/#website"},"primaryImageOfPage":{"@id":"https:\/\/hotelpalmeral.com\/tiempo-en-benidorm-hoy-martes-12-de-julio\/#primaryimage"},"image":{"@id":"https:\/\/hotelpalmeral.com\/tiempo-en-benidorm-hoy-martes-12-de-julio\/#primaryimage"},"thumbnailUrl":"http:\/\/4.bp.blogspot.com\/-rvc80foTu20\/ThxR6_1homI\/AAAAAAAAA6w\/pcxSkEQDB9o\/s640\/12072011.jpg","datePublished":"2011-07-12T13:55:00+00:00","breadcrumb":{"@id":"https:\/\/hotelpalmeral.com\/tiempo-en-benidorm-hoy-martes-12-de-julio\/#breadcrumb"},"inLanguage":"en-GB","potentialAction":[{"@type":"ReadAction","target":["https:\/\/hotelpalmeral.com\/tiempo-en-benidorm-hoy-martes-12-de-julio\/"]}]},{"@type":"ImageObject","inLanguage":"en-GB","@id":"https:\/\/hotelpalmeral.com\/tiempo-en-benidorm-hoy-martes-12-de-julio\/#primaryimage","url":"http:\/\/4.bp.blogspot.com\/-rvc80foTu20\/ThxR6_1homI\/AAAAAAAAA6w\/pcxSkEQDB9o\/s640\/12072011.jpg","contentUrl":"http:\/\/4.bp.blogspot.com\/-rvc80foTu20\/ThxR6_1homI\/AAAAAAAAA6w\/pcxSkEQDB9o\/s640\/12072011.jpg"},{"@type":"BreadcrumbList","@id":"https:\/\/hotelpalmeral.com\/tiempo-en-benidorm-hoy-martes-12-de-julio\/#breadcrumb","itemListElement":[{"@type":"ListItem","position":1,"name":"Portada","item":"https:\/\/hotelpalmeral.com\/"},{"@type":"ListItem","position":2,"name":"Tiempo en Benidorm hoy martes 12 de julio"}]},{"@type":"WebSite","@id":"https:\/\/hotelpalmeral.com\/#website","url":"https:\/\/hotelpalmeral.com\/","name":"Hotel El Palmeral","description":"Hotel en Benidorm","publisher":{"@id":"https:\/\/hotelpalmeral.com\/#organization"},"potentialAction":[{"@type":"SearchAction","target":{"@type":"EntryPoint","urlTemplate":"https:\/\/hotelpalmeral.com\/?s={search_term_string}"},"query-input":{"@type":"PropertyValueSpecification","valueRequired":true,"valueName":"search_term_string"}}],"inLanguage":"en-GB"},{"@type":"Organization","@id":"https:\/\/hotelpalmeral.com\/#organization","name":"Hotel El Palmeral","url":"https:\/\/hotelpalmeral.com\/","logo":{"@type":"ImageObject","inLanguage":"en-GB","@id":"https:\/\/hotelpalmeral.com\/#\/schema\/logo\/image\/","url":"https:\/\/hotelpalmeral.com\/wp-content\/uploads\/2023\/03\/Logo-footer.png","contentUrl":"https:\/\/hotelpalmeral.com\/wp-content\/uploads\/2023\/03\/Logo-footer.png","width":229,"height":265,"caption":"Hotel El Palmeral"},"image":{"@id":"https:\/\/hotelpalmeral.com\/#\/schema\/logo\/image\/"},"sameAs":["https:\/\/www.facebook.com\/HotelPalmeralBenidorm","https:\/\/x.com\/hotelelpalmeral","https:\/\/www.instagram.com\/hotelpalmeralbenidorm\/"]},{"@type":"Person","@id":"https:\/\/hotelpalmeral.com\/#\/schema\/person\/c8066d1b13fdf1bac6d45a1394738ca6","name":"admin_palmeral","image":{"@type":"ImageObject","inLanguage":"en-GB","@id":"https:\/\/secure.gravatar.com\/avatar\/6b12524dda5bc713fd067188ac2e02862b3e463150f6095efe68cfd0e19d3b11?s=96&d=mm&r=g","url":"https:\/\/secure.gravatar.com\/avatar\/6b12524dda5bc713fd067188ac2e02862b3e463150f6095efe68cfd0e19d3b11?s=96&d=mm&r=g","contentUrl":"https:\/\/secure.gravatar.com\/avatar\/6b12524dda5bc713fd067188ac2e02862b3e463150f6095efe68cfd0e19d3b11?s=96&d=mm&r=g","caption":"admin_palmeral"},"sameAs":["http:\/\/hotelpalmeral.com"],"url":"https:\/\/hotelpalmeral.com\/en\/author\/admin_palmeral\/"}]}},"_links":{"self":[{"href":"https:\/\/hotelpalmeral.com\/en\/wp-json\/wp\/v2\/posts\/1409","targetHints":{"allow":["GET"]}}],"collection":[{"href":"https:\/\/hotelpalmeral.com\/en\/wp-json\/wp\/v2\/posts"}],"about":[{"href":"https:\/\/hotelpalmeral.com\/en\/wp-json\/wp\/v2\/types\/post"}],"author":[{"embeddable":true,"href":"https:\/\/hotelpalmeral.com\/en\/wp-json\/wp\/v2\/users\/1"}],"replies":[{"embeddable":true,"href":"https:\/\/hotelpalmeral.com\/en\/wp-json\/wp\/v2\/comments?post=1409"}],"version-history":[{"count":0,"href":"https:\/\/hotelpalmeral.com\/en\/wp-json\/wp\/v2\/posts\/1409\/revisions"}],"wp:attachment":[{"href":"https:\/\/hotelpalmeral.com\/en\/wp-json\/wp\/v2\/media?parent=1409"}],"wp:term":[{"taxonomy":"category","embeddable":true,"href":"https:\/\/hotelpalmeral.com\/en\/wp-json\/wp\/v2\/categories?post=1409"},{"taxonomy":"post_tag","embeddable":true,"href":"https:\/\/hotelpalmeral.com\/en\/wp-json\/wp\/v2\/tags?post=1409"}],"curies":[{"name":"wp","href":"https:\/\/api.w.org\/{rel}","templated":true}]}}