{"id":1219,"date":"2011-02-05T13:22:00","date_gmt":"2011-02-05T13:22:00","guid":{"rendered":"http:\/\/blog.hotelpalmeral.com\/?p=801"},"modified":"2011-02-05T13:22:00","modified_gmt":"2011-02-05T13:22:00","slug":"san-valentin-en-benidorm","status":"publish","type":"post","link":"https:\/\/hotelpalmeral.com\/en\/san-valentin-en-benidorm\/","title":{"rendered":"San Valent\u00edn en Benidorm"},"content":{"rendered":"<p>Nos hemos enterado de una cena de San valent\u00edn que puede resultar interesante si est\u00e1is en Benidorm durante esas fechas.<br \/>Las Comisi\u00f3n de fiestas patronales organiza una cena de San valent\u00edn el d\u00eda 12 de febrero para recaudar fondos para las Fiestas Mayores.<br \/>La cena tendr\u00e1 lugar en el hotel Marina, a las 21:30h\u00a0el d\u00eda 12 de febrero, por un precio de 35 euros que incluye: cena, una consumici\u00f3n y entrada a la discoteca del hotel.<br \/>Las entradas se pueden comprar directamente a los mayorales o en el Casal Fester (C\/la Biga). Os pasamos el tel\u00e9fono del casal fester para aquellos que veng\u00e1is de <a href=\"https:\/\/hotelpalmeral.com\/en\/\">vacaciones a Benidorm<\/a> y quer\u00e1is comprar las entradas anticipadamente Telf. 966815428.<\/p>\n<p>Os pasamos un plano para que pod\u00e1is ver d\u00f3nde se celebrar\u00e1 la cena.<br \/>Un saludo<br \/>Hotel el Palmeral, <a href=\"https:\/\/hotelpalmeral.com\/en\/\">Hotel La Cala Benidorm<\/a><\/p>\n<div><a href=\"http:\/\/1.bp.blogspot.com\/_uAb74coQKdg\/TU1PDMbEj2I\/AAAAAAAAAxQ\/Xzv-hvF_tVw\/s1600\/san+valentin+benidorm.bmp\" imageanchor=\"1\"><img loading=\"lazy\" decoding=\"async\" border=\"0\" h5=\"true\" height=\"322\" src=\"http:\/\/1.bp.blogspot.com\/_uAb74coQKdg\/TU1PDMbEj2I\/AAAAAAAAAxQ\/Xzv-hvF_tVw\/s640\/san+valentin+benidorm.bmp\" width=\"640\"><\/a><\/div>","protected":false},"excerpt":{"rendered":"<p>Nos hemos enterado de una cena de San valent\u00edn que puede resultar interesante si est\u00e1is en Benidorm durante esas fechas.Las Comisi\u00f3n de fiestas patronales organiza una cena de San valent\u00edn el d\u00eda 12 de febrero para recaudar fondos para las Fiestas Mayores.La cena tendr\u00e1 lugar en el hotel Marina, a las 21:30h\u00a0el d\u00eda 12 de [&hellip;]<\/p>\n","protected":false},"author":1,"featured_media":0,"comment_status":"open","ping_status":"open","sticky":false,"template":"","format":"standard","meta":{"inline_featured_image":false,"footnotes":""},"categories":[16],"tags":[],"class_list":["post-1219","post","type-post","status-publish","format-standard","hentry","category-agenda-cultural-y-de-ocio-de-benidorm"],"yoast_head":"<!-- This site is optimized with the Yoast SEO plugin v27.5 - https:\/\/yoast.com\/product\/yoast-seo-wordpress\/ -->\r\n<title>San Valent\u00edn en Benidorm - Hotel El Palmeral<\/title>\r\n<meta name=\"robots\" content=\"index, follow, max-snippet:-1, max-image-preview:large, max-video-preview:-1\" \/>\r\n<link rel=\"canonical\" href=\"https:\/\/hotelpalmeral.com\/en\/san-valentin-en-benidorm\/\" \/>\r\n<meta property=\"og:locale\" content=\"en_GB\" \/>\r\n<meta property=\"og:type\" content=\"article\" \/>\r\n<meta property=\"og:title\" content=\"San Valent\u00edn en Benidorm - Hotel El Palmeral\" \/>\r\n<meta property=\"og:description\" content=\"Nos hemos enterado de una cena de San valent\u00edn que puede resultar interesante si est\u00e1is en Benidorm durante esas fechas.Las Comisi\u00f3n de fiestas patronales organiza una cena de San valent\u00edn el d\u00eda 12 de febrero para recaudar fondos para las Fiestas Mayores.La cena tendr\u00e1 lugar en el hotel Marina, a las 21:30h\u00a0el d\u00eda 12 de [&hellip;]\" \/>\r\n<meta property=\"og:url\" content=\"https:\/\/hotelpalmeral.com\/en\/san-valentin-en-benidorm\/\" \/>\r\n<meta property=\"og:site_name\" content=\"Hotel El Palmeral\" \/>\r\n<meta property=\"article:publisher\" content=\"https:\/\/www.facebook.com\/HotelPalmeralBenidorm\" \/>\r\n<meta property=\"article:published_time\" content=\"2011-02-05T13:22:00+00:00\" \/>\r\n<meta property=\"og:image\" content=\"http:\/\/1.bp.blogspot.com\/_uAb74coQKdg\/TU1PDMbEj2I\/AAAAAAAAAxQ\/Xzv-hvF_tVw\/s640\/san+valentin+benidorm.bmp\" \/>\r\n<meta name=\"author\" content=\"admin_palmeral\" \/>\r\n<meta name=\"twitter:card\" content=\"summary_large_image\" \/>\r\n<meta name=\"twitter:creator\" content=\"@hotelelpalmeral\" \/>\r\n<meta name=\"twitter:site\" content=\"@hotelelpalmeral\" \/>\r\n<meta name=\"twitter:label1\" content=\"Written by\" \/>\n\t<meta name=\"twitter:data1\" content=\"admin_palmeral\" \/>\n\t<meta name=\"twitter:label2\" content=\"Estimated reading time\" \/>\n\t<meta name=\"twitter:data2\" content=\"1 minute\" \/>\r\n<script type=\"application\/ld+json\" class=\"yoast-schema-graph\">{\"@context\":\"https:\\\/\\\/schema.org\",\"@graph\":[{\"@type\":\"Article\",\"@id\":\"https:\\\/\\\/hotelpalmeral.com\\\/san-valentin-en-benidorm\\\/#article\",\"isPartOf\":{\"@id\":\"https:\\\/\\\/hotelpalmeral.com\\\/san-valentin-en-benidorm\\\/\"},\"author\":{\"name\":\"admin_palmeral\",\"@id\":\"https:\\\/\\\/hotelpalmeral.com\\\/#\\\/schema\\\/person\\\/c8066d1b13fdf1bac6d45a1394738ca6\"},\"headline\":\"San Valent\u00edn en Benidorm\",\"datePublished\":\"2011-02-05T13:22:00+00:00\",\"mainEntityOfPage\":{\"@id\":\"https:\\\/\\\/hotelpalmeral.com\\\/san-valentin-en-benidorm\\\/\"},\"wordCount\":151,\"commentCount\":0,\"publisher\":{\"@id\":\"https:\\\/\\\/hotelpalmeral.com\\\/#organization\"},\"image\":{\"@id\":\"https:\\\/\\\/hotelpalmeral.com\\\/san-valentin-en-benidorm\\\/#primaryimage\"},\"thumbnailUrl\":\"http:\\\/\\\/1.bp.blogspot.com\\\/_uAb74coQKdg\\\/TU1PDMbEj2I\\\/AAAAAAAAAxQ\\\/Xzv-hvF_tVw\\\/s640\\\/san+valentin+benidorm.bmp\",\"articleSection\":[\"Agenda cultural y de ocio de Benidorm\"],\"inLanguage\":\"en-GB\",\"potentialAction\":[{\"@type\":\"CommentAction\",\"name\":\"Comment\",\"target\":[\"https:\\\/\\\/hotelpalmeral.com\\\/san-valentin-en-benidorm\\\/#respond\"]}]},{\"@type\":\"WebPage\",\"@id\":\"https:\\\/\\\/hotelpalmeral.com\\\/san-valentin-en-benidorm\\\/\",\"url\":\"https:\\\/\\\/hotelpalmeral.com\\\/san-valentin-en-benidorm\\\/\",\"name\":\"San Valent\u00edn en Benidorm - Hotel El Palmeral\",\"isPartOf\":{\"@id\":\"https:\\\/\\\/hotelpalmeral.com\\\/#website\"},\"primaryImageOfPage\":{\"@id\":\"https:\\\/\\\/hotelpalmeral.com\\\/san-valentin-en-benidorm\\\/#primaryimage\"},\"image\":{\"@id\":\"https:\\\/\\\/hotelpalmeral.com\\\/san-valentin-en-benidorm\\\/#primaryimage\"},\"thumbnailUrl\":\"http:\\\/\\\/1.bp.blogspot.com\\\/_uAb74coQKdg\\\/TU1PDMbEj2I\\\/AAAAAAAAAxQ\\\/Xzv-hvF_tVw\\\/s640\\\/san+valentin+benidorm.bmp\",\"datePublished\":\"2011-02-05T13:22:00+00:00\",\"breadcrumb\":{\"@id\":\"https:\\\/\\\/hotelpalmeral.com\\\/san-valentin-en-benidorm\\\/#breadcrumb\"},\"inLanguage\":\"en-GB\",\"potentialAction\":[{\"@type\":\"ReadAction\",\"target\":[\"https:\\\/\\\/hotelpalmeral.com\\\/san-valentin-en-benidorm\\\/\"]}]},{\"@type\":\"ImageObject\",\"inLanguage\":\"en-GB\",\"@id\":\"https:\\\/\\\/hotelpalmeral.com\\\/san-valentin-en-benidorm\\\/#primaryimage\",\"url\":\"http:\\\/\\\/1.bp.blogspot.com\\\/_uAb74coQKdg\\\/TU1PDMbEj2I\\\/AAAAAAAAAxQ\\\/Xzv-hvF_tVw\\\/s640\\\/san+valentin+benidorm.bmp\",\"contentUrl\":\"http:\\\/\\\/1.bp.blogspot.com\\\/_uAb74coQKdg\\\/TU1PDMbEj2I\\\/AAAAAAAAAxQ\\\/Xzv-hvF_tVw\\\/s640\\\/san+valentin+benidorm.bmp\"},{\"@type\":\"BreadcrumbList\",\"@id\":\"https:\\\/\\\/hotelpalmeral.com\\\/san-valentin-en-benidorm\\\/#breadcrumb\",\"itemListElement\":[{\"@type\":\"ListItem\",\"position\":1,\"name\":\"Portada\",\"item\":\"https:\\\/\\\/hotelpalmeral.com\\\/\"},{\"@type\":\"ListItem\",\"position\":2,\"name\":\"San Valent\u00edn en Benidorm\"}]},{\"@type\":\"WebSite\",\"@id\":\"https:\\\/\\\/hotelpalmeral.com\\\/#website\",\"url\":\"https:\\\/\\\/hotelpalmeral.com\\\/\",\"name\":\"Hotel El Palmeral\",\"description\":\"Hotel en Benidorm\",\"publisher\":{\"@id\":\"https:\\\/\\\/hotelpalmeral.com\\\/#organization\"},\"potentialAction\":[{\"@type\":\"SearchAction\",\"target\":{\"@type\":\"EntryPoint\",\"urlTemplate\":\"https:\\\/\\\/hotelpalmeral.com\\\/?s={search_term_string}\"},\"query-input\":{\"@type\":\"PropertyValueSpecification\",\"valueRequired\":true,\"valueName\":\"search_term_string\"}}],\"inLanguage\":\"en-GB\"},{\"@type\":\"Organization\",\"@id\":\"https:\\\/\\\/hotelpalmeral.com\\\/#organization\",\"name\":\"Hotel El Palmeral\",\"url\":\"https:\\\/\\\/hotelpalmeral.com\\\/\",\"logo\":{\"@type\":\"ImageObject\",\"inLanguage\":\"en-GB\",\"@id\":\"https:\\\/\\\/hotelpalmeral.com\\\/#\\\/schema\\\/logo\\\/image\\\/\",\"url\":\"https:\\\/\\\/hotelpalmeral.com\\\/wp-content\\\/uploads\\\/2023\\\/03\\\/Logo-footer.png\",\"contentUrl\":\"https:\\\/\\\/hotelpalmeral.com\\\/wp-content\\\/uploads\\\/2023\\\/03\\\/Logo-footer.png\",\"width\":229,\"height\":265,\"caption\":\"Hotel El Palmeral\"},\"image\":{\"@id\":\"https:\\\/\\\/hotelpalmeral.com\\\/#\\\/schema\\\/logo\\\/image\\\/\"},\"sameAs\":[\"https:\\\/\\\/www.facebook.com\\\/HotelPalmeralBenidorm\",\"https:\\\/\\\/x.com\\\/hotelelpalmeral\",\"https:\\\/\\\/www.instagram.com\\\/hotelpalmeralbenidorm\\\/\"]},{\"@type\":\"Person\",\"@id\":\"https:\\\/\\\/hotelpalmeral.com\\\/#\\\/schema\\\/person\\\/c8066d1b13fdf1bac6d45a1394738ca6\",\"name\":\"admin_palmeral\",\"image\":{\"@type\":\"ImageObject\",\"inLanguage\":\"en-GB\",\"@id\":\"https:\\\/\\\/secure.gravatar.com\\\/avatar\\\/6b12524dda5bc713fd067188ac2e02862b3e463150f6095efe68cfd0e19d3b11?s=96&d=mm&r=g\",\"url\":\"https:\\\/\\\/secure.gravatar.com\\\/avatar\\\/6b12524dda5bc713fd067188ac2e02862b3e463150f6095efe68cfd0e19d3b11?s=96&d=mm&r=g\",\"contentUrl\":\"https:\\\/\\\/secure.gravatar.com\\\/avatar\\\/6b12524dda5bc713fd067188ac2e02862b3e463150f6095efe68cfd0e19d3b11?s=96&d=mm&r=g\",\"caption\":\"admin_palmeral\"},\"sameAs\":[\"http:\\\/\\\/hotelpalmeral.com\"],\"url\":\"https:\\\/\\\/hotelpalmeral.com\\\/en\\\/author\\\/admin_palmeral\\\/\"}]}<\/script>\r\n<!-- \/ Yoast SEO plugin. -->","yoast_head_json":{"title":"San Valent\u00edn en Benidorm - Hotel El Palmeral","robots":{"index":"index","follow":"follow","max-snippet":"max-snippet:-1","max-image-preview":"max-image-preview:large","max-video-preview":"max-video-preview:-1"},"canonical":"https:\/\/hotelpalmeral.com\/en\/san-valentin-en-benidorm\/","og_locale":"en_GB","og_type":"article","og_title":"San Valent\u00edn en Benidorm - Hotel El Palmeral","og_description":"Nos hemos enterado de una cena de San valent\u00edn que puede resultar interesante si est\u00e1is en Benidorm durante esas fechas.Las Comisi\u00f3n de fiestas patronales organiza una cena de San valent\u00edn el d\u00eda 12 de febrero para recaudar fondos para las Fiestas Mayores.La cena tendr\u00e1 lugar en el hotel Marina, a las 21:30h\u00a0el d\u00eda 12 de [&hellip;]","og_url":"https:\/\/hotelpalmeral.com\/en\/san-valentin-en-benidorm\/","og_site_name":"Hotel El Palmeral","article_publisher":"https:\/\/www.facebook.com\/HotelPalmeralBenidorm","article_published_time":"2011-02-05T13:22:00+00:00","og_image":[{"url":"http:\/\/1.bp.blogspot.com\/_uAb74coQKdg\/TU1PDMbEj2I\/AAAAAAAAAxQ\/Xzv-hvF_tVw\/s640\/san+valentin+benidorm.bmp","type":"","width":"","height":""}],"author":"admin_palmeral","twitter_card":"summary_large_image","twitter_creator":"@hotelelpalmeral","twitter_site":"@hotelelpalmeral","twitter_misc":{"Written by":"admin_palmeral","Estimated reading time":"1 minute"},"schema":{"@context":"https:\/\/schema.org","@graph":[{"@type":"Article","@id":"https:\/\/hotelpalmeral.com\/san-valentin-en-benidorm\/#article","isPartOf":{"@id":"https:\/\/hotelpalmeral.com\/san-valentin-en-benidorm\/"},"author":{"name":"admin_palmeral","@id":"https:\/\/hotelpalmeral.com\/#\/schema\/person\/c8066d1b13fdf1bac6d45a1394738ca6"},"headline":"San Valent\u00edn en Benidorm","datePublished":"2011-02-05T13:22:00+00:00","mainEntityOfPage":{"@id":"https:\/\/hotelpalmeral.com\/san-valentin-en-benidorm\/"},"wordCount":151,"commentCount":0,"publisher":{"@id":"https:\/\/hotelpalmeral.com\/#organization"},"image":{"@id":"https:\/\/hotelpalmeral.com\/san-valentin-en-benidorm\/#primaryimage"},"thumbnailUrl":"http:\/\/1.bp.blogspot.com\/_uAb74coQKdg\/TU1PDMbEj2I\/AAAAAAAAAxQ\/Xzv-hvF_tVw\/s640\/san+valentin+benidorm.bmp","articleSection":["Agenda cultural y de ocio de Benidorm"],"inLanguage":"en-GB","potentialAction":[{"@type":"CommentAction","name":"Comment","target":["https:\/\/hotelpalmeral.com\/san-valentin-en-benidorm\/#respond"]}]},{"@type":"WebPage","@id":"https:\/\/hotelpalmeral.com\/san-valentin-en-benidorm\/","url":"https:\/\/hotelpalmeral.com\/san-valentin-en-benidorm\/","name":"San Valent\u00edn en Benidorm - Hotel El Palmeral","isPartOf":{"@id":"https:\/\/hotelpalmeral.com\/#website"},"primaryImageOfPage":{"@id":"https:\/\/hotelpalmeral.com\/san-valentin-en-benidorm\/#primaryimage"},"image":{"@id":"https:\/\/hotelpalmeral.com\/san-valentin-en-benidorm\/#primaryimage"},"thumbnailUrl":"http:\/\/1.bp.blogspot.com\/_uAb74coQKdg\/TU1PDMbEj2I\/AAAAAAAAAxQ\/Xzv-hvF_tVw\/s640\/san+valentin+benidorm.bmp","datePublished":"2011-02-05T13:22:00+00:00","breadcrumb":{"@id":"https:\/\/hotelpalmeral.com\/san-valentin-en-benidorm\/#breadcrumb"},"inLanguage":"en-GB","potentialAction":[{"@type":"ReadAction","target":["https:\/\/hotelpalmeral.com\/san-valentin-en-benidorm\/"]}]},{"@type":"ImageObject","inLanguage":"en-GB","@id":"https:\/\/hotelpalmeral.com\/san-valentin-en-benidorm\/#primaryimage","url":"http:\/\/1.bp.blogspot.com\/_uAb74coQKdg\/TU1PDMbEj2I\/AAAAAAAAAxQ\/Xzv-hvF_tVw\/s640\/san+valentin+benidorm.bmp","contentUrl":"http:\/\/1.bp.blogspot.com\/_uAb74coQKdg\/TU1PDMbEj2I\/AAAAAAAAAxQ\/Xzv-hvF_tVw\/s640\/san+valentin+benidorm.bmp"},{"@type":"BreadcrumbList","@id":"https:\/\/hotelpalmeral.com\/san-valentin-en-benidorm\/#breadcrumb","itemListElement":[{"@type":"ListItem","position":1,"name":"Portada","item":"https:\/\/hotelpalmeral.com\/"},{"@type":"ListItem","position":2,"name":"San Valent\u00edn en Benidorm"}]},{"@type":"WebSite","@id":"https:\/\/hotelpalmeral.com\/#website","url":"https:\/\/hotelpalmeral.com\/","name":"Hotel El Palmeral","description":"Hotel en Benidorm","publisher":{"@id":"https:\/\/hotelpalmeral.com\/#organization"},"potentialAction":[{"@type":"SearchAction","target":{"@type":"EntryPoint","urlTemplate":"https:\/\/hotelpalmeral.com\/?s={search_term_string}"},"query-input":{"@type":"PropertyValueSpecification","valueRequired":true,"valueName":"search_term_string"}}],"inLanguage":"en-GB"},{"@type":"Organization","@id":"https:\/\/hotelpalmeral.com\/#organization","name":"Hotel El Palmeral","url":"https:\/\/hotelpalmeral.com\/","logo":{"@type":"ImageObject","inLanguage":"en-GB","@id":"https:\/\/hotelpalmeral.com\/#\/schema\/logo\/image\/","url":"https:\/\/hotelpalmeral.com\/wp-content\/uploads\/2023\/03\/Logo-footer.png","contentUrl":"https:\/\/hotelpalmeral.com\/wp-content\/uploads\/2023\/03\/Logo-footer.png","width":229,"height":265,"caption":"Hotel El Palmeral"},"image":{"@id":"https:\/\/hotelpalmeral.com\/#\/schema\/logo\/image\/"},"sameAs":["https:\/\/www.facebook.com\/HotelPalmeralBenidorm","https:\/\/x.com\/hotelelpalmeral","https:\/\/www.instagram.com\/hotelpalmeralbenidorm\/"]},{"@type":"Person","@id":"https:\/\/hotelpalmeral.com\/#\/schema\/person\/c8066d1b13fdf1bac6d45a1394738ca6","name":"admin_palmeral","image":{"@type":"ImageObject","inLanguage":"en-GB","@id":"https:\/\/secure.gravatar.com\/avatar\/6b12524dda5bc713fd067188ac2e02862b3e463150f6095efe68cfd0e19d3b11?s=96&d=mm&r=g","url":"https:\/\/secure.gravatar.com\/avatar\/6b12524dda5bc713fd067188ac2e02862b3e463150f6095efe68cfd0e19d3b11?s=96&d=mm&r=g","contentUrl":"https:\/\/secure.gravatar.com\/avatar\/6b12524dda5bc713fd067188ac2e02862b3e463150f6095efe68cfd0e19d3b11?s=96&d=mm&r=g","caption":"admin_palmeral"},"sameAs":["http:\/\/hotelpalmeral.com"],"url":"https:\/\/hotelpalmeral.com\/en\/author\/admin_palmeral\/"}]}},"_links":{"self":[{"href":"https:\/\/hotelpalmeral.com\/en\/wp-json\/wp\/v2\/posts\/1219","targetHints":{"allow":["GET"]}}],"collection":[{"href":"https:\/\/hotelpalmeral.com\/en\/wp-json\/wp\/v2\/posts"}],"about":[{"href":"https:\/\/hotelpalmeral.com\/en\/wp-json\/wp\/v2\/types\/post"}],"author":[{"embeddable":true,"href":"https:\/\/hotelpalmeral.com\/en\/wp-json\/wp\/v2\/users\/1"}],"replies":[{"embeddable":true,"href":"https:\/\/hotelpalmeral.com\/en\/wp-json\/wp\/v2\/comments?post=1219"}],"version-history":[{"count":0,"href":"https:\/\/hotelpalmeral.com\/en\/wp-json\/wp\/v2\/posts\/1219\/revisions"}],"wp:attachment":[{"href":"https:\/\/hotelpalmeral.com\/en\/wp-json\/wp\/v2\/media?parent=1219"}],"wp:term":[{"taxonomy":"category","embeddable":true,"href":"https:\/\/hotelpalmeral.com\/en\/wp-json\/wp\/v2\/categories?post=1219"},{"taxonomy":"post_tag","embeddable":true,"href":"https:\/\/hotelpalmeral.com\/en\/wp-json\/wp\/v2\/tags?post=1219"}],"curies":[{"name":"wp","href":"https:\/\/api.w.org\/{rel}","templated":true}]}}