{"id":1982,"date":"2015-04-06T11:57:13","date_gmt":"2015-04-06T11:57:13","guid":{"rendered":"http:\/\/blog.hotelpalmeral.com\/?p=1383"},"modified":"2015-04-06T11:57:13","modified_gmt":"2015-04-06T11:57:13","slug":"farmacias-de-guardia-en-abril-2015-en-benidorm","status":"publish","type":"post","link":"https:\/\/hotelpalmeral.com\/de\/farmacias-de-guardia-en-abril-2015-en-benidorm\/","title":{"rendered":"Farmacias de guardia en abril 2015 en Benidorm"},"content":{"rendered":"<p>Esperando que no sea necesaria la informaci\u00f3n, os pasamos que farmacia est\u00e1 de guardia cada d\u00eda del pr\u00f3ximo mes de abril que comienza en unos d\u00edas.<\/p>\n<p>Farmacia 24 horas 365 d\u00edas\/a\u00f1o: Farmacia Fernando Tramoyeres Celma. Av. Mediterr\u00e1neo 29 \u2013 Ed. Coblanca 41 Local 1.<\/p>\n<ul>\n<li>D\u00eda 1 de abril:Farmacia Jaime Juan Carbonell Mart\u00ednez. Jaime I 38 \u2013 Ed. Rocablanca Local 3.<\/li>\n<li>D\u00eda 2 de abril. Farmacia Toledano Ruiz. C. Los Almendros 17<\/li>\n<li>D\u00eda 3 de abril:Farmacia Jos\u00e9 Antonio Morcuende Lancho. Jaime I 1 \u2013 Ed. Torre Poniente<\/li>\n<li>D\u00eda 4 de abril:Farmacia Cristina Blay Pascual. C. Estocolmo 2 \u2013 Esquina C. Manila<\/li>\n<li>D\u00eda 5 de abril:Farmacia Jos\u00e9 Fernando Ruiz Mijares. C. Santander 18.<\/li>\n<li>D\u00eda 6 de abril:Farmacia Carmen L\u00f3pez Gasco Garc\u00eda. Av. Ibiza 6 \u2013 Esquina Av. Europa 12.<\/li>\n<li>D\u00eda 7 de abril:Farmacia Nuria Maurandi Barbera. Av. Emilio Ortu\u00f1o 21 \u2013 Ed. Marina Sedavi.<\/li>\n<li>D\u00eda 8 de abril:Farmacia Nicol\u00e1s Zapata. Av. Villajoyosa 19 \u2013 Ed. Calanyas 15.<\/li>\n<li>D\u00eda 9 de abril:Farmacia Galiana Galiana. C. Dinamarca S.E. \u2013 Av. Andaluc\u00eda Local 11<\/li>\n<li>D\u00eda 10 de abril:Farmacia Jes\u00fas Garc\u00eda Garc\u00eda. C. Finlandia 2 \u2013 Ed. Finlandia<\/li>\n<li>D\u00eda 11 de abril: Farmacia Vicente P\u00e9rez Ortu\u00f1o. Calle Esperanto N\u00ba 10 L-7 Edificio Zeus.<\/li>\n<li>D\u00eda 12 de abril: Farmacia Pedro Jos\u00e9 Aleo Capelo. Calle Montera N\u00ba 4<\/li>\n<li>D\u00eda 13 de abril: Farmacia Jorge Crespo Soria. Avenida Severo Ochoa N\u00ba 5 esquina con Calle Ciudad Real.<\/li>\n<li>D\u00eda 14 de abril: Farmacia Mart\u00ednez de la Camara Fluvia. Calle Noruega S\/N, local 14 Edificio Gemelos 8.<\/li>\n<li>D\u00eda 15 de abril: Farmacia Enrique Batres Iglesias. Calle Ibiza N\u00ba 7, local 19 Edificio Gemelos IV.<\/li>\n<li>D\u00eda 16 de abril: Farmacia Manuel Antonio Ruiz Pina. Calle Virgen de la Almudena N\u00ba 34 Edificio Novasol.<\/li>\n<li>D\u00eda 17 de abril: Farmacia Jorge Mart\u00ednez de la Mata de Lozar. Avenida Europa N\u00ba 29 Edificio Coblanca 15 local C.<\/li>\n<li>D\u00eda 18 de abril: Farmacia Josefa Cortes Botella. Avenida Aig\u00fcera Edificio Gemelos XVII.<\/li>\n<li>D\u00eda 19 de abril: Farmacia Blanca Ochoa Hijona. Avenida Madrid N\u00ba 23 Edificio Veracruz.<\/li>\n<li>D\u00eda 20 de abril: Farmacia Pilar Bujanda L\u00f3pez de Vi\u00f1aspre. Avenida Armada Espa\u00f1ola N\u00ba 14 local 6.<\/li>\n<li>D\u00eda 21 de abril: Farmacia Carmen Reig L\u00f3pez. Calle Langreo N\u00ba 4.<\/li>\n<li>D\u00eda 22 de abril: Farmacia Mar\u00eda Elena Sainz Guti\u00e9rrez. Avenida Jaime I N\u00ba 9 esquina con Avenida Panam\u00e1.<\/li>\n<li>D\u00eda 23 de abril: Farmacia Blanca Llacer Ochoa. Avenida Montecarlo N\u00ba 11 Edificio Loixana.<\/li>\n<li>D\u00eda 24 de abril: Farmacia Jos\u00e9 Pascual Navarro Cayuelas. Calle Juan Fuster Zaragoza N\u00ba 1 local 27.<\/li>\n<li>D\u00eda 25 de abril: Farmacia Livio Muriel L\u00f3pez. Avenida Ametlla del Mar N\u00ba 5 &#8211; Edificio Albatros local 1-2.<\/li>\n<li>D\u00eda 26 de abril: Farmacia Ana Mar\u00eda Cordero Serna. Calle Almer\u00eda N\u00ba 4.<\/li>\n<li>D\u00eda 27 de abril: Farmacia Pilar P\u00e9rez Lobo Gonz\u00e1lez. Avenida del Mediterr\u00e1neo N\u00ba3 local 1.<\/li>\n<li>D\u00eda 28 de abril: Farmacia Magdalena Suarez Pola Lerma. Avenida de Europa N\u00ba 6.<\/li>\n<li>D\u00eda 29 de abril: Farmacia \u00c1ngela Sala Vallejo. Avenida de Alcoy N\u00ba 16.<\/li>\n<li>D\u00eda 30 de abril: Farmacia Fuster Criado. Avenida Alfonso Puchades N\u00ba 14.<\/li>\n<\/ul>\n<p>Un saludo<\/p>\n<p>Hotel El Palmeral<\/p>","protected":false},"excerpt":{"rendered":"<p>Esperando que no sea necesaria la informaci\u00f3n, os pasamos que farmacia est\u00e1 de guardia cada d\u00eda del pr\u00f3ximo mes de abril que comienza en unos d\u00edas. Farmacia 24 horas 365 d\u00edas\/a\u00f1o: Farmacia Fernando Tramoyeres Celma. Av. Mediterr\u00e1neo 29 \u2013 Ed. Coblanca 41 Local 1. D\u00eda 1 de abril:Farmacia Jaime Juan Carbonell Mart\u00ednez. Jaime I 38 [&hellip;]<\/p>\n","protected":false},"author":1,"featured_media":0,"comment_status":"open","ping_status":"open","sticky":false,"template":"","format":"standard","meta":{"inline_featured_image":false,"footnotes":""},"categories":[19],"tags":[],"class_list":["post-1982","post","type-post","status-publish","format-standard","hentry","category-informacion-practica-de-benidorm"],"yoast_head":"<!-- This site is optimized with the Yoast SEO plugin v27.5 - https:\/\/yoast.com\/product\/yoast-seo-wordpress\/ -->\r\n<title>Farmacias de guardia en abril 2015 en Benidorm - Hotel El Palmeral<\/title>\r\n<meta name=\"robots\" content=\"index, follow, max-snippet:-1, max-image-preview:large, max-video-preview:-1\" \/>\r\n<link rel=\"canonical\" href=\"https:\/\/hotelpalmeral.com\/de\/farmacias-de-guardia-en-abril-2015-en-benidorm\/\" \/>\r\n<meta property=\"og:locale\" content=\"de_DE\" \/>\r\n<meta property=\"og:type\" content=\"article\" \/>\r\n<meta property=\"og:title\" content=\"Farmacias de guardia en abril 2015 en Benidorm - Hotel El Palmeral\" \/>\r\n<meta property=\"og:description\" content=\"Esperando que no sea necesaria la informaci\u00f3n, os pasamos que farmacia est\u00e1 de guardia cada d\u00eda del pr\u00f3ximo mes de abril que comienza en unos d\u00edas. Farmacia 24 horas 365 d\u00edas\/a\u00f1o: Farmacia Fernando Tramoyeres Celma. Av. Mediterr\u00e1neo 29 \u2013 Ed. Coblanca 41 Local 1. D\u00eda 1 de abril:Farmacia Jaime Juan Carbonell Mart\u00ednez. Jaime I 38 [&hellip;]\" \/>\r\n<meta property=\"og:url\" content=\"https:\/\/hotelpalmeral.com\/de\/farmacias-de-guardia-en-abril-2015-en-benidorm\/\" \/>\r\n<meta property=\"og:site_name\" content=\"Hotel El Palmeral\" \/>\r\n<meta property=\"article:publisher\" content=\"https:\/\/www.facebook.com\/HotelPalmeralBenidorm\" \/>\r\n<meta property=\"article:published_time\" content=\"2015-04-06T11:57:13+00:00\" \/>\r\n<meta name=\"author\" content=\"admin_palmeral\" \/>\r\n<meta name=\"twitter:card\" content=\"summary_large_image\" \/>\r\n<meta name=\"twitter:creator\" content=\"@hotelelpalmeral\" \/>\r\n<meta name=\"twitter:site\" content=\"@hotelelpalmeral\" \/>\r\n<meta name=\"twitter:label1\" content=\"Verfasst von\" \/>\n\t<meta name=\"twitter:data1\" content=\"admin_palmeral\" \/>\n\t<meta name=\"twitter:label2\" content=\"Gesch\u00e4tzte Lesezeit\" \/>\n\t<meta name=\"twitter:data2\" content=\"2\u00a0Minuten\" \/>\r\n<script type=\"application\/ld+json\" class=\"yoast-schema-graph\">{\"@context\":\"https:\\\/\\\/schema.org\",\"@graph\":[{\"@type\":\"Article\",\"@id\":\"https:\\\/\\\/hotelpalmeral.com\\\/fr\\\/farmacias-de-guardia-en-abril-2015-en-benidorm\\\/#article\",\"isPartOf\":{\"@id\":\"https:\\\/\\\/hotelpalmeral.com\\\/fr\\\/farmacias-de-guardia-en-abril-2015-en-benidorm\\\/\"},\"author\":{\"name\":\"admin_palmeral\",\"@id\":\"https:\\\/\\\/hotelpalmeral.com\\\/#\\\/schema\\\/person\\\/c8066d1b13fdf1bac6d45a1394738ca6\"},\"headline\":\"Farmacias de guardia en abril 2015 en Benidorm\",\"datePublished\":\"2015-04-06T11:57:13+00:00\",\"mainEntityOfPage\":{\"@id\":\"https:\\\/\\\/hotelpalmeral.com\\\/fr\\\/farmacias-de-guardia-en-abril-2015-en-benidorm\\\/\"},\"wordCount\":499,\"commentCount\":0,\"publisher\":{\"@id\":\"https:\\\/\\\/hotelpalmeral.com\\\/#organization\"},\"articleSection\":[\"Informaci\u00f3n pr\u00e1ctica de Benidorm\"],\"inLanguage\":\"de\",\"potentialAction\":[{\"@type\":\"CommentAction\",\"name\":\"Comment\",\"target\":[\"https:\\\/\\\/hotelpalmeral.com\\\/fr\\\/farmacias-de-guardia-en-abril-2015-en-benidorm\\\/#respond\"]}]},{\"@type\":\"WebPage\",\"@id\":\"https:\\\/\\\/hotelpalmeral.com\\\/fr\\\/farmacias-de-guardia-en-abril-2015-en-benidorm\\\/\",\"url\":\"https:\\\/\\\/hotelpalmeral.com\\\/fr\\\/farmacias-de-guardia-en-abril-2015-en-benidorm\\\/\",\"name\":\"Farmacias de guardia en abril 2015 en Benidorm - Hotel El Palmeral\",\"isPartOf\":{\"@id\":\"https:\\\/\\\/hotelpalmeral.com\\\/#website\"},\"datePublished\":\"2015-04-06T11:57:13+00:00\",\"breadcrumb\":{\"@id\":\"https:\\\/\\\/hotelpalmeral.com\\\/fr\\\/farmacias-de-guardia-en-abril-2015-en-benidorm\\\/#breadcrumb\"},\"inLanguage\":\"de\",\"potentialAction\":[{\"@type\":\"ReadAction\",\"target\":[\"https:\\\/\\\/hotelpalmeral.com\\\/fr\\\/farmacias-de-guardia-en-abril-2015-en-benidorm\\\/\"]}]},{\"@type\":\"BreadcrumbList\",\"@id\":\"https:\\\/\\\/hotelpalmeral.com\\\/fr\\\/farmacias-de-guardia-en-abril-2015-en-benidorm\\\/#breadcrumb\",\"itemListElement\":[{\"@type\":\"ListItem\",\"position\":1,\"name\":\"Portada\",\"item\":\"https:\\\/\\\/hotelpalmeral.com\\\/\"},{\"@type\":\"ListItem\",\"position\":2,\"name\":\"Farmacias de guardia en abril 2015 en Benidorm\"}]},{\"@type\":\"WebSite\",\"@id\":\"https:\\\/\\\/hotelpalmeral.com\\\/#website\",\"url\":\"https:\\\/\\\/hotelpalmeral.com\\\/\",\"name\":\"Hotel El Palmeral\",\"description\":\"Hotel en Benidorm\",\"publisher\":{\"@id\":\"https:\\\/\\\/hotelpalmeral.com\\\/#organization\"},\"potentialAction\":[{\"@type\":\"SearchAction\",\"target\":{\"@type\":\"EntryPoint\",\"urlTemplate\":\"https:\\\/\\\/hotelpalmeral.com\\\/?s={search_term_string}\"},\"query-input\":{\"@type\":\"PropertyValueSpecification\",\"valueRequired\":true,\"valueName\":\"search_term_string\"}}],\"inLanguage\":\"de\"},{\"@type\":\"Organization\",\"@id\":\"https:\\\/\\\/hotelpalmeral.com\\\/#organization\",\"name\":\"Hotel El Palmeral\",\"url\":\"https:\\\/\\\/hotelpalmeral.com\\\/\",\"logo\":{\"@type\":\"ImageObject\",\"inLanguage\":\"de\",\"@id\":\"https:\\\/\\\/hotelpalmeral.com\\\/#\\\/schema\\\/logo\\\/image\\\/\",\"url\":\"https:\\\/\\\/hotelpalmeral.com\\\/wp-content\\\/uploads\\\/2023\\\/03\\\/Logo-footer.png\",\"contentUrl\":\"https:\\\/\\\/hotelpalmeral.com\\\/wp-content\\\/uploads\\\/2023\\\/03\\\/Logo-footer.png\",\"width\":229,\"height\":265,\"caption\":\"Hotel El Palmeral\"},\"image\":{\"@id\":\"https:\\\/\\\/hotelpalmeral.com\\\/#\\\/schema\\\/logo\\\/image\\\/\"},\"sameAs\":[\"https:\\\/\\\/www.facebook.com\\\/HotelPalmeralBenidorm\",\"https:\\\/\\\/x.com\\\/hotelelpalmeral\",\"https:\\\/\\\/www.instagram.com\\\/hotelpalmeralbenidorm\\\/\"]},{\"@type\":\"Person\",\"@id\":\"https:\\\/\\\/hotelpalmeral.com\\\/#\\\/schema\\\/person\\\/c8066d1b13fdf1bac6d45a1394738ca6\",\"name\":\"admin_palmeral\",\"image\":{\"@type\":\"ImageObject\",\"inLanguage\":\"de\",\"@id\":\"https:\\\/\\\/secure.gravatar.com\\\/avatar\\\/6b12524dda5bc713fd067188ac2e02862b3e463150f6095efe68cfd0e19d3b11?s=96&d=mm&r=g\",\"url\":\"https:\\\/\\\/secure.gravatar.com\\\/avatar\\\/6b12524dda5bc713fd067188ac2e02862b3e463150f6095efe68cfd0e19d3b11?s=96&d=mm&r=g\",\"contentUrl\":\"https:\\\/\\\/secure.gravatar.com\\\/avatar\\\/6b12524dda5bc713fd067188ac2e02862b3e463150f6095efe68cfd0e19d3b11?s=96&d=mm&r=g\",\"caption\":\"admin_palmeral\"},\"sameAs\":[\"http:\\\/\\\/hotelpalmeral.com\"],\"url\":\"https:\\\/\\\/hotelpalmeral.com\\\/de\\\/author\\\/admin_palmeral\\\/\"}]}<\/script>\r\n<!-- \/ Yoast SEO plugin. -->","yoast_head_json":{"title":"Farmacias de guardia en abril 2015 en Benidorm - Hotel El Palmeral","robots":{"index":"index","follow":"follow","max-snippet":"max-snippet:-1","max-image-preview":"max-image-preview:large","max-video-preview":"max-video-preview:-1"},"canonical":"https:\/\/hotelpalmeral.com\/de\/farmacias-de-guardia-en-abril-2015-en-benidorm\/","og_locale":"de_DE","og_type":"article","og_title":"Farmacias de guardia en abril 2015 en Benidorm - Hotel El Palmeral","og_description":"Esperando que no sea necesaria la informaci\u00f3n, os pasamos que farmacia est\u00e1 de guardia cada d\u00eda del pr\u00f3ximo mes de abril que comienza en unos d\u00edas. Farmacia 24 horas 365 d\u00edas\/a\u00f1o: Farmacia Fernando Tramoyeres Celma. Av. Mediterr\u00e1neo 29 \u2013 Ed. Coblanca 41 Local 1. D\u00eda 1 de abril:Farmacia Jaime Juan Carbonell Mart\u00ednez. Jaime I 38 [&hellip;]","og_url":"https:\/\/hotelpalmeral.com\/de\/farmacias-de-guardia-en-abril-2015-en-benidorm\/","og_site_name":"Hotel El Palmeral","article_publisher":"https:\/\/www.facebook.com\/HotelPalmeralBenidorm","article_published_time":"2015-04-06T11:57:13+00:00","author":"admin_palmeral","twitter_card":"summary_large_image","twitter_creator":"@hotelelpalmeral","twitter_site":"@hotelelpalmeral","twitter_misc":{"Verfasst von":"admin_palmeral","Gesch\u00e4tzte Lesezeit":"2\u00a0Minuten"},"schema":{"@context":"https:\/\/schema.org","@graph":[{"@type":"Article","@id":"https:\/\/hotelpalmeral.com\/fr\/farmacias-de-guardia-en-abril-2015-en-benidorm\/#article","isPartOf":{"@id":"https:\/\/hotelpalmeral.com\/fr\/farmacias-de-guardia-en-abril-2015-en-benidorm\/"},"author":{"name":"admin_palmeral","@id":"https:\/\/hotelpalmeral.com\/#\/schema\/person\/c8066d1b13fdf1bac6d45a1394738ca6"},"headline":"Farmacias de guardia en abril 2015 en Benidorm","datePublished":"2015-04-06T11:57:13+00:00","mainEntityOfPage":{"@id":"https:\/\/hotelpalmeral.com\/fr\/farmacias-de-guardia-en-abril-2015-en-benidorm\/"},"wordCount":499,"commentCount":0,"publisher":{"@id":"https:\/\/hotelpalmeral.com\/#organization"},"articleSection":["Informaci\u00f3n pr\u00e1ctica de Benidorm"],"inLanguage":"de","potentialAction":[{"@type":"CommentAction","name":"Comment","target":["https:\/\/hotelpalmeral.com\/fr\/farmacias-de-guardia-en-abril-2015-en-benidorm\/#respond"]}]},{"@type":"WebPage","@id":"https:\/\/hotelpalmeral.com\/fr\/farmacias-de-guardia-en-abril-2015-en-benidorm\/","url":"https:\/\/hotelpalmeral.com\/fr\/farmacias-de-guardia-en-abril-2015-en-benidorm\/","name":"Farmacias de guardia en abril 2015 en Benidorm - Hotel El Palmeral","isPartOf":{"@id":"https:\/\/hotelpalmeral.com\/#website"},"datePublished":"2015-04-06T11:57:13+00:00","breadcrumb":{"@id":"https:\/\/hotelpalmeral.com\/fr\/farmacias-de-guardia-en-abril-2015-en-benidorm\/#breadcrumb"},"inLanguage":"de","potentialAction":[{"@type":"ReadAction","target":["https:\/\/hotelpalmeral.com\/fr\/farmacias-de-guardia-en-abril-2015-en-benidorm\/"]}]},{"@type":"BreadcrumbList","@id":"https:\/\/hotelpalmeral.com\/fr\/farmacias-de-guardia-en-abril-2015-en-benidorm\/#breadcrumb","itemListElement":[{"@type":"ListItem","position":1,"name":"Portada","item":"https:\/\/hotelpalmeral.com\/"},{"@type":"ListItem","position":2,"name":"Farmacias de guardia en abril 2015 en Benidorm"}]},{"@type":"WebSite","@id":"https:\/\/hotelpalmeral.com\/#website","url":"https:\/\/hotelpalmeral.com\/","name":"Hotel El Palmeral","description":"Hotel en Benidorm","publisher":{"@id":"https:\/\/hotelpalmeral.com\/#organization"},"potentialAction":[{"@type":"SearchAction","target":{"@type":"EntryPoint","urlTemplate":"https:\/\/hotelpalmeral.com\/?s={search_term_string}"},"query-input":{"@type":"PropertyValueSpecification","valueRequired":true,"valueName":"search_term_string"}}],"inLanguage":"de"},{"@type":"Organization","@id":"https:\/\/hotelpalmeral.com\/#organization","name":"Hotel El Palmeral","url":"https:\/\/hotelpalmeral.com\/","logo":{"@type":"ImageObject","inLanguage":"de","@id":"https:\/\/hotelpalmeral.com\/#\/schema\/logo\/image\/","url":"https:\/\/hotelpalmeral.com\/wp-content\/uploads\/2023\/03\/Logo-footer.png","contentUrl":"https:\/\/hotelpalmeral.com\/wp-content\/uploads\/2023\/03\/Logo-footer.png","width":229,"height":265,"caption":"Hotel El Palmeral"},"image":{"@id":"https:\/\/hotelpalmeral.com\/#\/schema\/logo\/image\/"},"sameAs":["https:\/\/www.facebook.com\/HotelPalmeralBenidorm","https:\/\/x.com\/hotelelpalmeral","https:\/\/www.instagram.com\/hotelpalmeralbenidorm\/"]},{"@type":"Person","@id":"https:\/\/hotelpalmeral.com\/#\/schema\/person\/c8066d1b13fdf1bac6d45a1394738ca6","name":"admin_palmeral","image":{"@type":"ImageObject","inLanguage":"de","@id":"https:\/\/secure.gravatar.com\/avatar\/6b12524dda5bc713fd067188ac2e02862b3e463150f6095efe68cfd0e19d3b11?s=96&d=mm&r=g","url":"https:\/\/secure.gravatar.com\/avatar\/6b12524dda5bc713fd067188ac2e02862b3e463150f6095efe68cfd0e19d3b11?s=96&d=mm&r=g","contentUrl":"https:\/\/secure.gravatar.com\/avatar\/6b12524dda5bc713fd067188ac2e02862b3e463150f6095efe68cfd0e19d3b11?s=96&d=mm&r=g","caption":"admin_palmeral"},"sameAs":["http:\/\/hotelpalmeral.com"],"url":"https:\/\/hotelpalmeral.com\/de\/author\/admin_palmeral\/"}]}},"_links":{"self":[{"href":"https:\/\/hotelpalmeral.com\/de\/wp-json\/wp\/v2\/posts\/1982","targetHints":{"allow":["GET"]}}],"collection":[{"href":"https:\/\/hotelpalmeral.com\/de\/wp-json\/wp\/v2\/posts"}],"about":[{"href":"https:\/\/hotelpalmeral.com\/de\/wp-json\/wp\/v2\/types\/post"}],"author":[{"embeddable":true,"href":"https:\/\/hotelpalmeral.com\/de\/wp-json\/wp\/v2\/users\/1"}],"replies":[{"embeddable":true,"href":"https:\/\/hotelpalmeral.com\/de\/wp-json\/wp\/v2\/comments?post=1982"}],"version-history":[{"count":0,"href":"https:\/\/hotelpalmeral.com\/de\/wp-json\/wp\/v2\/posts\/1982\/revisions"}],"wp:attachment":[{"href":"https:\/\/hotelpalmeral.com\/de\/wp-json\/wp\/v2\/media?parent=1982"}],"wp:term":[{"taxonomy":"category","embeddable":true,"href":"https:\/\/hotelpalmeral.com\/de\/wp-json\/wp\/v2\/categories?post=1982"},{"taxonomy":"post_tag","embeddable":true,"href":"https:\/\/hotelpalmeral.com\/de\/wp-json\/wp\/v2\/tags?post=1982"}],"curies":[{"name":"wp","href":"https:\/\/api.w.org\/{rel}","templated":true}]}}