{"id":1411,"date":"2011-08-08T13:24:00","date_gmt":"2011-08-08T13:24:00","guid":{"rendered":"http:\/\/blog.hotelpalmeral.com\/?p=576"},"modified":"2011-08-08T13:24:00","modified_gmt":"2011-08-08T13:24:00","slug":"tiempo-en-benidorm-hoy-lunes-8-de-agosto","status":"publish","type":"post","link":"https:\/\/hotelpalmeral.com\/de\/tiempo-en-benidorm-hoy-lunes-8-de-agosto\/","title":{"rendered":"Tiempo en Benidorm hoy lunes 8 de agosto"},"content":{"rendered":"<p>Qu\u00e9 tiempo hace hoy, lunes 8 de agosto, en Benidorm?<br \/>Pues mucho mucho calor.<br \/>T\u00edpico d\u00eda de agosto en la costa blanca.<br \/>El termometro marca 30\u00baC.<br \/>Hace mucho viento en la playa. Benidorm parece tarifa. Un d\u00eda perfecto para hacer surf.<br \/>Hay bandera verde en la playa de poniente.<br \/>Os pasamos una foto de la playa de Benidorm tomada hace solo unos minutos.<br \/>Un saludo<\/p>\n<p>Hotel El Palmeral, Hotel Benidorm<br \/>www.hotelpalmeral.com<br \/>Telf.:965 850 176<\/p>\n<div><a href=\"http:\/\/4.bp.blogspot.com\/-LqG44ZNSsFk\/Tj_je6yfWFI\/AAAAAAAAA8w\/GuHjWbv4vdI\/s1600\/playa+benidorm.jpg\" imageanchor=\"1\"><img loading=\"lazy\" decoding=\"async\" border=\"0\" height=\"300\" src=\"http:\/\/4.bp.blogspot.com\/-LqG44ZNSsFk\/Tj_je6yfWFI\/AAAAAAAAA8w\/GuHjWbv4vdI\/s400\/playa+benidorm.jpg\" width=\"400\"><\/a><\/div>","protected":false},"excerpt":{"rendered":"<p>Qu\u00e9 tiempo hace hoy, lunes 8 de agosto, en Benidorm?Pues mucho mucho calor.T\u00edpico d\u00eda de agosto en la costa blanca.El termometro marca 30\u00baC.Hace mucho viento en la playa. Benidorm parece tarifa. Un d\u00eda perfecto para hacer surf.Hay bandera verde en la playa de poniente.Os pasamos una foto de la playa de Benidorm tomada hace solo [&hellip;]<\/p>\n","protected":false},"author":1,"featured_media":0,"comment_status":"open","ping_status":"open","sticky":false,"template":"","format":"standard","meta":{"inline_featured_image":false,"footnotes":""},"categories":[29],"tags":[],"class_list":["post-1411","post","type-post","status-publish","format-standard","hentry","category-tiempo-en-benidorm"],"yoast_head":"<!-- This site is optimized with the Yoast SEO plugin v27.4 - https:\/\/yoast.com\/product\/yoast-seo-wordpress\/ -->\r\n<title>Tiempo en Benidorm hoy lunes 8 de agosto - Hotel El Palmeral<\/title>\r\n<meta name=\"robots\" content=\"index, follow, max-snippet:-1, max-image-preview:large, max-video-preview:-1\" \/>\r\n<link rel=\"canonical\" href=\"https:\/\/hotelpalmeral.com\/de\/tiempo-en-benidorm-hoy-lunes-8-de-agosto\/\" \/>\r\n<meta property=\"og:locale\" content=\"de_DE\" \/>\r\n<meta property=\"og:type\" content=\"article\" \/>\r\n<meta property=\"og:title\" content=\"Tiempo en Benidorm hoy lunes 8 de agosto - Hotel El Palmeral\" \/>\r\n<meta property=\"og:description\" content=\"Qu\u00e9 tiempo hace hoy, lunes 8 de agosto, en Benidorm?Pues mucho mucho calor.T\u00edpico d\u00eda de agosto en la costa blanca.El termometro marca 30\u00baC.Hace mucho viento en la playa. Benidorm parece tarifa. Un d\u00eda perfecto para hacer surf.Hay bandera verde en la playa de poniente.Os pasamos una foto de la playa de Benidorm tomada hace solo [&hellip;]\" \/>\r\n<meta property=\"og:url\" content=\"https:\/\/hotelpalmeral.com\/de\/tiempo-en-benidorm-hoy-lunes-8-de-agosto\/\" \/>\r\n<meta property=\"og:site_name\" content=\"Hotel El Palmeral\" \/>\r\n<meta property=\"article:publisher\" content=\"https:\/\/www.facebook.com\/HotelPalmeralBenidorm\" \/>\r\n<meta property=\"article:published_time\" content=\"2011-08-08T13:24:00+00:00\" \/>\r\n<meta property=\"og:image\" content=\"http:\/\/4.bp.blogspot.com\/-LqG44ZNSsFk\/Tj_je6yfWFI\/AAAAAAAAA8w\/GuHjWbv4vdI\/s400\/playa+benidorm.jpg\" \/>\r\n<meta name=\"author\" content=\"admin_palmeral\" \/>\r\n<meta name=\"twitter:card\" content=\"summary_large_image\" \/>\r\n<meta name=\"twitter:creator\" content=\"@hotelelpalmeral\" \/>\r\n<meta name=\"twitter:site\" content=\"@hotelelpalmeral\" \/>\r\n<meta name=\"twitter:label1\" content=\"Verfasst von\" \/>\n\t<meta name=\"twitter:data1\" content=\"admin_palmeral\" \/>\r\n<script type=\"application\/ld+json\" class=\"yoast-schema-graph\">{\"@context\":\"https:\\\/\\\/schema.org\",\"@graph\":[{\"@type\":\"Article\",\"@id\":\"https:\\\/\\\/hotelpalmeral.com\\\/fr\\\/tiempo-en-benidorm-hoy-lunes-8-de-agosto\\\/#article\",\"isPartOf\":{\"@id\":\"https:\\\/\\\/hotelpalmeral.com\\\/fr\\\/tiempo-en-benidorm-hoy-lunes-8-de-agosto\\\/\"},\"author\":{\"name\":\"admin_palmeral\",\"@id\":\"https:\\\/\\\/hotelpalmeral.com\\\/#\\\/schema\\\/person\\\/c8066d1b13fdf1bac6d45a1394738ca6\"},\"headline\":\"Tiempo en Benidorm hoy lunes 8 de agosto\",\"datePublished\":\"2011-08-08T13:24:00+00:00\",\"mainEntityOfPage\":{\"@id\":\"https:\\\/\\\/hotelpalmeral.com\\\/fr\\\/tiempo-en-benidorm-hoy-lunes-8-de-agosto\\\/\"},\"wordCount\":81,\"commentCount\":0,\"publisher\":{\"@id\":\"https:\\\/\\\/hotelpalmeral.com\\\/#organization\"},\"image\":{\"@id\":\"https:\\\/\\\/hotelpalmeral.com\\\/fr\\\/tiempo-en-benidorm-hoy-lunes-8-de-agosto\\\/#primaryimage\"},\"thumbnailUrl\":\"http:\\\/\\\/4.bp.blogspot.com\\\/-LqG44ZNSsFk\\\/Tj_je6yfWFI\\\/AAAAAAAAA8w\\\/GuHjWbv4vdI\\\/s400\\\/playa+benidorm.jpg\",\"articleSection\":[\"Tiempo en Benidorm\"],\"inLanguage\":\"de\",\"potentialAction\":[{\"@type\":\"CommentAction\",\"name\":\"Comment\",\"target\":[\"https:\\\/\\\/hotelpalmeral.com\\\/fr\\\/tiempo-en-benidorm-hoy-lunes-8-de-agosto\\\/#respond\"]}]},{\"@type\":\"WebPage\",\"@id\":\"https:\\\/\\\/hotelpalmeral.com\\\/fr\\\/tiempo-en-benidorm-hoy-lunes-8-de-agosto\\\/\",\"url\":\"https:\\\/\\\/hotelpalmeral.com\\\/fr\\\/tiempo-en-benidorm-hoy-lunes-8-de-agosto\\\/\",\"name\":\"Tiempo en Benidorm hoy lunes 8 de agosto - Hotel El Palmeral\",\"isPartOf\":{\"@id\":\"https:\\\/\\\/hotelpalmeral.com\\\/#website\"},\"primaryImageOfPage\":{\"@id\":\"https:\\\/\\\/hotelpalmeral.com\\\/fr\\\/tiempo-en-benidorm-hoy-lunes-8-de-agosto\\\/#primaryimage\"},\"image\":{\"@id\":\"https:\\\/\\\/hotelpalmeral.com\\\/fr\\\/tiempo-en-benidorm-hoy-lunes-8-de-agosto\\\/#primaryimage\"},\"thumbnailUrl\":\"http:\\\/\\\/4.bp.blogspot.com\\\/-LqG44ZNSsFk\\\/Tj_je6yfWFI\\\/AAAAAAAAA8w\\\/GuHjWbv4vdI\\\/s400\\\/playa+benidorm.jpg\",\"datePublished\":\"2011-08-08T13:24:00+00:00\",\"breadcrumb\":{\"@id\":\"https:\\\/\\\/hotelpalmeral.com\\\/fr\\\/tiempo-en-benidorm-hoy-lunes-8-de-agosto\\\/#breadcrumb\"},\"inLanguage\":\"de\",\"potentialAction\":[{\"@type\":\"ReadAction\",\"target\":[\"https:\\\/\\\/hotelpalmeral.com\\\/fr\\\/tiempo-en-benidorm-hoy-lunes-8-de-agosto\\\/\"]}]},{\"@type\":\"ImageObject\",\"inLanguage\":\"de\",\"@id\":\"https:\\\/\\\/hotelpalmeral.com\\\/fr\\\/tiempo-en-benidorm-hoy-lunes-8-de-agosto\\\/#primaryimage\",\"url\":\"http:\\\/\\\/4.bp.blogspot.com\\\/-LqG44ZNSsFk\\\/Tj_je6yfWFI\\\/AAAAAAAAA8w\\\/GuHjWbv4vdI\\\/s400\\\/playa+benidorm.jpg\",\"contentUrl\":\"http:\\\/\\\/4.bp.blogspot.com\\\/-LqG44ZNSsFk\\\/Tj_je6yfWFI\\\/AAAAAAAAA8w\\\/GuHjWbv4vdI\\\/s400\\\/playa+benidorm.jpg\"},{\"@type\":\"BreadcrumbList\",\"@id\":\"https:\\\/\\\/hotelpalmeral.com\\\/fr\\\/tiempo-en-benidorm-hoy-lunes-8-de-agosto\\\/#breadcrumb\",\"itemListElement\":[{\"@type\":\"ListItem\",\"position\":1,\"name\":\"Portada\",\"item\":\"https:\\\/\\\/hotelpalmeral.com\\\/\"},{\"@type\":\"ListItem\",\"position\":2,\"name\":\"Tiempo en Benidorm hoy lunes 8 de agosto\"}]},{\"@type\":\"WebSite\",\"@id\":\"https:\\\/\\\/hotelpalmeral.com\\\/#website\",\"url\":\"https:\\\/\\\/hotelpalmeral.com\\\/\",\"name\":\"Hotel El Palmeral\",\"description\":\"Hotel en Benidorm\",\"publisher\":{\"@id\":\"https:\\\/\\\/hotelpalmeral.com\\\/#organization\"},\"potentialAction\":[{\"@type\":\"SearchAction\",\"target\":{\"@type\":\"EntryPoint\",\"urlTemplate\":\"https:\\\/\\\/hotelpalmeral.com\\\/?s={search_term_string}\"},\"query-input\":{\"@type\":\"PropertyValueSpecification\",\"valueRequired\":true,\"valueName\":\"search_term_string\"}}],\"inLanguage\":\"de\"},{\"@type\":\"Organization\",\"@id\":\"https:\\\/\\\/hotelpalmeral.com\\\/#organization\",\"name\":\"Hotel El Palmeral\",\"url\":\"https:\\\/\\\/hotelpalmeral.com\\\/\",\"logo\":{\"@type\":\"ImageObject\",\"inLanguage\":\"de\",\"@id\":\"https:\\\/\\\/hotelpalmeral.com\\\/#\\\/schema\\\/logo\\\/image\\\/\",\"url\":\"https:\\\/\\\/hotelpalmeral.com\\\/wp-content\\\/uploads\\\/2023\\\/03\\\/Logo-footer.png\",\"contentUrl\":\"https:\\\/\\\/hotelpalmeral.com\\\/wp-content\\\/uploads\\\/2023\\\/03\\\/Logo-footer.png\",\"width\":229,\"height\":265,\"caption\":\"Hotel El Palmeral\"},\"image\":{\"@id\":\"https:\\\/\\\/hotelpalmeral.com\\\/#\\\/schema\\\/logo\\\/image\\\/\"},\"sameAs\":[\"https:\\\/\\\/www.facebook.com\\\/HotelPalmeralBenidorm\",\"https:\\\/\\\/x.com\\\/hotelelpalmeral\",\"https:\\\/\\\/www.instagram.com\\\/hotelpalmeralbenidorm\\\/\"]},{\"@type\":\"Person\",\"@id\":\"https:\\\/\\\/hotelpalmeral.com\\\/#\\\/schema\\\/person\\\/c8066d1b13fdf1bac6d45a1394738ca6\",\"name\":\"admin_palmeral\",\"image\":{\"@type\":\"ImageObject\",\"inLanguage\":\"de\",\"@id\":\"https:\\\/\\\/secure.gravatar.com\\\/avatar\\\/6b12524dda5bc713fd067188ac2e02862b3e463150f6095efe68cfd0e19d3b11?s=96&d=mm&r=g\",\"url\":\"https:\\\/\\\/secure.gravatar.com\\\/avatar\\\/6b12524dda5bc713fd067188ac2e02862b3e463150f6095efe68cfd0e19d3b11?s=96&d=mm&r=g\",\"contentUrl\":\"https:\\\/\\\/secure.gravatar.com\\\/avatar\\\/6b12524dda5bc713fd067188ac2e02862b3e463150f6095efe68cfd0e19d3b11?s=96&d=mm&r=g\",\"caption\":\"admin_palmeral\"},\"sameAs\":[\"http:\\\/\\\/hotelpalmeral.com\"],\"url\":\"https:\\\/\\\/hotelpalmeral.com\\\/de\\\/author\\\/admin_palmeral\\\/\"}]}<\/script>\r\n<!-- \/ Yoast SEO plugin. -->","yoast_head_json":{"title":"Tiempo en Benidorm hoy lunes 8 de agosto - Hotel El Palmeral","robots":{"index":"index","follow":"follow","max-snippet":"max-snippet:-1","max-image-preview":"max-image-preview:large","max-video-preview":"max-video-preview:-1"},"canonical":"https:\/\/hotelpalmeral.com\/de\/tiempo-en-benidorm-hoy-lunes-8-de-agosto\/","og_locale":"de_DE","og_type":"article","og_title":"Tiempo en Benidorm hoy lunes 8 de agosto - Hotel El Palmeral","og_description":"Qu\u00e9 tiempo hace hoy, lunes 8 de agosto, en Benidorm?Pues mucho mucho calor.T\u00edpico d\u00eda de agosto en la costa blanca.El termometro marca 30\u00baC.Hace mucho viento en la playa. Benidorm parece tarifa. Un d\u00eda perfecto para hacer surf.Hay bandera verde en la playa de poniente.Os pasamos una foto de la playa de Benidorm tomada hace solo [&hellip;]","og_url":"https:\/\/hotelpalmeral.com\/de\/tiempo-en-benidorm-hoy-lunes-8-de-agosto\/","og_site_name":"Hotel El Palmeral","article_publisher":"https:\/\/www.facebook.com\/HotelPalmeralBenidorm","article_published_time":"2011-08-08T13:24:00+00:00","og_image":[{"url":"http:\/\/4.bp.blogspot.com\/-LqG44ZNSsFk\/Tj_je6yfWFI\/AAAAAAAAA8w\/GuHjWbv4vdI\/s400\/playa+benidorm.jpg","type":"","width":"","height":""}],"author":"admin_palmeral","twitter_card":"summary_large_image","twitter_creator":"@hotelelpalmeral","twitter_site":"@hotelelpalmeral","twitter_misc":{"Verfasst von":"admin_palmeral"},"schema":{"@context":"https:\/\/schema.org","@graph":[{"@type":"Article","@id":"https:\/\/hotelpalmeral.com\/fr\/tiempo-en-benidorm-hoy-lunes-8-de-agosto\/#article","isPartOf":{"@id":"https:\/\/hotelpalmeral.com\/fr\/tiempo-en-benidorm-hoy-lunes-8-de-agosto\/"},"author":{"name":"admin_palmeral","@id":"https:\/\/hotelpalmeral.com\/#\/schema\/person\/c8066d1b13fdf1bac6d45a1394738ca6"},"headline":"Tiempo en Benidorm hoy lunes 8 de agosto","datePublished":"2011-08-08T13:24:00+00:00","mainEntityOfPage":{"@id":"https:\/\/hotelpalmeral.com\/fr\/tiempo-en-benidorm-hoy-lunes-8-de-agosto\/"},"wordCount":81,"commentCount":0,"publisher":{"@id":"https:\/\/hotelpalmeral.com\/#organization"},"image":{"@id":"https:\/\/hotelpalmeral.com\/fr\/tiempo-en-benidorm-hoy-lunes-8-de-agosto\/#primaryimage"},"thumbnailUrl":"http:\/\/4.bp.blogspot.com\/-LqG44ZNSsFk\/Tj_je6yfWFI\/AAAAAAAAA8w\/GuHjWbv4vdI\/s400\/playa+benidorm.jpg","articleSection":["Tiempo en Benidorm"],"inLanguage":"de","potentialAction":[{"@type":"CommentAction","name":"Comment","target":["https:\/\/hotelpalmeral.com\/fr\/tiempo-en-benidorm-hoy-lunes-8-de-agosto\/#respond"]}]},{"@type":"WebPage","@id":"https:\/\/hotelpalmeral.com\/fr\/tiempo-en-benidorm-hoy-lunes-8-de-agosto\/","url":"https:\/\/hotelpalmeral.com\/fr\/tiempo-en-benidorm-hoy-lunes-8-de-agosto\/","name":"Tiempo en Benidorm hoy lunes 8 de agosto - Hotel El Palmeral","isPartOf":{"@id":"https:\/\/hotelpalmeral.com\/#website"},"primaryImageOfPage":{"@id":"https:\/\/hotelpalmeral.com\/fr\/tiempo-en-benidorm-hoy-lunes-8-de-agosto\/#primaryimage"},"image":{"@id":"https:\/\/hotelpalmeral.com\/fr\/tiempo-en-benidorm-hoy-lunes-8-de-agosto\/#primaryimage"},"thumbnailUrl":"http:\/\/4.bp.blogspot.com\/-LqG44ZNSsFk\/Tj_je6yfWFI\/AAAAAAAAA8w\/GuHjWbv4vdI\/s400\/playa+benidorm.jpg","datePublished":"2011-08-08T13:24:00+00:00","breadcrumb":{"@id":"https:\/\/hotelpalmeral.com\/fr\/tiempo-en-benidorm-hoy-lunes-8-de-agosto\/#breadcrumb"},"inLanguage":"de","potentialAction":[{"@type":"ReadAction","target":["https:\/\/hotelpalmeral.com\/fr\/tiempo-en-benidorm-hoy-lunes-8-de-agosto\/"]}]},{"@type":"ImageObject","inLanguage":"de","@id":"https:\/\/hotelpalmeral.com\/fr\/tiempo-en-benidorm-hoy-lunes-8-de-agosto\/#primaryimage","url":"http:\/\/4.bp.blogspot.com\/-LqG44ZNSsFk\/Tj_je6yfWFI\/AAAAAAAAA8w\/GuHjWbv4vdI\/s400\/playa+benidorm.jpg","contentUrl":"http:\/\/4.bp.blogspot.com\/-LqG44ZNSsFk\/Tj_je6yfWFI\/AAAAAAAAA8w\/GuHjWbv4vdI\/s400\/playa+benidorm.jpg"},{"@type":"BreadcrumbList","@id":"https:\/\/hotelpalmeral.com\/fr\/tiempo-en-benidorm-hoy-lunes-8-de-agosto\/#breadcrumb","itemListElement":[{"@type":"ListItem","position":1,"name":"Portada","item":"https:\/\/hotelpalmeral.com\/"},{"@type":"ListItem","position":2,"name":"Tiempo en Benidorm hoy lunes 8 de agosto"}]},{"@type":"WebSite","@id":"https:\/\/hotelpalmeral.com\/#website","url":"https:\/\/hotelpalmeral.com\/","name":"Hotel El Palmeral","description":"Hotel en Benidorm","publisher":{"@id":"https:\/\/hotelpalmeral.com\/#organization"},"potentialAction":[{"@type":"SearchAction","target":{"@type":"EntryPoint","urlTemplate":"https:\/\/hotelpalmeral.com\/?s={search_term_string}"},"query-input":{"@type":"PropertyValueSpecification","valueRequired":true,"valueName":"search_term_string"}}],"inLanguage":"de"},{"@type":"Organization","@id":"https:\/\/hotelpalmeral.com\/#organization","name":"Hotel El Palmeral","url":"https:\/\/hotelpalmeral.com\/","logo":{"@type":"ImageObject","inLanguage":"de","@id":"https:\/\/hotelpalmeral.com\/#\/schema\/logo\/image\/","url":"https:\/\/hotelpalmeral.com\/wp-content\/uploads\/2023\/03\/Logo-footer.png","contentUrl":"https:\/\/hotelpalmeral.com\/wp-content\/uploads\/2023\/03\/Logo-footer.png","width":229,"height":265,"caption":"Hotel El Palmeral"},"image":{"@id":"https:\/\/hotelpalmeral.com\/#\/schema\/logo\/image\/"},"sameAs":["https:\/\/www.facebook.com\/HotelPalmeralBenidorm","https:\/\/x.com\/hotelelpalmeral","https:\/\/www.instagram.com\/hotelpalmeralbenidorm\/"]},{"@type":"Person","@id":"https:\/\/hotelpalmeral.com\/#\/schema\/person\/c8066d1b13fdf1bac6d45a1394738ca6","name":"admin_palmeral","image":{"@type":"ImageObject","inLanguage":"de","@id":"https:\/\/secure.gravatar.com\/avatar\/6b12524dda5bc713fd067188ac2e02862b3e463150f6095efe68cfd0e19d3b11?s=96&d=mm&r=g","url":"https:\/\/secure.gravatar.com\/avatar\/6b12524dda5bc713fd067188ac2e02862b3e463150f6095efe68cfd0e19d3b11?s=96&d=mm&r=g","contentUrl":"https:\/\/secure.gravatar.com\/avatar\/6b12524dda5bc713fd067188ac2e02862b3e463150f6095efe68cfd0e19d3b11?s=96&d=mm&r=g","caption":"admin_palmeral"},"sameAs":["http:\/\/hotelpalmeral.com"],"url":"https:\/\/hotelpalmeral.com\/de\/author\/admin_palmeral\/"}]}},"_links":{"self":[{"href":"https:\/\/hotelpalmeral.com\/de\/wp-json\/wp\/v2\/posts\/1411","targetHints":{"allow":["GET"]}}],"collection":[{"href":"https:\/\/hotelpalmeral.com\/de\/wp-json\/wp\/v2\/posts"}],"about":[{"href":"https:\/\/hotelpalmeral.com\/de\/wp-json\/wp\/v2\/types\/post"}],"author":[{"embeddable":true,"href":"https:\/\/hotelpalmeral.com\/de\/wp-json\/wp\/v2\/users\/1"}],"replies":[{"embeddable":true,"href":"https:\/\/hotelpalmeral.com\/de\/wp-json\/wp\/v2\/comments?post=1411"}],"version-history":[{"count":0,"href":"https:\/\/hotelpalmeral.com\/de\/wp-json\/wp\/v2\/posts\/1411\/revisions"}],"wp:attachment":[{"href":"https:\/\/hotelpalmeral.com\/de\/wp-json\/wp\/v2\/media?parent=1411"}],"wp:term":[{"taxonomy":"category","embeddable":true,"href":"https:\/\/hotelpalmeral.com\/de\/wp-json\/wp\/v2\/categories?post=1411"},{"taxonomy":"post_tag","embeddable":true,"href":"https:\/\/hotelpalmeral.com\/de\/wp-json\/wp\/v2\/tags?post=1411"}],"curies":[{"name":"wp","href":"https:\/\/api.w.org\/{rel}","templated":true}]}}