{"id":1360,"date":"2011-06-17T10:22:00","date_gmt":"2011-06-17T10:22:00","guid":{"rendered":"http:\/\/blog.hotelpalmeral.com\/?p=642"},"modified":"2011-06-17T10:22:00","modified_gmt":"2011-06-17T10:22:00","slug":"tiempo-en-benidorm-hoy-viernes-17-de-junio-2011","status":"publish","type":"post","link":"https:\/\/hotelpalmeral.com\/de\/tiempo-en-benidorm-hoy-viernes-17-de-junio-2011\/","title":{"rendered":"Tiempo en Benidorm hoy viernes 17 de junio 2011"},"content":{"rendered":"<p>Quer\u00e9is saber qu\u00e9 temperatura hace hoy viernes en Benidorm?<br \/>Pues hace un d\u00eda muy bueno.<br \/>Calor.La temperatura est\u00e1 ahora mismo sobre los 27 grados.<br \/>Un d\u00eda muy apto para actividades de ocio en la playa de Benidorm.<br \/>Brisa ligera.<br \/>Sol radiante.<br \/>Os pasamos una foto acabada de tomar a las 12:15h para que ve\u00e1is con vuestros porpios ojos la playa de\u00a0 Benidorm.<br \/>Un saludo<\/p>\n<p>Hotel El palmeral, <a href=\"https:\/\/hotelpalmeral.com\/de\/\">Hotel Benidorm <\/a><br \/><a href=\"https:\/\/hotelpalmeral.com\/de\/\">www.hotelpalmeral.com<\/a><br \/>Telf.:965 850 176<\/p>\n<div><a href=\"http:\/\/4.bp.blogspot.com\/-Bz9HKlGhz8M\/TfsqpYvxnAI\/AAAAAAAAA5M\/N06frt6AEoE\/s1600\/17062011_001.jpg\" imageanchor=\"1\"><img loading=\"lazy\" decoding=\"async\" border=\"0\" height=\"480\" src=\"http:\/\/4.bp.blogspot.com\/-Bz9HKlGhz8M\/TfsqpYvxnAI\/AAAAAAAAA5M\/N06frt6AEoE\/s640\/17062011_001.jpg\" width=\"640\"><\/a><\/div>","protected":false},"excerpt":{"rendered":"<p>Quer\u00e9is saber qu\u00e9 temperatura hace hoy viernes en Benidorm?Pues hace un d\u00eda muy bueno.Calor.La temperatura est\u00e1 ahora mismo sobre los 27 grados.Un d\u00eda muy apto para actividades de ocio en la playa de Benidorm.Brisa ligera.Sol radiante.Os pasamos una foto acabada de tomar a las 12:15h para que ve\u00e1is con vuestros porpios ojos la playa de\u00a0 [&hellip;]<\/p>\n","protected":false},"author":1,"featured_media":0,"comment_status":"open","ping_status":"open","sticky":false,"template":"","format":"standard","meta":{"inline_featured_image":false,"footnotes":""},"categories":[29],"tags":[],"class_list":["post-1360","post","type-post","status-publish","format-standard","hentry","category-tiempo-en-benidorm"],"yoast_head":"<!-- This site is optimized with the Yoast SEO plugin v27.4 - https:\/\/yoast.com\/product\/yoast-seo-wordpress\/ -->\r\n<title>Tiempo en Benidorm hoy viernes 17 de junio 2011 - Hotel El Palmeral<\/title>\r\n<meta name=\"robots\" content=\"index, follow, max-snippet:-1, max-image-preview:large, max-video-preview:-1\" \/>\r\n<link rel=\"canonical\" href=\"https:\/\/hotelpalmeral.com\/de\/tiempo-en-benidorm-hoy-viernes-17-de-junio-2011\/\" \/>\r\n<meta property=\"og:locale\" content=\"de_DE\" \/>\r\n<meta property=\"og:type\" content=\"article\" \/>\r\n<meta property=\"og:title\" content=\"Tiempo en Benidorm hoy viernes 17 de junio 2011 - Hotel El Palmeral\" \/>\r\n<meta property=\"og:description\" content=\"Quer\u00e9is saber qu\u00e9 temperatura hace hoy viernes en Benidorm?Pues hace un d\u00eda muy bueno.Calor.La temperatura est\u00e1 ahora mismo sobre los 27 grados.Un d\u00eda muy apto para actividades de ocio en la playa de Benidorm.Brisa ligera.Sol radiante.Os pasamos una foto acabada de tomar a las 12:15h para que ve\u00e1is con vuestros porpios ojos la playa de\u00a0 [&hellip;]\" \/>\r\n<meta property=\"og:url\" content=\"https:\/\/hotelpalmeral.com\/de\/tiempo-en-benidorm-hoy-viernes-17-de-junio-2011\/\" \/>\r\n<meta property=\"og:site_name\" content=\"Hotel El Palmeral\" \/>\r\n<meta property=\"article:publisher\" content=\"https:\/\/www.facebook.com\/HotelPalmeralBenidorm\" \/>\r\n<meta property=\"article:published_time\" content=\"2011-06-17T10:22:00+00:00\" \/>\r\n<meta property=\"og:image\" content=\"http:\/\/4.bp.blogspot.com\/-Bz9HKlGhz8M\/TfsqpYvxnAI\/AAAAAAAAA5M\/N06frt6AEoE\/s640\/17062011_001.jpg\" \/>\r\n<meta name=\"author\" content=\"admin_palmeral\" \/>\r\n<meta name=\"twitter:card\" content=\"summary_large_image\" \/>\r\n<meta name=\"twitter:creator\" content=\"@hotelelpalmeral\" \/>\r\n<meta name=\"twitter:site\" content=\"@hotelelpalmeral\" \/>\r\n<meta name=\"twitter:label1\" content=\"Verfasst von\" \/>\n\t<meta name=\"twitter:data1\" content=\"admin_palmeral\" \/>\r\n<script type=\"application\/ld+json\" class=\"yoast-schema-graph\">{\"@context\":\"https:\\\/\\\/schema.org\",\"@graph\":[{\"@type\":\"Article\",\"@id\":\"https:\\\/\\\/hotelpalmeral.com\\\/tiempo-en-benidorm-hoy-viernes-17-de-junio-2011\\\/#article\",\"isPartOf\":{\"@id\":\"https:\\\/\\\/hotelpalmeral.com\\\/tiempo-en-benidorm-hoy-viernes-17-de-junio-2011\\\/\"},\"author\":{\"name\":\"admin_palmeral\",\"@id\":\"https:\\\/\\\/hotelpalmeral.com\\\/#\\\/schema\\\/person\\\/c8066d1b13fdf1bac6d45a1394738ca6\"},\"headline\":\"Tiempo en Benidorm hoy viernes 17 de junio 2011\",\"datePublished\":\"2011-06-17T10:22:00+00:00\",\"mainEntityOfPage\":{\"@id\":\"https:\\\/\\\/hotelpalmeral.com\\\/tiempo-en-benidorm-hoy-viernes-17-de-junio-2011\\\/\"},\"wordCount\":84,\"commentCount\":0,\"publisher\":{\"@id\":\"https:\\\/\\\/hotelpalmeral.com\\\/#organization\"},\"image\":{\"@id\":\"https:\\\/\\\/hotelpalmeral.com\\\/tiempo-en-benidorm-hoy-viernes-17-de-junio-2011\\\/#primaryimage\"},\"thumbnailUrl\":\"http:\\\/\\\/4.bp.blogspot.com\\\/-Bz9HKlGhz8M\\\/TfsqpYvxnAI\\\/AAAAAAAAA5M\\\/N06frt6AEoE\\\/s640\\\/17062011_001.jpg\",\"articleSection\":[\"Tiempo en Benidorm\"],\"inLanguage\":\"de\",\"potentialAction\":[{\"@type\":\"CommentAction\",\"name\":\"Comment\",\"target\":[\"https:\\\/\\\/hotelpalmeral.com\\\/tiempo-en-benidorm-hoy-viernes-17-de-junio-2011\\\/#respond\"]}]},{\"@type\":\"WebPage\",\"@id\":\"https:\\\/\\\/hotelpalmeral.com\\\/tiempo-en-benidorm-hoy-viernes-17-de-junio-2011\\\/\",\"url\":\"https:\\\/\\\/hotelpalmeral.com\\\/tiempo-en-benidorm-hoy-viernes-17-de-junio-2011\\\/\",\"name\":\"Tiempo en Benidorm hoy viernes 17 de junio 2011 - Hotel El Palmeral\",\"isPartOf\":{\"@id\":\"https:\\\/\\\/hotelpalmeral.com\\\/#website\"},\"primaryImageOfPage\":{\"@id\":\"https:\\\/\\\/hotelpalmeral.com\\\/tiempo-en-benidorm-hoy-viernes-17-de-junio-2011\\\/#primaryimage\"},\"image\":{\"@id\":\"https:\\\/\\\/hotelpalmeral.com\\\/tiempo-en-benidorm-hoy-viernes-17-de-junio-2011\\\/#primaryimage\"},\"thumbnailUrl\":\"http:\\\/\\\/4.bp.blogspot.com\\\/-Bz9HKlGhz8M\\\/TfsqpYvxnAI\\\/AAAAAAAAA5M\\\/N06frt6AEoE\\\/s640\\\/17062011_001.jpg\",\"datePublished\":\"2011-06-17T10:22:00+00:00\",\"breadcrumb\":{\"@id\":\"https:\\\/\\\/hotelpalmeral.com\\\/tiempo-en-benidorm-hoy-viernes-17-de-junio-2011\\\/#breadcrumb\"},\"inLanguage\":\"de\",\"potentialAction\":[{\"@type\":\"ReadAction\",\"target\":[\"https:\\\/\\\/hotelpalmeral.com\\\/tiempo-en-benidorm-hoy-viernes-17-de-junio-2011\\\/\"]}]},{\"@type\":\"ImageObject\",\"inLanguage\":\"de\",\"@id\":\"https:\\\/\\\/hotelpalmeral.com\\\/tiempo-en-benidorm-hoy-viernes-17-de-junio-2011\\\/#primaryimage\",\"url\":\"http:\\\/\\\/4.bp.blogspot.com\\\/-Bz9HKlGhz8M\\\/TfsqpYvxnAI\\\/AAAAAAAAA5M\\\/N06frt6AEoE\\\/s640\\\/17062011_001.jpg\",\"contentUrl\":\"http:\\\/\\\/4.bp.blogspot.com\\\/-Bz9HKlGhz8M\\\/TfsqpYvxnAI\\\/AAAAAAAAA5M\\\/N06frt6AEoE\\\/s640\\\/17062011_001.jpg\"},{\"@type\":\"BreadcrumbList\",\"@id\":\"https:\\\/\\\/hotelpalmeral.com\\\/tiempo-en-benidorm-hoy-viernes-17-de-junio-2011\\\/#breadcrumb\",\"itemListElement\":[{\"@type\":\"ListItem\",\"position\":1,\"name\":\"Portada\",\"item\":\"https:\\\/\\\/hotelpalmeral.com\\\/\"},{\"@type\":\"ListItem\",\"position\":2,\"name\":\"Tiempo en Benidorm hoy viernes 17 de junio 2011\"}]},{\"@type\":\"WebSite\",\"@id\":\"https:\\\/\\\/hotelpalmeral.com\\\/#website\",\"url\":\"https:\\\/\\\/hotelpalmeral.com\\\/\",\"name\":\"Hotel El Palmeral\",\"description\":\"Hotel en Benidorm\",\"publisher\":{\"@id\":\"https:\\\/\\\/hotelpalmeral.com\\\/#organization\"},\"potentialAction\":[{\"@type\":\"SearchAction\",\"target\":{\"@type\":\"EntryPoint\",\"urlTemplate\":\"https:\\\/\\\/hotelpalmeral.com\\\/?s={search_term_string}\"},\"query-input\":{\"@type\":\"PropertyValueSpecification\",\"valueRequired\":true,\"valueName\":\"search_term_string\"}}],\"inLanguage\":\"de\"},{\"@type\":\"Organization\",\"@id\":\"https:\\\/\\\/hotelpalmeral.com\\\/#organization\",\"name\":\"Hotel El Palmeral\",\"url\":\"https:\\\/\\\/hotelpalmeral.com\\\/\",\"logo\":{\"@type\":\"ImageObject\",\"inLanguage\":\"de\",\"@id\":\"https:\\\/\\\/hotelpalmeral.com\\\/#\\\/schema\\\/logo\\\/image\\\/\",\"url\":\"https:\\\/\\\/hotelpalmeral.com\\\/wp-content\\\/uploads\\\/2023\\\/03\\\/Logo-footer.png\",\"contentUrl\":\"https:\\\/\\\/hotelpalmeral.com\\\/wp-content\\\/uploads\\\/2023\\\/03\\\/Logo-footer.png\",\"width\":229,\"height\":265,\"caption\":\"Hotel El Palmeral\"},\"image\":{\"@id\":\"https:\\\/\\\/hotelpalmeral.com\\\/#\\\/schema\\\/logo\\\/image\\\/\"},\"sameAs\":[\"https:\\\/\\\/www.facebook.com\\\/HotelPalmeralBenidorm\",\"https:\\\/\\\/x.com\\\/hotelelpalmeral\",\"https:\\\/\\\/www.instagram.com\\\/hotelpalmeralbenidorm\\\/\"]},{\"@type\":\"Person\",\"@id\":\"https:\\\/\\\/hotelpalmeral.com\\\/#\\\/schema\\\/person\\\/c8066d1b13fdf1bac6d45a1394738ca6\",\"name\":\"admin_palmeral\",\"image\":{\"@type\":\"ImageObject\",\"inLanguage\":\"de\",\"@id\":\"https:\\\/\\\/secure.gravatar.com\\\/avatar\\\/6b12524dda5bc713fd067188ac2e02862b3e463150f6095efe68cfd0e19d3b11?s=96&d=mm&r=g\",\"url\":\"https:\\\/\\\/secure.gravatar.com\\\/avatar\\\/6b12524dda5bc713fd067188ac2e02862b3e463150f6095efe68cfd0e19d3b11?s=96&d=mm&r=g\",\"contentUrl\":\"https:\\\/\\\/secure.gravatar.com\\\/avatar\\\/6b12524dda5bc713fd067188ac2e02862b3e463150f6095efe68cfd0e19d3b11?s=96&d=mm&r=g\",\"caption\":\"admin_palmeral\"},\"sameAs\":[\"http:\\\/\\\/hotelpalmeral.com\"],\"url\":\"https:\\\/\\\/hotelpalmeral.com\\\/de\\\/author\\\/admin_palmeral\\\/\"}]}<\/script>\r\n<!-- \/ Yoast SEO plugin. -->","yoast_head_json":{"title":"Tiempo en Benidorm hoy viernes 17 de junio 2011 - Hotel El Palmeral","robots":{"index":"index","follow":"follow","max-snippet":"max-snippet:-1","max-image-preview":"max-image-preview:large","max-video-preview":"max-video-preview:-1"},"canonical":"https:\/\/hotelpalmeral.com\/de\/tiempo-en-benidorm-hoy-viernes-17-de-junio-2011\/","og_locale":"de_DE","og_type":"article","og_title":"Tiempo en Benidorm hoy viernes 17 de junio 2011 - Hotel El Palmeral","og_description":"Quer\u00e9is saber qu\u00e9 temperatura hace hoy viernes en Benidorm?Pues hace un d\u00eda muy bueno.Calor.La temperatura est\u00e1 ahora mismo sobre los 27 grados.Un d\u00eda muy apto para actividades de ocio en la playa de Benidorm.Brisa ligera.Sol radiante.Os pasamos una foto acabada de tomar a las 12:15h para que ve\u00e1is con vuestros porpios ojos la playa de\u00a0 [&hellip;]","og_url":"https:\/\/hotelpalmeral.com\/de\/tiempo-en-benidorm-hoy-viernes-17-de-junio-2011\/","og_site_name":"Hotel El Palmeral","article_publisher":"https:\/\/www.facebook.com\/HotelPalmeralBenidorm","article_published_time":"2011-06-17T10:22:00+00:00","og_image":[{"url":"http:\/\/4.bp.blogspot.com\/-Bz9HKlGhz8M\/TfsqpYvxnAI\/AAAAAAAAA5M\/N06frt6AEoE\/s640\/17062011_001.jpg","type":"","width":"","height":""}],"author":"admin_palmeral","twitter_card":"summary_large_image","twitter_creator":"@hotelelpalmeral","twitter_site":"@hotelelpalmeral","twitter_misc":{"Verfasst von":"admin_palmeral"},"schema":{"@context":"https:\/\/schema.org","@graph":[{"@type":"Article","@id":"https:\/\/hotelpalmeral.com\/tiempo-en-benidorm-hoy-viernes-17-de-junio-2011\/#article","isPartOf":{"@id":"https:\/\/hotelpalmeral.com\/tiempo-en-benidorm-hoy-viernes-17-de-junio-2011\/"},"author":{"name":"admin_palmeral","@id":"https:\/\/hotelpalmeral.com\/#\/schema\/person\/c8066d1b13fdf1bac6d45a1394738ca6"},"headline":"Tiempo en Benidorm hoy viernes 17 de junio 2011","datePublished":"2011-06-17T10:22:00+00:00","mainEntityOfPage":{"@id":"https:\/\/hotelpalmeral.com\/tiempo-en-benidorm-hoy-viernes-17-de-junio-2011\/"},"wordCount":84,"commentCount":0,"publisher":{"@id":"https:\/\/hotelpalmeral.com\/#organization"},"image":{"@id":"https:\/\/hotelpalmeral.com\/tiempo-en-benidorm-hoy-viernes-17-de-junio-2011\/#primaryimage"},"thumbnailUrl":"http:\/\/4.bp.blogspot.com\/-Bz9HKlGhz8M\/TfsqpYvxnAI\/AAAAAAAAA5M\/N06frt6AEoE\/s640\/17062011_001.jpg","articleSection":["Tiempo en Benidorm"],"inLanguage":"de","potentialAction":[{"@type":"CommentAction","name":"Comment","target":["https:\/\/hotelpalmeral.com\/tiempo-en-benidorm-hoy-viernes-17-de-junio-2011\/#respond"]}]},{"@type":"WebPage","@id":"https:\/\/hotelpalmeral.com\/tiempo-en-benidorm-hoy-viernes-17-de-junio-2011\/","url":"https:\/\/hotelpalmeral.com\/tiempo-en-benidorm-hoy-viernes-17-de-junio-2011\/","name":"Tiempo en Benidorm hoy viernes 17 de junio 2011 - Hotel El Palmeral","isPartOf":{"@id":"https:\/\/hotelpalmeral.com\/#website"},"primaryImageOfPage":{"@id":"https:\/\/hotelpalmeral.com\/tiempo-en-benidorm-hoy-viernes-17-de-junio-2011\/#primaryimage"},"image":{"@id":"https:\/\/hotelpalmeral.com\/tiempo-en-benidorm-hoy-viernes-17-de-junio-2011\/#primaryimage"},"thumbnailUrl":"http:\/\/4.bp.blogspot.com\/-Bz9HKlGhz8M\/TfsqpYvxnAI\/AAAAAAAAA5M\/N06frt6AEoE\/s640\/17062011_001.jpg","datePublished":"2011-06-17T10:22:00+00:00","breadcrumb":{"@id":"https:\/\/hotelpalmeral.com\/tiempo-en-benidorm-hoy-viernes-17-de-junio-2011\/#breadcrumb"},"inLanguage":"de","potentialAction":[{"@type":"ReadAction","target":["https:\/\/hotelpalmeral.com\/tiempo-en-benidorm-hoy-viernes-17-de-junio-2011\/"]}]},{"@type":"ImageObject","inLanguage":"de","@id":"https:\/\/hotelpalmeral.com\/tiempo-en-benidorm-hoy-viernes-17-de-junio-2011\/#primaryimage","url":"http:\/\/4.bp.blogspot.com\/-Bz9HKlGhz8M\/TfsqpYvxnAI\/AAAAAAAAA5M\/N06frt6AEoE\/s640\/17062011_001.jpg","contentUrl":"http:\/\/4.bp.blogspot.com\/-Bz9HKlGhz8M\/TfsqpYvxnAI\/AAAAAAAAA5M\/N06frt6AEoE\/s640\/17062011_001.jpg"},{"@type":"BreadcrumbList","@id":"https:\/\/hotelpalmeral.com\/tiempo-en-benidorm-hoy-viernes-17-de-junio-2011\/#breadcrumb","itemListElement":[{"@type":"ListItem","position":1,"name":"Portada","item":"https:\/\/hotelpalmeral.com\/"},{"@type":"ListItem","position":2,"name":"Tiempo en Benidorm hoy viernes 17 de junio 2011"}]},{"@type":"WebSite","@id":"https:\/\/hotelpalmeral.com\/#website","url":"https:\/\/hotelpalmeral.com\/","name":"Hotel El Palmeral","description":"Hotel en Benidorm","publisher":{"@id":"https:\/\/hotelpalmeral.com\/#organization"},"potentialAction":[{"@type":"SearchAction","target":{"@type":"EntryPoint","urlTemplate":"https:\/\/hotelpalmeral.com\/?s={search_term_string}"},"query-input":{"@type":"PropertyValueSpecification","valueRequired":true,"valueName":"search_term_string"}}],"inLanguage":"de"},{"@type":"Organization","@id":"https:\/\/hotelpalmeral.com\/#organization","name":"Hotel El Palmeral","url":"https:\/\/hotelpalmeral.com\/","logo":{"@type":"ImageObject","inLanguage":"de","@id":"https:\/\/hotelpalmeral.com\/#\/schema\/logo\/image\/","url":"https:\/\/hotelpalmeral.com\/wp-content\/uploads\/2023\/03\/Logo-footer.png","contentUrl":"https:\/\/hotelpalmeral.com\/wp-content\/uploads\/2023\/03\/Logo-footer.png","width":229,"height":265,"caption":"Hotel El Palmeral"},"image":{"@id":"https:\/\/hotelpalmeral.com\/#\/schema\/logo\/image\/"},"sameAs":["https:\/\/www.facebook.com\/HotelPalmeralBenidorm","https:\/\/x.com\/hotelelpalmeral","https:\/\/www.instagram.com\/hotelpalmeralbenidorm\/"]},{"@type":"Person","@id":"https:\/\/hotelpalmeral.com\/#\/schema\/person\/c8066d1b13fdf1bac6d45a1394738ca6","name":"admin_palmeral","image":{"@type":"ImageObject","inLanguage":"de","@id":"https:\/\/secure.gravatar.com\/avatar\/6b12524dda5bc713fd067188ac2e02862b3e463150f6095efe68cfd0e19d3b11?s=96&d=mm&r=g","url":"https:\/\/secure.gravatar.com\/avatar\/6b12524dda5bc713fd067188ac2e02862b3e463150f6095efe68cfd0e19d3b11?s=96&d=mm&r=g","contentUrl":"https:\/\/secure.gravatar.com\/avatar\/6b12524dda5bc713fd067188ac2e02862b3e463150f6095efe68cfd0e19d3b11?s=96&d=mm&r=g","caption":"admin_palmeral"},"sameAs":["http:\/\/hotelpalmeral.com"],"url":"https:\/\/hotelpalmeral.com\/de\/author\/admin_palmeral\/"}]}},"_links":{"self":[{"href":"https:\/\/hotelpalmeral.com\/de\/wp-json\/wp\/v2\/posts\/1360","targetHints":{"allow":["GET"]}}],"collection":[{"href":"https:\/\/hotelpalmeral.com\/de\/wp-json\/wp\/v2\/posts"}],"about":[{"href":"https:\/\/hotelpalmeral.com\/de\/wp-json\/wp\/v2\/types\/post"}],"author":[{"embeddable":true,"href":"https:\/\/hotelpalmeral.com\/de\/wp-json\/wp\/v2\/users\/1"}],"replies":[{"embeddable":true,"href":"https:\/\/hotelpalmeral.com\/de\/wp-json\/wp\/v2\/comments?post=1360"}],"version-history":[{"count":0,"href":"https:\/\/hotelpalmeral.com\/de\/wp-json\/wp\/v2\/posts\/1360\/revisions"}],"wp:attachment":[{"href":"https:\/\/hotelpalmeral.com\/de\/wp-json\/wp\/v2\/media?parent=1360"}],"wp:term":[{"taxonomy":"category","embeddable":true,"href":"https:\/\/hotelpalmeral.com\/de\/wp-json\/wp\/v2\/categories?post=1360"},{"taxonomy":"post_tag","embeddable":true,"href":"https:\/\/hotelpalmeral.com\/de\/wp-json\/wp\/v2\/tags?post=1360"}],"curies":[{"name":"wp","href":"https:\/\/api.w.org\/{rel}","templated":true}]}}