{"id":1164,"date":"2010-09-24T13:51:00","date_gmt":"2010-09-24T13:51:00","guid":{"rendered":"http:\/\/blog.hotelpalmeral.com\/?p=863"},"modified":"2010-09-24T13:51:00","modified_gmt":"2010-09-24T13:51:00","slug":"senderismo-en-benidorm-ruta-la-punta-de-la-escaleta","status":"publish","type":"post","link":"https:\/\/hotelpalmeral.com\/de\/senderismo-en-benidorm-ruta-la-punta-de-la-escaleta\/","title":{"rendered":"Senderismo en Benidorm: Ruta la Punta de la escaleta"},"content":{"rendered":"<p>Aqu\u00ed va otro post para hacer senderismo, a parte de hacer deporte vas a tener unas vistas incre\u00edbles durante la ruta.<\/p>\n<p>La ruta esta muy bien para hacerla tanto a pie como en bicicleta y es bastante f\u00e1cil, la duraci\u00f3n puede ir desde 2 horas para los m\u00e1s aventajados hasta 3 horas los que van realmente de paseo.<\/p>\n<p>Esta ruta empieza en la\u00a0 <a href=\"https:\/\/hotelpalmeral.com\/de\/\">playa de Levante<\/a> m\u00e1s exactamente en la calle Hamburgo y es una cuesta bastante empinada que termina en el Hotel Benikaktus: seguiremos bordeando la costa hasta llegar al\u00a0 camino que conduce a la Cruz.<br \/>Dejamos este camino y seguimos hasta un cruce con dos desv\u00edos:<br \/>-1. A la derecha vamos hasta el mirador de la Punta Llisera, donde todav\u00eda se aprecian restos de un poblado ibero \u2013 romano. Si seguimos la escalera llegamos a la Cueva del Barbero. <br \/>-2. A la izquierda, la carretera lleva hasta la Punta de la Escalera (donde hay <a href=\"http:\/\/hotelelpalmeralbenidorm.blogspot.com\/2010\/05\/lugares-de-benidorm-que-no-te-puedes.html\">una torre de vigilancia<\/a>), desde all\u00ed se podr\u00e1 contemplar los acantilados de Sierra Helada.<\/p>\n<p>Un saludo<\/p>\n<p>Hotel el Palmeral, <a href=\"https:\/\/hotelpalmeral.com\/de\/\">hotel la Cala de Benidorm<\/a><\/p>","protected":false},"excerpt":{"rendered":"<p>Aqu\u00ed va otro post para hacer senderismo, a parte de hacer deporte vas a tener unas vistas incre\u00edbles durante la ruta. La ruta esta muy bien para hacerla tanto a pie como en bicicleta y es bastante f\u00e1cil, la duraci\u00f3n puede ir desde 2 horas para los m\u00e1s aventajados hasta 3 horas los que van [&hellip;]<\/p>\n","protected":false},"author":1,"featured_media":0,"comment_status":"open","ping_status":"open","sticky":false,"template":"","format":"standard","meta":{"inline_featured_image":false,"footnotes":""},"categories":[26],"tags":[],"class_list":["post-1164","post","type-post","status-publish","format-standard","hentry","category-senderismo-en-benidorm"],"yoast_head":"<!-- This site is optimized with the Yoast SEO plugin v27.5 - https:\/\/yoast.com\/product\/yoast-seo-wordpress\/ -->\r\n<title>Senderismo en Benidorm: Ruta la Punta de la escaleta - Hotel El Palmeral<\/title>\r\n<meta name=\"robots\" content=\"index, follow, max-snippet:-1, max-image-preview:large, max-video-preview:-1\" \/>\r\n<link rel=\"canonical\" href=\"https:\/\/hotelpalmeral.com\/de\/senderismo-en-benidorm-ruta-la-punta-de-la-escaleta\/\" \/>\r\n<meta property=\"og:locale\" content=\"de_DE\" \/>\r\n<meta property=\"og:type\" content=\"article\" \/>\r\n<meta property=\"og:title\" content=\"Senderismo en Benidorm: Ruta la Punta de la escaleta - Hotel El Palmeral\" \/>\r\n<meta property=\"og:description\" content=\"Aqu\u00ed va otro post para hacer senderismo, a parte de hacer deporte vas a tener unas vistas incre\u00edbles durante la ruta. La ruta esta muy bien para hacerla tanto a pie como en bicicleta y es bastante f\u00e1cil, la duraci\u00f3n puede ir desde 2 horas para los m\u00e1s aventajados hasta 3 horas los que van [&hellip;]\" \/>\r\n<meta property=\"og:url\" content=\"https:\/\/hotelpalmeral.com\/de\/senderismo-en-benidorm-ruta-la-punta-de-la-escaleta\/\" \/>\r\n<meta property=\"og:site_name\" content=\"Hotel El Palmeral\" \/>\r\n<meta property=\"article:publisher\" content=\"https:\/\/www.facebook.com\/HotelPalmeralBenidorm\" \/>\r\n<meta property=\"article:published_time\" content=\"2010-09-24T13:51:00+00:00\" \/>\r\n<meta name=\"author\" content=\"admin_palmeral\" \/>\r\n<meta name=\"twitter:card\" content=\"summary_large_image\" \/>\r\n<meta name=\"twitter:creator\" content=\"@hotelelpalmeral\" \/>\r\n<meta name=\"twitter:site\" content=\"@hotelelpalmeral\" \/>\r\n<meta name=\"twitter:label1\" content=\"Verfasst von\" \/>\n\t<meta name=\"twitter:data1\" content=\"admin_palmeral\" \/>\n\t<meta name=\"twitter:label2\" content=\"Gesch\u00e4tzte Lesezeit\" \/>\n\t<meta name=\"twitter:data2\" content=\"1\u00a0Minute\" \/>\r\n<script type=\"application\/ld+json\" class=\"yoast-schema-graph\">{\"@context\":\"https:\\\/\\\/schema.org\",\"@graph\":[{\"@type\":\"Article\",\"@id\":\"https:\\\/\\\/hotelpalmeral.com\\\/senderismo-en-benidorm-ruta-la-punta-de-la-escaleta\\\/#article\",\"isPartOf\":{\"@id\":\"https:\\\/\\\/hotelpalmeral.com\\\/senderismo-en-benidorm-ruta-la-punta-de-la-escaleta\\\/\"},\"author\":{\"name\":\"admin_palmeral\",\"@id\":\"https:\\\/\\\/hotelpalmeral.com\\\/#\\\/schema\\\/person\\\/c8066d1b13fdf1bac6d45a1394738ca6\"},\"headline\":\"Senderismo en Benidorm: Ruta la Punta de la escaleta\",\"datePublished\":\"2010-09-24T13:51:00+00:00\",\"mainEntityOfPage\":{\"@id\":\"https:\\\/\\\/hotelpalmeral.com\\\/senderismo-en-benidorm-ruta-la-punta-de-la-escaleta\\\/\"},\"wordCount\":193,\"commentCount\":0,\"publisher\":{\"@id\":\"https:\\\/\\\/hotelpalmeral.com\\\/#organization\"},\"articleSection\":[\"senderismo en Benidorm\"],\"inLanguage\":\"de\",\"potentialAction\":[{\"@type\":\"CommentAction\",\"name\":\"Comment\",\"target\":[\"https:\\\/\\\/hotelpalmeral.com\\\/senderismo-en-benidorm-ruta-la-punta-de-la-escaleta\\\/#respond\"]}]},{\"@type\":\"WebPage\",\"@id\":\"https:\\\/\\\/hotelpalmeral.com\\\/senderismo-en-benidorm-ruta-la-punta-de-la-escaleta\\\/\",\"url\":\"https:\\\/\\\/hotelpalmeral.com\\\/senderismo-en-benidorm-ruta-la-punta-de-la-escaleta\\\/\",\"name\":\"Senderismo en Benidorm: Ruta la Punta de la escaleta - Hotel El Palmeral\",\"isPartOf\":{\"@id\":\"https:\\\/\\\/hotelpalmeral.com\\\/#website\"},\"datePublished\":\"2010-09-24T13:51:00+00:00\",\"breadcrumb\":{\"@id\":\"https:\\\/\\\/hotelpalmeral.com\\\/senderismo-en-benidorm-ruta-la-punta-de-la-escaleta\\\/#breadcrumb\"},\"inLanguage\":\"de\",\"potentialAction\":[{\"@type\":\"ReadAction\",\"target\":[\"https:\\\/\\\/hotelpalmeral.com\\\/senderismo-en-benidorm-ruta-la-punta-de-la-escaleta\\\/\"]}]},{\"@type\":\"BreadcrumbList\",\"@id\":\"https:\\\/\\\/hotelpalmeral.com\\\/senderismo-en-benidorm-ruta-la-punta-de-la-escaleta\\\/#breadcrumb\",\"itemListElement\":[{\"@type\":\"ListItem\",\"position\":1,\"name\":\"Portada\",\"item\":\"https:\\\/\\\/hotelpalmeral.com\\\/\"},{\"@type\":\"ListItem\",\"position\":2,\"name\":\"Senderismo en Benidorm: Ruta la Punta de la escaleta\"}]},{\"@type\":\"WebSite\",\"@id\":\"https:\\\/\\\/hotelpalmeral.com\\\/#website\",\"url\":\"https:\\\/\\\/hotelpalmeral.com\\\/\",\"name\":\"Hotel El Palmeral\",\"description\":\"Hotel en Benidorm\",\"publisher\":{\"@id\":\"https:\\\/\\\/hotelpalmeral.com\\\/#organization\"},\"potentialAction\":[{\"@type\":\"SearchAction\",\"target\":{\"@type\":\"EntryPoint\",\"urlTemplate\":\"https:\\\/\\\/hotelpalmeral.com\\\/?s={search_term_string}\"},\"query-input\":{\"@type\":\"PropertyValueSpecification\",\"valueRequired\":true,\"valueName\":\"search_term_string\"}}],\"inLanguage\":\"de\"},{\"@type\":\"Organization\",\"@id\":\"https:\\\/\\\/hotelpalmeral.com\\\/#organization\",\"name\":\"Hotel El Palmeral\",\"url\":\"https:\\\/\\\/hotelpalmeral.com\\\/\",\"logo\":{\"@type\":\"ImageObject\",\"inLanguage\":\"de\",\"@id\":\"https:\\\/\\\/hotelpalmeral.com\\\/#\\\/schema\\\/logo\\\/image\\\/\",\"url\":\"https:\\\/\\\/hotelpalmeral.com\\\/wp-content\\\/uploads\\\/2023\\\/03\\\/Logo-footer.png\",\"contentUrl\":\"https:\\\/\\\/hotelpalmeral.com\\\/wp-content\\\/uploads\\\/2023\\\/03\\\/Logo-footer.png\",\"width\":229,\"height\":265,\"caption\":\"Hotel El Palmeral\"},\"image\":{\"@id\":\"https:\\\/\\\/hotelpalmeral.com\\\/#\\\/schema\\\/logo\\\/image\\\/\"},\"sameAs\":[\"https:\\\/\\\/www.facebook.com\\\/HotelPalmeralBenidorm\",\"https:\\\/\\\/x.com\\\/hotelelpalmeral\",\"https:\\\/\\\/www.instagram.com\\\/hotelpalmeralbenidorm\\\/\"]},{\"@type\":\"Person\",\"@id\":\"https:\\\/\\\/hotelpalmeral.com\\\/#\\\/schema\\\/person\\\/c8066d1b13fdf1bac6d45a1394738ca6\",\"name\":\"admin_palmeral\",\"image\":{\"@type\":\"ImageObject\",\"inLanguage\":\"de\",\"@id\":\"https:\\\/\\\/secure.gravatar.com\\\/avatar\\\/6b12524dda5bc713fd067188ac2e02862b3e463150f6095efe68cfd0e19d3b11?s=96&d=mm&r=g\",\"url\":\"https:\\\/\\\/secure.gravatar.com\\\/avatar\\\/6b12524dda5bc713fd067188ac2e02862b3e463150f6095efe68cfd0e19d3b11?s=96&d=mm&r=g\",\"contentUrl\":\"https:\\\/\\\/secure.gravatar.com\\\/avatar\\\/6b12524dda5bc713fd067188ac2e02862b3e463150f6095efe68cfd0e19d3b11?s=96&d=mm&r=g\",\"caption\":\"admin_palmeral\"},\"sameAs\":[\"http:\\\/\\\/hotelpalmeral.com\"],\"url\":\"https:\\\/\\\/hotelpalmeral.com\\\/de\\\/author\\\/admin_palmeral\\\/\"}]}<\/script>\r\n<!-- \/ Yoast SEO plugin. -->","yoast_head_json":{"title":"Senderismo en Benidorm: Ruta la Punta de la escaleta - Hotel El Palmeral","robots":{"index":"index","follow":"follow","max-snippet":"max-snippet:-1","max-image-preview":"max-image-preview:large","max-video-preview":"max-video-preview:-1"},"canonical":"https:\/\/hotelpalmeral.com\/de\/senderismo-en-benidorm-ruta-la-punta-de-la-escaleta\/","og_locale":"de_DE","og_type":"article","og_title":"Senderismo en Benidorm: Ruta la Punta de la escaleta - Hotel El Palmeral","og_description":"Aqu\u00ed va otro post para hacer senderismo, a parte de hacer deporte vas a tener unas vistas incre\u00edbles durante la ruta. La ruta esta muy bien para hacerla tanto a pie como en bicicleta y es bastante f\u00e1cil, la duraci\u00f3n puede ir desde 2 horas para los m\u00e1s aventajados hasta 3 horas los que van [&hellip;]","og_url":"https:\/\/hotelpalmeral.com\/de\/senderismo-en-benidorm-ruta-la-punta-de-la-escaleta\/","og_site_name":"Hotel El Palmeral","article_publisher":"https:\/\/www.facebook.com\/HotelPalmeralBenidorm","article_published_time":"2010-09-24T13:51:00+00:00","author":"admin_palmeral","twitter_card":"summary_large_image","twitter_creator":"@hotelelpalmeral","twitter_site":"@hotelelpalmeral","twitter_misc":{"Verfasst von":"admin_palmeral","Gesch\u00e4tzte Lesezeit":"1\u00a0Minute"},"schema":{"@context":"https:\/\/schema.org","@graph":[{"@type":"Article","@id":"https:\/\/hotelpalmeral.com\/senderismo-en-benidorm-ruta-la-punta-de-la-escaleta\/#article","isPartOf":{"@id":"https:\/\/hotelpalmeral.com\/senderismo-en-benidorm-ruta-la-punta-de-la-escaleta\/"},"author":{"name":"admin_palmeral","@id":"https:\/\/hotelpalmeral.com\/#\/schema\/person\/c8066d1b13fdf1bac6d45a1394738ca6"},"headline":"Senderismo en Benidorm: Ruta la Punta de la escaleta","datePublished":"2010-09-24T13:51:00+00:00","mainEntityOfPage":{"@id":"https:\/\/hotelpalmeral.com\/senderismo-en-benidorm-ruta-la-punta-de-la-escaleta\/"},"wordCount":193,"commentCount":0,"publisher":{"@id":"https:\/\/hotelpalmeral.com\/#organization"},"articleSection":["senderismo en Benidorm"],"inLanguage":"de","potentialAction":[{"@type":"CommentAction","name":"Comment","target":["https:\/\/hotelpalmeral.com\/senderismo-en-benidorm-ruta-la-punta-de-la-escaleta\/#respond"]}]},{"@type":"WebPage","@id":"https:\/\/hotelpalmeral.com\/senderismo-en-benidorm-ruta-la-punta-de-la-escaleta\/","url":"https:\/\/hotelpalmeral.com\/senderismo-en-benidorm-ruta-la-punta-de-la-escaleta\/","name":"Senderismo en Benidorm: Ruta la Punta de la escaleta - Hotel El Palmeral","isPartOf":{"@id":"https:\/\/hotelpalmeral.com\/#website"},"datePublished":"2010-09-24T13:51:00+00:00","breadcrumb":{"@id":"https:\/\/hotelpalmeral.com\/senderismo-en-benidorm-ruta-la-punta-de-la-escaleta\/#breadcrumb"},"inLanguage":"de","potentialAction":[{"@type":"ReadAction","target":["https:\/\/hotelpalmeral.com\/senderismo-en-benidorm-ruta-la-punta-de-la-escaleta\/"]}]},{"@type":"BreadcrumbList","@id":"https:\/\/hotelpalmeral.com\/senderismo-en-benidorm-ruta-la-punta-de-la-escaleta\/#breadcrumb","itemListElement":[{"@type":"ListItem","position":1,"name":"Portada","item":"https:\/\/hotelpalmeral.com\/"},{"@type":"ListItem","position":2,"name":"Senderismo en Benidorm: Ruta la Punta de la escaleta"}]},{"@type":"WebSite","@id":"https:\/\/hotelpalmeral.com\/#website","url":"https:\/\/hotelpalmeral.com\/","name":"Hotel El Palmeral","description":"Hotel en Benidorm","publisher":{"@id":"https:\/\/hotelpalmeral.com\/#organization"},"potentialAction":[{"@type":"SearchAction","target":{"@type":"EntryPoint","urlTemplate":"https:\/\/hotelpalmeral.com\/?s={search_term_string}"},"query-input":{"@type":"PropertyValueSpecification","valueRequired":true,"valueName":"search_term_string"}}],"inLanguage":"de"},{"@type":"Organization","@id":"https:\/\/hotelpalmeral.com\/#organization","name":"Hotel El Palmeral","url":"https:\/\/hotelpalmeral.com\/","logo":{"@type":"ImageObject","inLanguage":"de","@id":"https:\/\/hotelpalmeral.com\/#\/schema\/logo\/image\/","url":"https:\/\/hotelpalmeral.com\/wp-content\/uploads\/2023\/03\/Logo-footer.png","contentUrl":"https:\/\/hotelpalmeral.com\/wp-content\/uploads\/2023\/03\/Logo-footer.png","width":229,"height":265,"caption":"Hotel El Palmeral"},"image":{"@id":"https:\/\/hotelpalmeral.com\/#\/schema\/logo\/image\/"},"sameAs":["https:\/\/www.facebook.com\/HotelPalmeralBenidorm","https:\/\/x.com\/hotelelpalmeral","https:\/\/www.instagram.com\/hotelpalmeralbenidorm\/"]},{"@type":"Person","@id":"https:\/\/hotelpalmeral.com\/#\/schema\/person\/c8066d1b13fdf1bac6d45a1394738ca6","name":"admin_palmeral","image":{"@type":"ImageObject","inLanguage":"de","@id":"https:\/\/secure.gravatar.com\/avatar\/6b12524dda5bc713fd067188ac2e02862b3e463150f6095efe68cfd0e19d3b11?s=96&d=mm&r=g","url":"https:\/\/secure.gravatar.com\/avatar\/6b12524dda5bc713fd067188ac2e02862b3e463150f6095efe68cfd0e19d3b11?s=96&d=mm&r=g","contentUrl":"https:\/\/secure.gravatar.com\/avatar\/6b12524dda5bc713fd067188ac2e02862b3e463150f6095efe68cfd0e19d3b11?s=96&d=mm&r=g","caption":"admin_palmeral"},"sameAs":["http:\/\/hotelpalmeral.com"],"url":"https:\/\/hotelpalmeral.com\/de\/author\/admin_palmeral\/"}]}},"_links":{"self":[{"href":"https:\/\/hotelpalmeral.com\/de\/wp-json\/wp\/v2\/posts\/1164","targetHints":{"allow":["GET"]}}],"collection":[{"href":"https:\/\/hotelpalmeral.com\/de\/wp-json\/wp\/v2\/posts"}],"about":[{"href":"https:\/\/hotelpalmeral.com\/de\/wp-json\/wp\/v2\/types\/post"}],"author":[{"embeddable":true,"href":"https:\/\/hotelpalmeral.com\/de\/wp-json\/wp\/v2\/users\/1"}],"replies":[{"embeddable":true,"href":"https:\/\/hotelpalmeral.com\/de\/wp-json\/wp\/v2\/comments?post=1164"}],"version-history":[{"count":0,"href":"https:\/\/hotelpalmeral.com\/de\/wp-json\/wp\/v2\/posts\/1164\/revisions"}],"wp:attachment":[{"href":"https:\/\/hotelpalmeral.com\/de\/wp-json\/wp\/v2\/media?parent=1164"}],"wp:term":[{"taxonomy":"category","embeddable":true,"href":"https:\/\/hotelpalmeral.com\/de\/wp-json\/wp\/v2\/categories?post=1164"},{"taxonomy":"post_tag","embeddable":true,"href":"https:\/\/hotelpalmeral.com\/de\/wp-json\/wp\/v2\/tags?post=1164"}],"curies":[{"name":"wp","href":"https:\/\/api.w.org\/{rel}","templated":true}]}}