{"id":1140,"date":"2010-08-31T14:12:00","date_gmt":"2010-08-31T14:12:00","guid":{"rendered":"http:\/\/blog.hotelpalmeral.com\/?p=877"},"modified":"2010-08-31T14:12:00","modified_gmt":"2010-08-31T14:12:00","slug":"opinion-de-un-cliente-del-hotel-el-palmeral","status":"publish","type":"post","link":"https:\/\/hotelpalmeral.com\/de\/opinion-de-un-cliente-del-hotel-el-palmeral\/","title":{"rendered":"Opini\u00f3n de un cliente del Hotel el Palmeral"},"content":{"rendered":"<p>Hola a todos!<br \/>Hoy subimos un comentario de unos clientes que han estado en el Hotel\u00a0 este fin de semana:<\/p>\n<p>Hemos disfrutado unas maravillosas \u00abmini-vacaciones\u00bb familiares en el hotel Palmeral junto a nuestra mascota. El ambiente familiar, el equipo de trabajo excelente te hace sentir como \u00aben casa\u00bb, las comidas deliciosas, elaboradas con productos de calidad y con un ingrediente muy especial, se siente que est\u00e1n \u00abhechas con amor\u00bb, ya que el cocinero se encarga personalmente, de saber si est\u00e1s a gusto, si hay algo que te gustar\u00eda comer, en fin en los 10 d\u00edas hemos disfrutado de variadas, sencillas, caseras y exquisitas comidas y postres. El trato de cada persona con la te relacionas es excelente, prima el respeto, la amabilidad, el que te sientas a gusto y disfrutes a pleno tus vacaciones&#8230;Felicitaciones!Lo m\u00e1s importante, las mascotas son tratadas con mucho cari\u00f1o y respeto, adem\u00e1s no hay que pagar ning\u00fan complemento por ellas, cosa que es de destacar, ya que habitualmente viajamos con \u00e9l y siempre tenemos que pagarlo ser\u00e1 porque repira aire? Gracias y sigan creciendo y trabajando as\u00ed&#8230;d\u00e1 gusto pasar <a href=\"https:\/\/hotelpalmeral.com\/de\/\">vacaciones<\/a> con vosotros, repetiremos sin duda!!!!! Patricia, Daniel, Gladys, Malcom y \u00abUno\u00bb Babbitt.<\/p>\n<p>Gracias por vuestra colaboraci\u00f3n<br \/>Hotel el Palmeral, <a href=\"https:\/\/hotelpalmeral.com\/de\/\">hotel la Cala Benidorm<\/a><\/p>","protected":false},"excerpt":{"rendered":"<p>Hola a todos!Hoy subimos un comentario de unos clientes que han estado en el Hotel\u00a0 este fin de semana: Hemos disfrutado unas maravillosas \u00abmini-vacaciones\u00bb familiares en el hotel Palmeral junto a nuestra mascota. El ambiente familiar, el equipo de trabajo excelente te hace sentir como \u00aben casa\u00bb, las comidas deliciosas, elaboradas con productos de calidad [&hellip;]<\/p>\n","protected":false},"author":1,"featured_media":0,"comment_status":"open","ping_status":"open","sticky":false,"template":"","format":"standard","meta":{"inline_featured_image":false,"footnotes":""},"categories":[18],"tags":[],"class_list":["post-1140","post","type-post","status-publish","format-standard","hentry","category-opine-y-pregunte-sobre-el-hotel"],"yoast_head":"<!-- This site is optimized with the Yoast SEO plugin v27.5 - https:\/\/yoast.com\/product\/yoast-seo-wordpress\/ -->\r\n<title>Opini\u00f3n de un cliente del Hotel el Palmeral - Hotel El Palmeral<\/title>\r\n<meta name=\"robots\" content=\"index, follow, max-snippet:-1, max-image-preview:large, max-video-preview:-1\" \/>\r\n<link rel=\"canonical\" href=\"https:\/\/hotelpalmeral.com\/de\/opinion-de-un-cliente-del-hotel-el-palmeral\/\" \/>\r\n<meta property=\"og:locale\" content=\"de_DE\" \/>\r\n<meta property=\"og:type\" content=\"article\" \/>\r\n<meta property=\"og:title\" content=\"Opini\u00f3n de un cliente del Hotel el Palmeral - Hotel El Palmeral\" \/>\r\n<meta property=\"og:description\" content=\"Hola a todos!Hoy subimos un comentario de unos clientes que han estado en el Hotel\u00a0 este fin de semana: Hemos disfrutado unas maravillosas \u00abmini-vacaciones\u00bb familiares en el hotel Palmeral junto a nuestra mascota. El ambiente familiar, el equipo de trabajo excelente te hace sentir como \u00aben casa\u00bb, las comidas deliciosas, elaboradas con productos de calidad [&hellip;]\" \/>\r\n<meta property=\"og:url\" content=\"https:\/\/hotelpalmeral.com\/de\/opinion-de-un-cliente-del-hotel-el-palmeral\/\" \/>\r\n<meta property=\"og:site_name\" content=\"Hotel El Palmeral\" \/>\r\n<meta property=\"article:publisher\" content=\"https:\/\/www.facebook.com\/HotelPalmeralBenidorm\" \/>\r\n<meta property=\"article:published_time\" content=\"2010-08-31T14:12:00+00:00\" \/>\r\n<meta name=\"author\" content=\"admin_palmeral\" \/>\r\n<meta name=\"twitter:card\" content=\"summary_large_image\" \/>\r\n<meta name=\"twitter:creator\" content=\"@hotelelpalmeral\" \/>\r\n<meta name=\"twitter:site\" content=\"@hotelelpalmeral\" \/>\r\n<meta name=\"twitter:label1\" content=\"Verfasst von\" \/>\n\t<meta name=\"twitter:data1\" content=\"admin_palmeral\" \/>\n\t<meta name=\"twitter:label2\" content=\"Gesch\u00e4tzte Lesezeit\" \/>\n\t<meta name=\"twitter:data2\" content=\"1\u00a0Minute\" \/>\r\n<script type=\"application\/ld+json\" class=\"yoast-schema-graph\">{\"@context\":\"https:\\\/\\\/schema.org\",\"@graph\":[{\"@type\":\"Article\",\"@id\":\"https:\\\/\\\/hotelpalmeral.com\\\/opinion-de-un-cliente-del-hotel-el-palmeral\\\/#article\",\"isPartOf\":{\"@id\":\"https:\\\/\\\/hotelpalmeral.com\\\/opinion-de-un-cliente-del-hotel-el-palmeral\\\/\"},\"author\":{\"name\":\"admin_palmeral\",\"@id\":\"https:\\\/\\\/hotelpalmeral.com\\\/#\\\/schema\\\/person\\\/c8066d1b13fdf1bac6d45a1394738ca6\"},\"headline\":\"Opini\u00f3n de un cliente del Hotel el Palmeral\",\"datePublished\":\"2010-08-31T14:12:00+00:00\",\"mainEntityOfPage\":{\"@id\":\"https:\\\/\\\/hotelpalmeral.com\\\/opinion-de-un-cliente-del-hotel-el-palmeral\\\/\"},\"wordCount\":226,\"commentCount\":0,\"publisher\":{\"@id\":\"https:\\\/\\\/hotelpalmeral.com\\\/#organization\"},\"articleSection\":[\"Opine y pregunte sobre el Hotel\"],\"inLanguage\":\"de\",\"potentialAction\":[{\"@type\":\"CommentAction\",\"name\":\"Comment\",\"target\":[\"https:\\\/\\\/hotelpalmeral.com\\\/opinion-de-un-cliente-del-hotel-el-palmeral\\\/#respond\"]}]},{\"@type\":\"WebPage\",\"@id\":\"https:\\\/\\\/hotelpalmeral.com\\\/opinion-de-un-cliente-del-hotel-el-palmeral\\\/\",\"url\":\"https:\\\/\\\/hotelpalmeral.com\\\/opinion-de-un-cliente-del-hotel-el-palmeral\\\/\",\"name\":\"Opini\u00f3n de un cliente del Hotel el Palmeral - Hotel El Palmeral\",\"isPartOf\":{\"@id\":\"https:\\\/\\\/hotelpalmeral.com\\\/#website\"},\"datePublished\":\"2010-08-31T14:12:00+00:00\",\"breadcrumb\":{\"@id\":\"https:\\\/\\\/hotelpalmeral.com\\\/opinion-de-un-cliente-del-hotel-el-palmeral\\\/#breadcrumb\"},\"inLanguage\":\"de\",\"potentialAction\":[{\"@type\":\"ReadAction\",\"target\":[\"https:\\\/\\\/hotelpalmeral.com\\\/opinion-de-un-cliente-del-hotel-el-palmeral\\\/\"]}]},{\"@type\":\"BreadcrumbList\",\"@id\":\"https:\\\/\\\/hotelpalmeral.com\\\/opinion-de-un-cliente-del-hotel-el-palmeral\\\/#breadcrumb\",\"itemListElement\":[{\"@type\":\"ListItem\",\"position\":1,\"name\":\"Portada\",\"item\":\"https:\\\/\\\/hotelpalmeral.com\\\/\"},{\"@type\":\"ListItem\",\"position\":2,\"name\":\"Opini\u00f3n de un cliente del Hotel el Palmeral\"}]},{\"@type\":\"WebSite\",\"@id\":\"https:\\\/\\\/hotelpalmeral.com\\\/#website\",\"url\":\"https:\\\/\\\/hotelpalmeral.com\\\/\",\"name\":\"Hotel El Palmeral\",\"description\":\"Hotel en Benidorm\",\"publisher\":{\"@id\":\"https:\\\/\\\/hotelpalmeral.com\\\/#organization\"},\"potentialAction\":[{\"@type\":\"SearchAction\",\"target\":{\"@type\":\"EntryPoint\",\"urlTemplate\":\"https:\\\/\\\/hotelpalmeral.com\\\/?s={search_term_string}\"},\"query-input\":{\"@type\":\"PropertyValueSpecification\",\"valueRequired\":true,\"valueName\":\"search_term_string\"}}],\"inLanguage\":\"de\"},{\"@type\":\"Organization\",\"@id\":\"https:\\\/\\\/hotelpalmeral.com\\\/#organization\",\"name\":\"Hotel El Palmeral\",\"url\":\"https:\\\/\\\/hotelpalmeral.com\\\/\",\"logo\":{\"@type\":\"ImageObject\",\"inLanguage\":\"de\",\"@id\":\"https:\\\/\\\/hotelpalmeral.com\\\/#\\\/schema\\\/logo\\\/image\\\/\",\"url\":\"https:\\\/\\\/hotelpalmeral.com\\\/wp-content\\\/uploads\\\/2023\\\/03\\\/Logo-footer.png\",\"contentUrl\":\"https:\\\/\\\/hotelpalmeral.com\\\/wp-content\\\/uploads\\\/2023\\\/03\\\/Logo-footer.png\",\"width\":229,\"height\":265,\"caption\":\"Hotel El Palmeral\"},\"image\":{\"@id\":\"https:\\\/\\\/hotelpalmeral.com\\\/#\\\/schema\\\/logo\\\/image\\\/\"},\"sameAs\":[\"https:\\\/\\\/www.facebook.com\\\/HotelPalmeralBenidorm\",\"https:\\\/\\\/x.com\\\/hotelelpalmeral\",\"https:\\\/\\\/www.instagram.com\\\/hotelpalmeralbenidorm\\\/\"]},{\"@type\":\"Person\",\"@id\":\"https:\\\/\\\/hotelpalmeral.com\\\/#\\\/schema\\\/person\\\/c8066d1b13fdf1bac6d45a1394738ca6\",\"name\":\"admin_palmeral\",\"image\":{\"@type\":\"ImageObject\",\"inLanguage\":\"de\",\"@id\":\"https:\\\/\\\/secure.gravatar.com\\\/avatar\\\/6b12524dda5bc713fd067188ac2e02862b3e463150f6095efe68cfd0e19d3b11?s=96&d=mm&r=g\",\"url\":\"https:\\\/\\\/secure.gravatar.com\\\/avatar\\\/6b12524dda5bc713fd067188ac2e02862b3e463150f6095efe68cfd0e19d3b11?s=96&d=mm&r=g\",\"contentUrl\":\"https:\\\/\\\/secure.gravatar.com\\\/avatar\\\/6b12524dda5bc713fd067188ac2e02862b3e463150f6095efe68cfd0e19d3b11?s=96&d=mm&r=g\",\"caption\":\"admin_palmeral\"},\"sameAs\":[\"http:\\\/\\\/hotelpalmeral.com\"],\"url\":\"https:\\\/\\\/hotelpalmeral.com\\\/de\\\/author\\\/admin_palmeral\\\/\"}]}<\/script>\r\n<!-- \/ Yoast SEO plugin. -->","yoast_head_json":{"title":"Opini\u00f3n de un cliente del Hotel el Palmeral - Hotel El Palmeral","robots":{"index":"index","follow":"follow","max-snippet":"max-snippet:-1","max-image-preview":"max-image-preview:large","max-video-preview":"max-video-preview:-1"},"canonical":"https:\/\/hotelpalmeral.com\/de\/opinion-de-un-cliente-del-hotel-el-palmeral\/","og_locale":"de_DE","og_type":"article","og_title":"Opini\u00f3n de un cliente del Hotel el Palmeral - Hotel El Palmeral","og_description":"Hola a todos!Hoy subimos un comentario de unos clientes que han estado en el Hotel\u00a0 este fin de semana: Hemos disfrutado unas maravillosas \u00abmini-vacaciones\u00bb familiares en el hotel Palmeral junto a nuestra mascota. El ambiente familiar, el equipo de trabajo excelente te hace sentir como \u00aben casa\u00bb, las comidas deliciosas, elaboradas con productos de calidad [&hellip;]","og_url":"https:\/\/hotelpalmeral.com\/de\/opinion-de-un-cliente-del-hotel-el-palmeral\/","og_site_name":"Hotel El Palmeral","article_publisher":"https:\/\/www.facebook.com\/HotelPalmeralBenidorm","article_published_time":"2010-08-31T14:12:00+00:00","author":"admin_palmeral","twitter_card":"summary_large_image","twitter_creator":"@hotelelpalmeral","twitter_site":"@hotelelpalmeral","twitter_misc":{"Verfasst von":"admin_palmeral","Gesch\u00e4tzte Lesezeit":"1\u00a0Minute"},"schema":{"@context":"https:\/\/schema.org","@graph":[{"@type":"Article","@id":"https:\/\/hotelpalmeral.com\/opinion-de-un-cliente-del-hotel-el-palmeral\/#article","isPartOf":{"@id":"https:\/\/hotelpalmeral.com\/opinion-de-un-cliente-del-hotel-el-palmeral\/"},"author":{"name":"admin_palmeral","@id":"https:\/\/hotelpalmeral.com\/#\/schema\/person\/c8066d1b13fdf1bac6d45a1394738ca6"},"headline":"Opini\u00f3n de un cliente del Hotel el Palmeral","datePublished":"2010-08-31T14:12:00+00:00","mainEntityOfPage":{"@id":"https:\/\/hotelpalmeral.com\/opinion-de-un-cliente-del-hotel-el-palmeral\/"},"wordCount":226,"commentCount":0,"publisher":{"@id":"https:\/\/hotelpalmeral.com\/#organization"},"articleSection":["Opine y pregunte sobre el Hotel"],"inLanguage":"de","potentialAction":[{"@type":"CommentAction","name":"Comment","target":["https:\/\/hotelpalmeral.com\/opinion-de-un-cliente-del-hotel-el-palmeral\/#respond"]}]},{"@type":"WebPage","@id":"https:\/\/hotelpalmeral.com\/opinion-de-un-cliente-del-hotel-el-palmeral\/","url":"https:\/\/hotelpalmeral.com\/opinion-de-un-cliente-del-hotel-el-palmeral\/","name":"Opini\u00f3n de un cliente del Hotel el Palmeral - Hotel El Palmeral","isPartOf":{"@id":"https:\/\/hotelpalmeral.com\/#website"},"datePublished":"2010-08-31T14:12:00+00:00","breadcrumb":{"@id":"https:\/\/hotelpalmeral.com\/opinion-de-un-cliente-del-hotel-el-palmeral\/#breadcrumb"},"inLanguage":"de","potentialAction":[{"@type":"ReadAction","target":["https:\/\/hotelpalmeral.com\/opinion-de-un-cliente-del-hotel-el-palmeral\/"]}]},{"@type":"BreadcrumbList","@id":"https:\/\/hotelpalmeral.com\/opinion-de-un-cliente-del-hotel-el-palmeral\/#breadcrumb","itemListElement":[{"@type":"ListItem","position":1,"name":"Portada","item":"https:\/\/hotelpalmeral.com\/"},{"@type":"ListItem","position":2,"name":"Opini\u00f3n de un cliente del Hotel el Palmeral"}]},{"@type":"WebSite","@id":"https:\/\/hotelpalmeral.com\/#website","url":"https:\/\/hotelpalmeral.com\/","name":"Hotel El Palmeral","description":"Hotel en Benidorm","publisher":{"@id":"https:\/\/hotelpalmeral.com\/#organization"},"potentialAction":[{"@type":"SearchAction","target":{"@type":"EntryPoint","urlTemplate":"https:\/\/hotelpalmeral.com\/?s={search_term_string}"},"query-input":{"@type":"PropertyValueSpecification","valueRequired":true,"valueName":"search_term_string"}}],"inLanguage":"de"},{"@type":"Organization","@id":"https:\/\/hotelpalmeral.com\/#organization","name":"Hotel El Palmeral","url":"https:\/\/hotelpalmeral.com\/","logo":{"@type":"ImageObject","inLanguage":"de","@id":"https:\/\/hotelpalmeral.com\/#\/schema\/logo\/image\/","url":"https:\/\/hotelpalmeral.com\/wp-content\/uploads\/2023\/03\/Logo-footer.png","contentUrl":"https:\/\/hotelpalmeral.com\/wp-content\/uploads\/2023\/03\/Logo-footer.png","width":229,"height":265,"caption":"Hotel El Palmeral"},"image":{"@id":"https:\/\/hotelpalmeral.com\/#\/schema\/logo\/image\/"},"sameAs":["https:\/\/www.facebook.com\/HotelPalmeralBenidorm","https:\/\/x.com\/hotelelpalmeral","https:\/\/www.instagram.com\/hotelpalmeralbenidorm\/"]},{"@type":"Person","@id":"https:\/\/hotelpalmeral.com\/#\/schema\/person\/c8066d1b13fdf1bac6d45a1394738ca6","name":"admin_palmeral","image":{"@type":"ImageObject","inLanguage":"de","@id":"https:\/\/secure.gravatar.com\/avatar\/6b12524dda5bc713fd067188ac2e02862b3e463150f6095efe68cfd0e19d3b11?s=96&d=mm&r=g","url":"https:\/\/secure.gravatar.com\/avatar\/6b12524dda5bc713fd067188ac2e02862b3e463150f6095efe68cfd0e19d3b11?s=96&d=mm&r=g","contentUrl":"https:\/\/secure.gravatar.com\/avatar\/6b12524dda5bc713fd067188ac2e02862b3e463150f6095efe68cfd0e19d3b11?s=96&d=mm&r=g","caption":"admin_palmeral"},"sameAs":["http:\/\/hotelpalmeral.com"],"url":"https:\/\/hotelpalmeral.com\/de\/author\/admin_palmeral\/"}]}},"_links":{"self":[{"href":"https:\/\/hotelpalmeral.com\/de\/wp-json\/wp\/v2\/posts\/1140","targetHints":{"allow":["GET"]}}],"collection":[{"href":"https:\/\/hotelpalmeral.com\/de\/wp-json\/wp\/v2\/posts"}],"about":[{"href":"https:\/\/hotelpalmeral.com\/de\/wp-json\/wp\/v2\/types\/post"}],"author":[{"embeddable":true,"href":"https:\/\/hotelpalmeral.com\/de\/wp-json\/wp\/v2\/users\/1"}],"replies":[{"embeddable":true,"href":"https:\/\/hotelpalmeral.com\/de\/wp-json\/wp\/v2\/comments?post=1140"}],"version-history":[{"count":0,"href":"https:\/\/hotelpalmeral.com\/de\/wp-json\/wp\/v2\/posts\/1140\/revisions"}],"wp:attachment":[{"href":"https:\/\/hotelpalmeral.com\/de\/wp-json\/wp\/v2\/media?parent=1140"}],"wp:term":[{"taxonomy":"category","embeddable":true,"href":"https:\/\/hotelpalmeral.com\/de\/wp-json\/wp\/v2\/categories?post=1140"},{"taxonomy":"post_tag","embeddable":true,"href":"https:\/\/hotelpalmeral.com\/de\/wp-json\/wp\/v2\/tags?post=1140"}],"curies":[{"name":"wp","href":"https:\/\/api.w.org\/{rel}","templated":true}]}}