{"id":1076,"date":"2010-03-25T13:58:00","date_gmt":"2010-03-25T13:58:00","guid":{"rendered":"http:\/\/blog.hotelpalmeral.com\/?p=969"},"modified":"2010-03-25T13:58:00","modified_gmt":"2010-03-25T13:58:00","slug":"gran-premio-de-turismo-activo-en-benidorm-raid-multiaventura","status":"publish","type":"post","link":"https:\/\/hotelpalmeral.com\/de\/gran-premio-de-turismo-activo-en-benidorm-raid-multiaventura\/","title":{"rendered":"Gran premio de turismo activo en Benidorm: Raid Multiaventura"},"content":{"rendered":"<p>Se celebra una prueba en Benidorm el 15 y 16 de mayo de Boomerang Orientaventura.<br \/>Por lo que he podido entender, se trata de un tipo gincana donde hay un circuito en medio de la naturaleza que hay que recorren en un equipo de 2 personas y adem\u00e1s realizar pruebas f\u00edsicas.Parece ser que tampoco se requiere estar en pelna forma!<br \/>Par m\u00e1s informaci\u00f3n pod\u00e9is visitar la web de <a href=\"http:\/\/www.boomerangorientaventura.com\/boomerang2010\/secciones.aspx?i=40&#038;ev=12\">Boomerang <\/a><br \/>Si alguien ha participado en otra ocasi\u00f3n en esta prueba que nos lo cuente ya si nos ayuda a aclararlo.<br \/>Un saludo <br \/>Hotel el Palmeral<br \/>Su <a href=\"https:\/\/hotelpalmeral.com\/de\/\">hotel en la Cala de Benidorm<\/a><\/p>","protected":false},"excerpt":{"rendered":"<p>Se celebra una prueba en Benidorm el 15 y 16 de mayo de Boomerang Orientaventura.Por lo que he podido entender, se trata de un tipo gincana donde hay un circuito en medio de la naturaleza que hay que recorren en un equipo de 2 personas y adem\u00e1s realizar pruebas f\u00edsicas.Parece ser que tampoco se requiere [&hellip;]<\/p>\n","protected":false},"author":1,"featured_media":0,"comment_status":"open","ping_status":"open","sticky":false,"template":"","format":"standard","meta":{"inline_featured_image":false,"footnotes":""},"categories":[16],"tags":[],"class_list":["post-1076","post","type-post","status-publish","format-standard","hentry","category-agenda-cultural-y-de-ocio-de-benidorm"],"yoast_head":"<!-- This site is optimized with the Yoast SEO plugin v27.5 - https:\/\/yoast.com\/product\/yoast-seo-wordpress\/ -->\r\n<title>Gran premio de turismo activo en Benidorm: Raid Multiaventura - Hotel El Palmeral<\/title>\r\n<meta name=\"robots\" content=\"index, follow, max-snippet:-1, max-image-preview:large, max-video-preview:-1\" \/>\r\n<link rel=\"canonical\" href=\"https:\/\/hotelpalmeral.com\/de\/gran-premio-de-turismo-activo-en-benidorm-raid-multiaventura\/\" \/>\r\n<meta property=\"og:locale\" content=\"de_DE\" \/>\r\n<meta property=\"og:type\" content=\"article\" \/>\r\n<meta property=\"og:title\" content=\"Gran premio de turismo activo en Benidorm: Raid Multiaventura - Hotel El Palmeral\" \/>\r\n<meta property=\"og:description\" content=\"Se celebra una prueba en Benidorm el 15 y 16 de mayo de Boomerang Orientaventura.Por lo que he podido entender, se trata de un tipo gincana donde hay un circuito en medio de la naturaleza que hay que recorren en un equipo de 2 personas y adem\u00e1s realizar pruebas f\u00edsicas.Parece ser que tampoco se requiere [&hellip;]\" \/>\r\n<meta property=\"og:url\" content=\"https:\/\/hotelpalmeral.com\/de\/gran-premio-de-turismo-activo-en-benidorm-raid-multiaventura\/\" \/>\r\n<meta property=\"og:site_name\" content=\"Hotel El Palmeral\" \/>\r\n<meta property=\"article:publisher\" content=\"https:\/\/www.facebook.com\/HotelPalmeralBenidorm\" \/>\r\n<meta property=\"article:published_time\" content=\"2010-03-25T13:58:00+00:00\" \/>\r\n<meta name=\"author\" content=\"admin_palmeral\" \/>\r\n<meta name=\"twitter:card\" content=\"summary_large_image\" \/>\r\n<meta name=\"twitter:creator\" content=\"@hotelelpalmeral\" \/>\r\n<meta name=\"twitter:site\" content=\"@hotelelpalmeral\" \/>\r\n<meta name=\"twitter:label1\" content=\"Verfasst von\" \/>\n\t<meta name=\"twitter:data1\" content=\"admin_palmeral\" \/>\n\t<meta name=\"twitter:label2\" content=\"Gesch\u00e4tzte Lesezeit\" \/>\n\t<meta name=\"twitter:data2\" content=\"1\u00a0Minute\" \/>\r\n<script type=\"application\/ld+json\" class=\"yoast-schema-graph\">{\"@context\":\"https:\\\/\\\/schema.org\",\"@graph\":[{\"@type\":\"Article\",\"@id\":\"https:\\\/\\\/hotelpalmeral.com\\\/gran-premio-de-turismo-activo-en-benidorm-raid-multiaventura\\\/#article\",\"isPartOf\":{\"@id\":\"https:\\\/\\\/hotelpalmeral.com\\\/gran-premio-de-turismo-activo-en-benidorm-raid-multiaventura\\\/\"},\"author\":{\"name\":\"admin_palmeral\",\"@id\":\"https:\\\/\\\/hotelpalmeral.com\\\/#\\\/schema\\\/person\\\/c8066d1b13fdf1bac6d45a1394738ca6\"},\"headline\":\"Gran premio de turismo activo en Benidorm: Raid Multiaventura\",\"datePublished\":\"2010-03-25T13:58:00+00:00\",\"mainEntityOfPage\":{\"@id\":\"https:\\\/\\\/hotelpalmeral.com\\\/gran-premio-de-turismo-activo-en-benidorm-raid-multiaventura\\\/\"},\"wordCount\":113,\"commentCount\":0,\"publisher\":{\"@id\":\"https:\\\/\\\/hotelpalmeral.com\\\/#organization\"},\"articleSection\":[\"Agenda cultural y de ocio de Benidorm\"],\"inLanguage\":\"de\",\"potentialAction\":[{\"@type\":\"CommentAction\",\"name\":\"Comment\",\"target\":[\"https:\\\/\\\/hotelpalmeral.com\\\/gran-premio-de-turismo-activo-en-benidorm-raid-multiaventura\\\/#respond\"]}]},{\"@type\":\"WebPage\",\"@id\":\"https:\\\/\\\/hotelpalmeral.com\\\/gran-premio-de-turismo-activo-en-benidorm-raid-multiaventura\\\/\",\"url\":\"https:\\\/\\\/hotelpalmeral.com\\\/gran-premio-de-turismo-activo-en-benidorm-raid-multiaventura\\\/\",\"name\":\"Gran premio de turismo activo en Benidorm: Raid Multiaventura - Hotel El Palmeral\",\"isPartOf\":{\"@id\":\"https:\\\/\\\/hotelpalmeral.com\\\/#website\"},\"datePublished\":\"2010-03-25T13:58:00+00:00\",\"breadcrumb\":{\"@id\":\"https:\\\/\\\/hotelpalmeral.com\\\/gran-premio-de-turismo-activo-en-benidorm-raid-multiaventura\\\/#breadcrumb\"},\"inLanguage\":\"de\",\"potentialAction\":[{\"@type\":\"ReadAction\",\"target\":[\"https:\\\/\\\/hotelpalmeral.com\\\/gran-premio-de-turismo-activo-en-benidorm-raid-multiaventura\\\/\"]}]},{\"@type\":\"BreadcrumbList\",\"@id\":\"https:\\\/\\\/hotelpalmeral.com\\\/gran-premio-de-turismo-activo-en-benidorm-raid-multiaventura\\\/#breadcrumb\",\"itemListElement\":[{\"@type\":\"ListItem\",\"position\":1,\"name\":\"Portada\",\"item\":\"https:\\\/\\\/hotelpalmeral.com\\\/\"},{\"@type\":\"ListItem\",\"position\":2,\"name\":\"Gran premio de turismo activo en Benidorm: Raid Multiaventura\"}]},{\"@type\":\"WebSite\",\"@id\":\"https:\\\/\\\/hotelpalmeral.com\\\/#website\",\"url\":\"https:\\\/\\\/hotelpalmeral.com\\\/\",\"name\":\"Hotel El Palmeral\",\"description\":\"Hotel en Benidorm\",\"publisher\":{\"@id\":\"https:\\\/\\\/hotelpalmeral.com\\\/#organization\"},\"potentialAction\":[{\"@type\":\"SearchAction\",\"target\":{\"@type\":\"EntryPoint\",\"urlTemplate\":\"https:\\\/\\\/hotelpalmeral.com\\\/?s={search_term_string}\"},\"query-input\":{\"@type\":\"PropertyValueSpecification\",\"valueRequired\":true,\"valueName\":\"search_term_string\"}}],\"inLanguage\":\"de\"},{\"@type\":\"Organization\",\"@id\":\"https:\\\/\\\/hotelpalmeral.com\\\/#organization\",\"name\":\"Hotel El Palmeral\",\"url\":\"https:\\\/\\\/hotelpalmeral.com\\\/\",\"logo\":{\"@type\":\"ImageObject\",\"inLanguage\":\"de\",\"@id\":\"https:\\\/\\\/hotelpalmeral.com\\\/#\\\/schema\\\/logo\\\/image\\\/\",\"url\":\"https:\\\/\\\/hotelpalmeral.com\\\/wp-content\\\/uploads\\\/2023\\\/03\\\/Logo-footer.png\",\"contentUrl\":\"https:\\\/\\\/hotelpalmeral.com\\\/wp-content\\\/uploads\\\/2023\\\/03\\\/Logo-footer.png\",\"width\":229,\"height\":265,\"caption\":\"Hotel El Palmeral\"},\"image\":{\"@id\":\"https:\\\/\\\/hotelpalmeral.com\\\/#\\\/schema\\\/logo\\\/image\\\/\"},\"sameAs\":[\"https:\\\/\\\/www.facebook.com\\\/HotelPalmeralBenidorm\",\"https:\\\/\\\/x.com\\\/hotelelpalmeral\",\"https:\\\/\\\/www.instagram.com\\\/hotelpalmeralbenidorm\\\/\"]},{\"@type\":\"Person\",\"@id\":\"https:\\\/\\\/hotelpalmeral.com\\\/#\\\/schema\\\/person\\\/c8066d1b13fdf1bac6d45a1394738ca6\",\"name\":\"admin_palmeral\",\"image\":{\"@type\":\"ImageObject\",\"inLanguage\":\"de\",\"@id\":\"https:\\\/\\\/secure.gravatar.com\\\/avatar\\\/6b12524dda5bc713fd067188ac2e02862b3e463150f6095efe68cfd0e19d3b11?s=96&d=mm&r=g\",\"url\":\"https:\\\/\\\/secure.gravatar.com\\\/avatar\\\/6b12524dda5bc713fd067188ac2e02862b3e463150f6095efe68cfd0e19d3b11?s=96&d=mm&r=g\",\"contentUrl\":\"https:\\\/\\\/secure.gravatar.com\\\/avatar\\\/6b12524dda5bc713fd067188ac2e02862b3e463150f6095efe68cfd0e19d3b11?s=96&d=mm&r=g\",\"caption\":\"admin_palmeral\"},\"sameAs\":[\"http:\\\/\\\/hotelpalmeral.com\"],\"url\":\"https:\\\/\\\/hotelpalmeral.com\\\/de\\\/author\\\/admin_palmeral\\\/\"}]}<\/script>\r\n<!-- \/ Yoast SEO plugin. -->","yoast_head_json":{"title":"Gran premio de turismo activo en Benidorm: Raid Multiaventura - Hotel El Palmeral","robots":{"index":"index","follow":"follow","max-snippet":"max-snippet:-1","max-image-preview":"max-image-preview:large","max-video-preview":"max-video-preview:-1"},"canonical":"https:\/\/hotelpalmeral.com\/de\/gran-premio-de-turismo-activo-en-benidorm-raid-multiaventura\/","og_locale":"de_DE","og_type":"article","og_title":"Gran premio de turismo activo en Benidorm: Raid Multiaventura - Hotel El Palmeral","og_description":"Se celebra una prueba en Benidorm el 15 y 16 de mayo de Boomerang Orientaventura.Por lo que he podido entender, se trata de un tipo gincana donde hay un circuito en medio de la naturaleza que hay que recorren en un equipo de 2 personas y adem\u00e1s realizar pruebas f\u00edsicas.Parece ser que tampoco se requiere [&hellip;]","og_url":"https:\/\/hotelpalmeral.com\/de\/gran-premio-de-turismo-activo-en-benidorm-raid-multiaventura\/","og_site_name":"Hotel El Palmeral","article_publisher":"https:\/\/www.facebook.com\/HotelPalmeralBenidorm","article_published_time":"2010-03-25T13:58:00+00:00","author":"admin_palmeral","twitter_card":"summary_large_image","twitter_creator":"@hotelelpalmeral","twitter_site":"@hotelelpalmeral","twitter_misc":{"Verfasst von":"admin_palmeral","Gesch\u00e4tzte Lesezeit":"1\u00a0Minute"},"schema":{"@context":"https:\/\/schema.org","@graph":[{"@type":"Article","@id":"https:\/\/hotelpalmeral.com\/gran-premio-de-turismo-activo-en-benidorm-raid-multiaventura\/#article","isPartOf":{"@id":"https:\/\/hotelpalmeral.com\/gran-premio-de-turismo-activo-en-benidorm-raid-multiaventura\/"},"author":{"name":"admin_palmeral","@id":"https:\/\/hotelpalmeral.com\/#\/schema\/person\/c8066d1b13fdf1bac6d45a1394738ca6"},"headline":"Gran premio de turismo activo en Benidorm: Raid Multiaventura","datePublished":"2010-03-25T13:58:00+00:00","mainEntityOfPage":{"@id":"https:\/\/hotelpalmeral.com\/gran-premio-de-turismo-activo-en-benidorm-raid-multiaventura\/"},"wordCount":113,"commentCount":0,"publisher":{"@id":"https:\/\/hotelpalmeral.com\/#organization"},"articleSection":["Agenda cultural y de ocio de Benidorm"],"inLanguage":"de","potentialAction":[{"@type":"CommentAction","name":"Comment","target":["https:\/\/hotelpalmeral.com\/gran-premio-de-turismo-activo-en-benidorm-raid-multiaventura\/#respond"]}]},{"@type":"WebPage","@id":"https:\/\/hotelpalmeral.com\/gran-premio-de-turismo-activo-en-benidorm-raid-multiaventura\/","url":"https:\/\/hotelpalmeral.com\/gran-premio-de-turismo-activo-en-benidorm-raid-multiaventura\/","name":"Gran premio de turismo activo en Benidorm: Raid Multiaventura - Hotel El Palmeral","isPartOf":{"@id":"https:\/\/hotelpalmeral.com\/#website"},"datePublished":"2010-03-25T13:58:00+00:00","breadcrumb":{"@id":"https:\/\/hotelpalmeral.com\/gran-premio-de-turismo-activo-en-benidorm-raid-multiaventura\/#breadcrumb"},"inLanguage":"de","potentialAction":[{"@type":"ReadAction","target":["https:\/\/hotelpalmeral.com\/gran-premio-de-turismo-activo-en-benidorm-raid-multiaventura\/"]}]},{"@type":"BreadcrumbList","@id":"https:\/\/hotelpalmeral.com\/gran-premio-de-turismo-activo-en-benidorm-raid-multiaventura\/#breadcrumb","itemListElement":[{"@type":"ListItem","position":1,"name":"Portada","item":"https:\/\/hotelpalmeral.com\/"},{"@type":"ListItem","position":2,"name":"Gran premio de turismo activo en Benidorm: Raid Multiaventura"}]},{"@type":"WebSite","@id":"https:\/\/hotelpalmeral.com\/#website","url":"https:\/\/hotelpalmeral.com\/","name":"Hotel El Palmeral","description":"Hotel en Benidorm","publisher":{"@id":"https:\/\/hotelpalmeral.com\/#organization"},"potentialAction":[{"@type":"SearchAction","target":{"@type":"EntryPoint","urlTemplate":"https:\/\/hotelpalmeral.com\/?s={search_term_string}"},"query-input":{"@type":"PropertyValueSpecification","valueRequired":true,"valueName":"search_term_string"}}],"inLanguage":"de"},{"@type":"Organization","@id":"https:\/\/hotelpalmeral.com\/#organization","name":"Hotel El Palmeral","url":"https:\/\/hotelpalmeral.com\/","logo":{"@type":"ImageObject","inLanguage":"de","@id":"https:\/\/hotelpalmeral.com\/#\/schema\/logo\/image\/","url":"https:\/\/hotelpalmeral.com\/wp-content\/uploads\/2023\/03\/Logo-footer.png","contentUrl":"https:\/\/hotelpalmeral.com\/wp-content\/uploads\/2023\/03\/Logo-footer.png","width":229,"height":265,"caption":"Hotel El Palmeral"},"image":{"@id":"https:\/\/hotelpalmeral.com\/#\/schema\/logo\/image\/"},"sameAs":["https:\/\/www.facebook.com\/HotelPalmeralBenidorm","https:\/\/x.com\/hotelelpalmeral","https:\/\/www.instagram.com\/hotelpalmeralbenidorm\/"]},{"@type":"Person","@id":"https:\/\/hotelpalmeral.com\/#\/schema\/person\/c8066d1b13fdf1bac6d45a1394738ca6","name":"admin_palmeral","image":{"@type":"ImageObject","inLanguage":"de","@id":"https:\/\/secure.gravatar.com\/avatar\/6b12524dda5bc713fd067188ac2e02862b3e463150f6095efe68cfd0e19d3b11?s=96&d=mm&r=g","url":"https:\/\/secure.gravatar.com\/avatar\/6b12524dda5bc713fd067188ac2e02862b3e463150f6095efe68cfd0e19d3b11?s=96&d=mm&r=g","contentUrl":"https:\/\/secure.gravatar.com\/avatar\/6b12524dda5bc713fd067188ac2e02862b3e463150f6095efe68cfd0e19d3b11?s=96&d=mm&r=g","caption":"admin_palmeral"},"sameAs":["http:\/\/hotelpalmeral.com"],"url":"https:\/\/hotelpalmeral.com\/de\/author\/admin_palmeral\/"}]}},"_links":{"self":[{"href":"https:\/\/hotelpalmeral.com\/de\/wp-json\/wp\/v2\/posts\/1076","targetHints":{"allow":["GET"]}}],"collection":[{"href":"https:\/\/hotelpalmeral.com\/de\/wp-json\/wp\/v2\/posts"}],"about":[{"href":"https:\/\/hotelpalmeral.com\/de\/wp-json\/wp\/v2\/types\/post"}],"author":[{"embeddable":true,"href":"https:\/\/hotelpalmeral.com\/de\/wp-json\/wp\/v2\/users\/1"}],"replies":[{"embeddable":true,"href":"https:\/\/hotelpalmeral.com\/de\/wp-json\/wp\/v2\/comments?post=1076"}],"version-history":[{"count":0,"href":"https:\/\/hotelpalmeral.com\/de\/wp-json\/wp\/v2\/posts\/1076\/revisions"}],"wp:attachment":[{"href":"https:\/\/hotelpalmeral.com\/de\/wp-json\/wp\/v2\/media?parent=1076"}],"wp:term":[{"taxonomy":"category","embeddable":true,"href":"https:\/\/hotelpalmeral.com\/de\/wp-json\/wp\/v2\/categories?post=1076"},{"taxonomy":"post_tag","embeddable":true,"href":"https:\/\/hotelpalmeral.com\/de\/wp-json\/wp\/v2\/tags?post=1076"}],"curies":[{"name":"wp","href":"https:\/\/api.w.org\/{rel}","templated":true}]}}