{"id":1048,"date":"2010-03-01T17:36:00","date_gmt":"2010-03-01T17:36:00","guid":{"rendered":"http:\/\/blog.hotelpalmeral.com\/?p=981"},"modified":"2010-03-01T17:36:00","modified_gmt":"2010-03-01T17:36:00","slug":"de-compras-por-benidorm-mercadillos","status":"publish","type":"post","link":"http:\/\/hotelpalmeral.com\/fr\/de-compras-por-benidorm-mercadillos\/","title":{"rendered":"De compras por Benidorm: Mercadillos"},"content":{"rendered":"<p>Si eres de los que prefieren ir paseando por los puesto de un mercadillo a las tiendas en Benidorm y sus alrededores tienes mucho donde elegir.<br \/>\u00a0\u00a0\u00a0\u00a0\u00a0\u00a0\u00a0 -Todos los mi\u00e9rcoles: Mercadillo en el polideportivo municipal (zona de la estaci\u00f3n de tren).<br \/>\u00a0\u00a0\u00a0\u00a0\u00a0\u00a0\u00a0 -Todos los mi\u00e9rcoles y domingos: Mercadillo al lado del Hotel Pueblo.<br \/>\u00a0\u00a0\u00a0\u00a0\u00a0\u00a0\u00a0 -Todos los s\u00e1bados y lso domingos: Mercadillo \u00abel Cisne\u00bb en la N-332 Km124 entre Benidorm\u00a0\u00a0 y\u00a0\u00a0\u00a0\u00a0\u00a0\u00a0\u00a0\u00a0Alfaz del Pi. Este mercadillo se dedica a la venta de antig\u00fcedades.<br \/>Si estos d\u00edas no coinciden con tu estancia en Benidorm, no te preocupes tambi\u00e9n tienes otros sin alejarte demasiado y con horario de 8 a 13:30 h aprox:<br \/>\u00a0\u00a0\u00a0\u00a0\u00a0\u00a0\u00a0\u00a0 -Todos los martes hay uno en Altea.<br \/>\u00a0\u00a0\u00a0\u00a0\u00a0\u00a0\u00a0\u00a0 -Todos los jueves mercadillo en la Vila Joyosa.<br \/>\u00a0\u00a0\u00a0\u00a0\u00a0\u00a0\u00a0\u00a0\u00a0-Todos los viernes mercadillo en Alfaz del Pi.<br \/>\u00a0\u00a0\u00a0\u00a0\u00a0\u00a0\u00a0\u00a0\u00a0-Todos los s\u00e1bados mercadillo en Alicante.<\/p>\n<p>AVISO: Aunque Benidorm es uan ciudad muy segura, en los mercadillos de todas las ciudades hay que tener cuidado con los carteristas por lo que pueda pasar!<\/p>\n<p>Un saludo<br \/>Hotel el Palmeral<br \/>Su <a href=\"http:\/\/hotelpalmeral.com\/fr\/\">Hotel en la Cala de Benidorm<\/a><\/p>","protected":false},"excerpt":{"rendered":"<p>Si eres de los que prefieren ir paseando por los puesto de un mercadillo a las tiendas en Benidorm y sus alrededores tienes mucho donde elegir.\u00a0\u00a0\u00a0\u00a0\u00a0\u00a0\u00a0 -Todos los mi\u00e9rcoles: Mercadillo en el polideportivo municipal (zona de la estaci\u00f3n de tren).\u00a0\u00a0\u00a0\u00a0\u00a0\u00a0\u00a0 -Todos los mi\u00e9rcoles y domingos: Mercadillo al lado del Hotel Pueblo.\u00a0\u00a0\u00a0\u00a0\u00a0\u00a0\u00a0 -Todos los s\u00e1bados y [&hellip;]<\/p>\n","protected":false},"author":1,"featured_media":0,"comment_status":"open","ping_status":"open","sticky":false,"template":"","format":"standard","meta":{"inline_featured_image":false,"footnotes":""},"categories":[13],"tags":[],"class_list":["post-1048","post","type-post","status-publish","format-standard","hentry","category-compras-por-benidorm"],"yoast_head":"<!-- This site is optimized with the Yoast SEO plugin v27.4 - https:\/\/yoast.com\/product\/yoast-seo-wordpress\/ -->\r\n<title>De compras por Benidorm: Mercadillos - Hotel El Palmeral<\/title>\r\n<meta name=\"robots\" content=\"index, follow, max-snippet:-1, max-image-preview:large, max-video-preview:-1\" \/>\r\n<link rel=\"canonical\" href=\"https:\/\/hotelpalmeral.com\/fr\/de-compras-por-benidorm-mercadillos\/\" \/>\r\n<meta property=\"og:locale\" content=\"fr_FR\" \/>\r\n<meta property=\"og:type\" content=\"article\" \/>\r\n<meta property=\"og:title\" content=\"De compras por Benidorm: Mercadillos - Hotel El Palmeral\" \/>\r\n<meta property=\"og:description\" content=\"Si eres de los que prefieren ir paseando por los puesto de un mercadillo a las tiendas en Benidorm y sus alrededores tienes mucho donde elegir.\u00a0\u00a0\u00a0\u00a0\u00a0\u00a0\u00a0 -Todos los mi\u00e9rcoles: Mercadillo en el polideportivo municipal (zona de la estaci\u00f3n de tren).\u00a0\u00a0\u00a0\u00a0\u00a0\u00a0\u00a0 -Todos los mi\u00e9rcoles y domingos: Mercadillo al lado del Hotel Pueblo.\u00a0\u00a0\u00a0\u00a0\u00a0\u00a0\u00a0 -Todos los s\u00e1bados y [&hellip;]\" \/>\r\n<meta property=\"og:url\" content=\"https:\/\/hotelpalmeral.com\/fr\/de-compras-por-benidorm-mercadillos\/\" \/>\r\n<meta property=\"og:site_name\" content=\"Hotel El Palmeral\" \/>\r\n<meta property=\"article:publisher\" content=\"https:\/\/www.facebook.com\/HotelPalmeralBenidorm\" \/>\r\n<meta property=\"article:published_time\" content=\"2010-03-01T17:36:00+00:00\" \/>\r\n<meta name=\"author\" content=\"admin_palmeral\" \/>\r\n<meta name=\"twitter:card\" content=\"summary_large_image\" \/>\r\n<meta name=\"twitter:creator\" content=\"@hotelelpalmeral\" \/>\r\n<meta name=\"twitter:site\" content=\"@hotelelpalmeral\" \/>\r\n<meta name=\"twitter:label1\" content=\"\u00c9crit par\" \/>\n\t<meta name=\"twitter:data1\" content=\"admin_palmeral\" \/>\n\t<meta name=\"twitter:label2\" content=\"Dur\u00e9e de lecture estim\u00e9e\" \/>\n\t<meta name=\"twitter:data2\" content=\"1 minute\" \/>\r\n<script type=\"application\/ld+json\" class=\"yoast-schema-graph\">{\"@context\":\"https:\\\/\\\/schema.org\",\"@graph\":[{\"@type\":\"Article\",\"@id\":\"https:\\\/\\\/hotelpalmeral.com\\\/de-compras-por-benidorm-mercadillos\\\/#article\",\"isPartOf\":{\"@id\":\"https:\\\/\\\/hotelpalmeral.com\\\/de-compras-por-benidorm-mercadillos\\\/\"},\"author\":{\"name\":\"admin_palmeral\",\"@id\":\"https:\\\/\\\/hotelpalmeral.com\\\/#\\\/schema\\\/person\\\/c8066d1b13fdf1bac6d45a1394738ca6\"},\"headline\":\"De compras por Benidorm: Mercadillos\",\"datePublished\":\"2010-03-01T17:36:00+00:00\",\"mainEntityOfPage\":{\"@id\":\"https:\\\/\\\/hotelpalmeral.com\\\/de-compras-por-benidorm-mercadillos\\\/\"},\"wordCount\":184,\"commentCount\":0,\"publisher\":{\"@id\":\"https:\\\/\\\/hotelpalmeral.com\\\/#organization\"},\"articleSection\":[\"Compras por Benidorm\"],\"inLanguage\":\"fr-FR\",\"potentialAction\":[{\"@type\":\"CommentAction\",\"name\":\"Comment\",\"target\":[\"https:\\\/\\\/hotelpalmeral.com\\\/de-compras-por-benidorm-mercadillos\\\/#respond\"]}]},{\"@type\":\"WebPage\",\"@id\":\"https:\\\/\\\/hotelpalmeral.com\\\/de-compras-por-benidorm-mercadillos\\\/\",\"url\":\"https:\\\/\\\/hotelpalmeral.com\\\/de-compras-por-benidorm-mercadillos\\\/\",\"name\":\"De compras por Benidorm: Mercadillos - Hotel El Palmeral\",\"isPartOf\":{\"@id\":\"https:\\\/\\\/hotelpalmeral.com\\\/#website\"},\"datePublished\":\"2010-03-01T17:36:00+00:00\",\"breadcrumb\":{\"@id\":\"https:\\\/\\\/hotelpalmeral.com\\\/de-compras-por-benidorm-mercadillos\\\/#breadcrumb\"},\"inLanguage\":\"fr-FR\",\"potentialAction\":[{\"@type\":\"ReadAction\",\"target\":[\"https:\\\/\\\/hotelpalmeral.com\\\/de-compras-por-benidorm-mercadillos\\\/\"]}]},{\"@type\":\"BreadcrumbList\",\"@id\":\"https:\\\/\\\/hotelpalmeral.com\\\/de-compras-por-benidorm-mercadillos\\\/#breadcrumb\",\"itemListElement\":[{\"@type\":\"ListItem\",\"position\":1,\"name\":\"Portada\",\"item\":\"https:\\\/\\\/hotelpalmeral.com\\\/\"},{\"@type\":\"ListItem\",\"position\":2,\"name\":\"De compras por Benidorm: Mercadillos\"}]},{\"@type\":\"WebSite\",\"@id\":\"https:\\\/\\\/hotelpalmeral.com\\\/#website\",\"url\":\"https:\\\/\\\/hotelpalmeral.com\\\/\",\"name\":\"Hotel El Palmeral\",\"description\":\"Hotel en Benidorm\",\"publisher\":{\"@id\":\"https:\\\/\\\/hotelpalmeral.com\\\/#organization\"},\"potentialAction\":[{\"@type\":\"SearchAction\",\"target\":{\"@type\":\"EntryPoint\",\"urlTemplate\":\"https:\\\/\\\/hotelpalmeral.com\\\/?s={search_term_string}\"},\"query-input\":{\"@type\":\"PropertyValueSpecification\",\"valueRequired\":true,\"valueName\":\"search_term_string\"}}],\"inLanguage\":\"fr-FR\"},{\"@type\":\"Organization\",\"@id\":\"https:\\\/\\\/hotelpalmeral.com\\\/#organization\",\"name\":\"Hotel El Palmeral\",\"url\":\"https:\\\/\\\/hotelpalmeral.com\\\/\",\"logo\":{\"@type\":\"ImageObject\",\"inLanguage\":\"fr-FR\",\"@id\":\"https:\\\/\\\/hotelpalmeral.com\\\/#\\\/schema\\\/logo\\\/image\\\/\",\"url\":\"https:\\\/\\\/hotelpalmeral.com\\\/wp-content\\\/uploads\\\/2023\\\/03\\\/Logo-footer.png\",\"contentUrl\":\"https:\\\/\\\/hotelpalmeral.com\\\/wp-content\\\/uploads\\\/2023\\\/03\\\/Logo-footer.png\",\"width\":229,\"height\":265,\"caption\":\"Hotel El Palmeral\"},\"image\":{\"@id\":\"https:\\\/\\\/hotelpalmeral.com\\\/#\\\/schema\\\/logo\\\/image\\\/\"},\"sameAs\":[\"https:\\\/\\\/www.facebook.com\\\/HotelPalmeralBenidorm\",\"https:\\\/\\\/x.com\\\/hotelelpalmeral\",\"https:\\\/\\\/www.instagram.com\\\/hotelpalmeralbenidorm\\\/\"]},{\"@type\":\"Person\",\"@id\":\"https:\\\/\\\/hotelpalmeral.com\\\/#\\\/schema\\\/person\\\/c8066d1b13fdf1bac6d45a1394738ca6\",\"name\":\"admin_palmeral\",\"image\":{\"@type\":\"ImageObject\",\"inLanguage\":\"fr-FR\",\"@id\":\"https:\\\/\\\/secure.gravatar.com\\\/avatar\\\/6b12524dda5bc713fd067188ac2e02862b3e463150f6095efe68cfd0e19d3b11?s=96&d=mm&r=g\",\"url\":\"https:\\\/\\\/secure.gravatar.com\\\/avatar\\\/6b12524dda5bc713fd067188ac2e02862b3e463150f6095efe68cfd0e19d3b11?s=96&d=mm&r=g\",\"contentUrl\":\"https:\\\/\\\/secure.gravatar.com\\\/avatar\\\/6b12524dda5bc713fd067188ac2e02862b3e463150f6095efe68cfd0e19d3b11?s=96&d=mm&r=g\",\"caption\":\"admin_palmeral\"},\"sameAs\":[\"http:\\\/\\\/hotelpalmeral.com\"],\"url\":\"http:\\\/\\\/hotelpalmeral.com\\\/fr\\\/author\\\/admin_palmeral\\\/\"}]}<\/script>\r\n<!-- \/ Yoast SEO plugin. -->","yoast_head_json":{"title":"De compras por Benidorm: Mercadillos - Hotel El Palmeral","robots":{"index":"index","follow":"follow","max-snippet":"max-snippet:-1","max-image-preview":"max-image-preview:large","max-video-preview":"max-video-preview:-1"},"canonical":"https:\/\/hotelpalmeral.com\/fr\/de-compras-por-benidorm-mercadillos\/","og_locale":"fr_FR","og_type":"article","og_title":"De compras por Benidorm: Mercadillos - Hotel El Palmeral","og_description":"Si eres de los que prefieren ir paseando por los puesto de un mercadillo a las tiendas en Benidorm y sus alrededores tienes mucho donde elegir.\u00a0\u00a0\u00a0\u00a0\u00a0\u00a0\u00a0 -Todos los mi\u00e9rcoles: Mercadillo en el polideportivo municipal (zona de la estaci\u00f3n de tren).\u00a0\u00a0\u00a0\u00a0\u00a0\u00a0\u00a0 -Todos los mi\u00e9rcoles y domingos: Mercadillo al lado del Hotel Pueblo.\u00a0\u00a0\u00a0\u00a0\u00a0\u00a0\u00a0 -Todos los s\u00e1bados y [&hellip;]","og_url":"https:\/\/hotelpalmeral.com\/fr\/de-compras-por-benidorm-mercadillos\/","og_site_name":"Hotel El Palmeral","article_publisher":"https:\/\/www.facebook.com\/HotelPalmeralBenidorm","article_published_time":"2010-03-01T17:36:00+00:00","author":"admin_palmeral","twitter_card":"summary_large_image","twitter_creator":"@hotelelpalmeral","twitter_site":"@hotelelpalmeral","twitter_misc":{"\u00c9crit par":"admin_palmeral","Dur\u00e9e de lecture estim\u00e9e":"1 minute"},"schema":{"@context":"https:\/\/schema.org","@graph":[{"@type":"Article","@id":"https:\/\/hotelpalmeral.com\/de-compras-por-benidorm-mercadillos\/#article","isPartOf":{"@id":"https:\/\/hotelpalmeral.com\/de-compras-por-benidorm-mercadillos\/"},"author":{"name":"admin_palmeral","@id":"https:\/\/hotelpalmeral.com\/#\/schema\/person\/c8066d1b13fdf1bac6d45a1394738ca6"},"headline":"De compras por Benidorm: Mercadillos","datePublished":"2010-03-01T17:36:00+00:00","mainEntityOfPage":{"@id":"https:\/\/hotelpalmeral.com\/de-compras-por-benidorm-mercadillos\/"},"wordCount":184,"commentCount":0,"publisher":{"@id":"https:\/\/hotelpalmeral.com\/#organization"},"articleSection":["Compras por Benidorm"],"inLanguage":"fr-FR","potentialAction":[{"@type":"CommentAction","name":"Comment","target":["https:\/\/hotelpalmeral.com\/de-compras-por-benidorm-mercadillos\/#respond"]}]},{"@type":"WebPage","@id":"https:\/\/hotelpalmeral.com\/de-compras-por-benidorm-mercadillos\/","url":"https:\/\/hotelpalmeral.com\/de-compras-por-benidorm-mercadillos\/","name":"De compras por Benidorm: Mercadillos - Hotel El Palmeral","isPartOf":{"@id":"https:\/\/hotelpalmeral.com\/#website"},"datePublished":"2010-03-01T17:36:00+00:00","breadcrumb":{"@id":"https:\/\/hotelpalmeral.com\/de-compras-por-benidorm-mercadillos\/#breadcrumb"},"inLanguage":"fr-FR","potentialAction":[{"@type":"ReadAction","target":["https:\/\/hotelpalmeral.com\/de-compras-por-benidorm-mercadillos\/"]}]},{"@type":"BreadcrumbList","@id":"https:\/\/hotelpalmeral.com\/de-compras-por-benidorm-mercadillos\/#breadcrumb","itemListElement":[{"@type":"ListItem","position":1,"name":"Portada","item":"https:\/\/hotelpalmeral.com\/"},{"@type":"ListItem","position":2,"name":"De compras por Benidorm: Mercadillos"}]},{"@type":"WebSite","@id":"https:\/\/hotelpalmeral.com\/#website","url":"https:\/\/hotelpalmeral.com\/","name":"Hotel El Palmeral","description":"Hotel en Benidorm","publisher":{"@id":"https:\/\/hotelpalmeral.com\/#organization"},"potentialAction":[{"@type":"SearchAction","target":{"@type":"EntryPoint","urlTemplate":"https:\/\/hotelpalmeral.com\/?s={search_term_string}"},"query-input":{"@type":"PropertyValueSpecification","valueRequired":true,"valueName":"search_term_string"}}],"inLanguage":"fr-FR"},{"@type":"Organization","@id":"https:\/\/hotelpalmeral.com\/#organization","name":"Hotel El Palmeral","url":"https:\/\/hotelpalmeral.com\/","logo":{"@type":"ImageObject","inLanguage":"fr-FR","@id":"https:\/\/hotelpalmeral.com\/#\/schema\/logo\/image\/","url":"https:\/\/hotelpalmeral.com\/wp-content\/uploads\/2023\/03\/Logo-footer.png","contentUrl":"https:\/\/hotelpalmeral.com\/wp-content\/uploads\/2023\/03\/Logo-footer.png","width":229,"height":265,"caption":"Hotel El Palmeral"},"image":{"@id":"https:\/\/hotelpalmeral.com\/#\/schema\/logo\/image\/"},"sameAs":["https:\/\/www.facebook.com\/HotelPalmeralBenidorm","https:\/\/x.com\/hotelelpalmeral","https:\/\/www.instagram.com\/hotelpalmeralbenidorm\/"]},{"@type":"Person","@id":"https:\/\/hotelpalmeral.com\/#\/schema\/person\/c8066d1b13fdf1bac6d45a1394738ca6","name":"admin_palmeral","image":{"@type":"ImageObject","inLanguage":"fr-FR","@id":"https:\/\/secure.gravatar.com\/avatar\/6b12524dda5bc713fd067188ac2e02862b3e463150f6095efe68cfd0e19d3b11?s=96&d=mm&r=g","url":"https:\/\/secure.gravatar.com\/avatar\/6b12524dda5bc713fd067188ac2e02862b3e463150f6095efe68cfd0e19d3b11?s=96&d=mm&r=g","contentUrl":"https:\/\/secure.gravatar.com\/avatar\/6b12524dda5bc713fd067188ac2e02862b3e463150f6095efe68cfd0e19d3b11?s=96&d=mm&r=g","caption":"admin_palmeral"},"sameAs":["http:\/\/hotelpalmeral.com"],"url":"http:\/\/hotelpalmeral.com\/fr\/author\/admin_palmeral\/"}]}},"_links":{"self":[{"href":"http:\/\/hotelpalmeral.com\/fr\/wp-json\/wp\/v2\/posts\/1048","targetHints":{"allow":["GET"]}}],"collection":[{"href":"http:\/\/hotelpalmeral.com\/fr\/wp-json\/wp\/v2\/posts"}],"about":[{"href":"http:\/\/hotelpalmeral.com\/fr\/wp-json\/wp\/v2\/types\/post"}],"author":[{"embeddable":true,"href":"http:\/\/hotelpalmeral.com\/fr\/wp-json\/wp\/v2\/users\/1"}],"replies":[{"embeddable":true,"href":"http:\/\/hotelpalmeral.com\/fr\/wp-json\/wp\/v2\/comments?post=1048"}],"version-history":[{"count":0,"href":"http:\/\/hotelpalmeral.com\/fr\/wp-json\/wp\/v2\/posts\/1048\/revisions"}],"wp:attachment":[{"href":"http:\/\/hotelpalmeral.com\/fr\/wp-json\/wp\/v2\/media?parent=1048"}],"wp:term":[{"taxonomy":"category","embeddable":true,"href":"http:\/\/hotelpalmeral.com\/fr\/wp-json\/wp\/v2\/categories?post=1048"},{"taxonomy":"post_tag","embeddable":true,"href":"http:\/\/hotelpalmeral.com\/fr\/wp-json\/wp\/v2\/tags?post=1048"}],"curies":[{"name":"wp","href":"https:\/\/api.w.org\/{rel}","templated":true}]}}